{"id":49,"date":"2012-11-12T18:01:10","date_gmt":"2012-11-12T18:01:10","guid":{"rendered":"http:\/\/blogs.lasprovincias.es\/masvidaquearte\/?p=49"},"modified":"2019-11-13T15:42:09","modified_gmt":"2019-11-13T15:42:09","slug":"el-profesor-danzante","status":"publish","type":"post","link":"https:\/\/blogs.lasprovincias.es\/masvidaquearte\/2012\/11\/12\/el-profesor-danzante\/","title":{"rendered":"El profesor danzante"},"content":{"rendered":"<p>Despu\u00e9s de llevar una larga temporada sin encontrar un solo gui\u00f3n cinematogr\u00e1fico con la calidad que merecer\u00eda mi atenci\u00f3n, me he topado con una obra maestra. Tantos a\u00f1os vilipendiando y maltratando al profesorado desde las organizaciones gubernamentales (al no darles apoyo como figura de autoridad ni conferirles el respeto por su responsabilidad en la sociedad) y tantos a\u00f1os machacando al alumnado y argumentando que son Sat\u00e1n en persona y que habr\u00eda que encadenarles a la pata de la mesa, la pel\u00edcula canadiense <strong>Profesor Lazhar <\/strong>ha vuelto a otorgarme la esperanza en la raza humana (docente o no).<\/p>\n<p><!--more--><\/p>\n<p>Con un principio ideol\u00f3gico, de entrada muy fuerte, como es la muerte de una profesora (prometo no hacer muchos spoilers) el argumento gira en torno a unos chicos y chicas de 11 y 12 a\u00f1os de un colegio de Montreal. \u00c9stos tienen que vivir un duelo, mientras aceptan a un nuevo profesor de origen argelino, llamado Bashir Lazhar, cuya historia personal est\u00e1 te\u00f1ida de dolor y de v\u00edctimas.<\/p>\n<p>As\u00ed, de golpe, parece un gui\u00f3n de los de \u201cvoy a pegarme un tiro cuando termine\u201d o \u201cmenudo drama para despu\u00e9s de comer\u201d pero arroja una luz inaudita en estos tiempos sobre solidaridad y buenas maneras, tanto entre culturas como entre generaciones tan dispares como son las del alumnado y el profesor. Con una delicadeza m\u00e1s propia de una \u00e9poca anterior, el actor <strong>Mohamed Fellag<\/strong>, parece danzar entre sus pupilos y pupilas apenas rozando los pupitres y con unos movimientos suaves y ligeros. El tono de voz firme y pausado al mismo tiempo, su sentido com\u00fan -hoy en d\u00eda, el menos com\u00fan de los sentidos-, su apoyo incondicional a sus chicos y chicas ante la tragedia y su desesperaci\u00f3n por pertenecer a una comunidad tan distinta, en principio, de la suya hilan una historia que merece la pena ver y reflexionar. No tiene grandes artificios en los di\u00e1logos ni tomas de c\u00e1mara complicados, pero, hay que estar atento y atenta a aquello que dicen y argumentan todos los personajes que van apareciendo a lo largo de la trama porque tiene una carga de significado apabullante. Aportan su calidad humana sin reservas, con la que aparecen frente a la c\u00e1mara, tan acostumbrada y cansada \u00faltimamente a interpretaciones sosas que intentan reproducir la humanidad de las personas reales. El trabajo realizado por los ni\u00f1os y ni\u00f1as actores, adem\u00e1s del resto del elenco, es sublime por su aparente simplicidad, dulzura y fuerza.<\/p>\n<p>La narraci\u00f3n del d\u00eda a d\u00eda en una clase, sus di\u00e1logos cruzados, su sencillez en la puesta a punto de cada escena, es brillante. Y queda la sensaci\u00f3n de que estamos mirando a trav\u00e9s de una gran cerradura la realidad del mundo, acompa\u00f1ando silenciosamente la rutina de sus vidas, tan delicada y respetuosa.<\/p>\n<p>Y, al volver a visionarla, me doy cuenta de que la teor\u00eda de que todas las artes est\u00e1n conectadas es cierta. La fusi\u00f3n entre literatura, por sus palabras con tanta carga emotiva contenida; arte, por sus pinceladas de color, luz y forma; y danza, por los movimientos del profesor, bailando suavemente mientras escucha a lo lejos una m\u00fasica que, con su ritmo sentido en las tripas, le recuerda a las canciones populares de Argel, me impresiona porque es un retazo de vida a trav\u00e9s de todas las manifestaciones art\u00edsticas que las personas somos capaces de crear. Todas, de un modo u otro, hacemos arte en nuestras vidas, como ese profesor, pero no nos damos cuenta hasta que alguien se detiene a observarnos con la mente abierta de par en par.<\/p>\n<p>Os dejo el trailer para que ve\u00e1is de qu\u00e9 os hablo:<\/p>\n<p><iframe loading=\"lazy\" src=\"\/\/www.youtube.com\/embed\/W6MHmMSenIM\" frameborder=\"0\" width=\"560\" height=\"315\"><\/iframe><\/p>\n<!-- AddThis Advanced Settings generic via filter on the_content --><!-- AddThis Share Buttons generic via filter on the_content -->","protected":false},"excerpt":{"rendered":"<p>Despu\u00e9s de llevar una larga temporada sin encontrar un solo gui\u00f3n cinematogr\u00e1fico con la calidad que merecer\u00eda mi atenci\u00f3n, me he topado con una obra maestra. Tantos a\u00f1os vilipendiando y maltratando al profesorado desde las organizaciones gubernamentales (al no darles apoyo como figura de autoridad ni conferirles el respeto por su responsabilidad en la sociedad) [&hellip;]<!-- AddThis Advanced Settings generic via filter on get_the_excerpt --><!-- AddThis Share Buttons generic via filter on get_the_excerpt --><\/p>\n","protected":false},"author":34,"featured_media":0,"comment_status":"open","ping_status":"closed","sticky":false,"template":"","format":"standard","meta":[],"categories":[1],"tags":[],"_links":{"self":[{"href":"https:\/\/blogs.lasprovincias.es\/masvidaquearte\/wp-json\/wp\/v2\/posts\/49"}],"collection":[{"href":"https:\/\/blogs.lasprovincias.es\/masvidaquearte\/wp-json\/wp\/v2\/posts"}],"about":[{"href":"https:\/\/blogs.lasprovincias.es\/masvidaquearte\/wp-json\/wp\/v2\/types\/post"}],"author":[{"embeddable":true,"href":"https:\/\/blogs.lasprovincias.es\/masvidaquearte\/wp-json\/wp\/v2\/users\/34"}],"replies":[{"embeddable":true,"href":"https:\/\/blogs.lasprovincias.es\/masvidaquearte\/wp-json\/wp\/v2\/comments?post=49"}],"version-history":[{"count":1,"href":"https:\/\/blogs.lasprovincias.es\/masvidaquearte\/wp-json\/wp\/v2\/posts\/49\/revisions"}],"predecessor-version":[{"id":176,"href":"https:\/\/blogs.lasprovincias.es\/masvidaquearte\/wp-json\/wp\/v2\/posts\/49\/revisions\/176"}],"wp:attachment":[{"href":"https:\/\/blogs.lasprovincias.es\/masvidaquearte\/wp-json\/wp\/v2\/media?parent=49"}],"wp:term":[{"taxonomy":"category","embeddable":true,"href":"https:\/\/blogs.lasprovincias.es\/masvidaquearte\/wp-json\/wp\/v2\/categories?post=49"},{"taxonomy":"post_tag","embeddable":true,"href":"https:\/\/blogs.lasprovincias.es\/masvidaquearte\/wp-json\/wp\/v2\/tags?post=49"}],"curies":[{"name":"wp","href":"https:\/\/api.w.org\/{rel}","templated":true}]}}