{"id":53,"date":"2012-11-26T17:38:07","date_gmt":"2012-11-26T17:38:07","guid":{"rendered":"http:\/\/blogs.lasprovincias.es\/masvidaquearte\/?p=53"},"modified":"2019-11-13T15:41:13","modified_gmt":"2019-11-13T15:41:13","slug":"estamos-suspendids","status":"publish","type":"post","link":"https:\/\/blogs.lasprovincias.es\/masvidaquearte\/2012\/11\/26\/estamos-suspendids\/","title":{"rendered":"\u00bfEstamos suspendid@s?"},"content":{"rendered":"<p>Cuando empec\u00e9 este blog, lo hice porque segu\u00eda teniendo fe en que las personas, fuera cual fuera su condici\u00f3n intelectual -que proyectaran o no en su aspecto o profesi\u00f3n- fuesen capaces de conectar con el arte. Por eso, voy a contaros una historia.<\/p>\n<p>El Espai d\u2019art contemporani de Castell\u00f3 ha presentado la exposici\u00f3n colectiva <em>En suspensi\u00f3n<\/em>, donde se muestran diversos trabajos recientes de tres artistas latinoamericanos &#8211;<strong>Alexander Ap\u00f3stol, Cinthia Marcelle <\/strong>y<strong> H\u00e9ctor Zamora<\/strong>&#8211; que reflexionan sobre el concepto de arquitectura actual, el desarrollo urban\u00edstico y los procesos constructivos que quedan interrumpidos.<\/p>\n<p><!--more--><\/p>\n<p>Los trabajos de estos tres artistas muestran una alteraci\u00f3n de los materiales de construcci\u00f3n, que han tomado la iniciativa de reocupar solares y documentan adem\u00e1s edificios en desuso. Sus obras se\u00f1alan un urbanismo que pas\u00f3 de estar en construcci\u00f3n a estar \u00aben suspensi\u00f3n\u00bb, y que muestra los signos del estado de crisis en el que vivimos en la actualidad.<\/p>\n<p>La exposici\u00f3n incluye, entre otras obras, la serie de fotograf\u00edas <em>Skeleton Coast <\/em>(2005) tomadas por Alexander Ap\u00f3stol en la Isla de Margarita, cuya costa aparece sembrada de edificios hoteleros y residenciales que nunca se acabaron de construir. Viendo estas im\u00e1genes, da la sensaci\u00f3n de visionar una monstruosidad de cemento que deja al descubierto la forma que tenemos de alterar el entorno de una manera tan impune. Esta exposici\u00f3n consta de esculturas, fotograf\u00edas y v\u00eddeos realizados recientemente que realiza una cr\u00edtica desnuda sobre el crecimiento econ\u00f3mico y su efecto sobre el desarrollo urban\u00edstico y natural.<\/p>\n<p><a href=\"\/masvidaquearte\/wp-content\/uploads\/sites\/26\/2012\/11\/SKELETONCOAST1.jpg\"><img loading=\"lazy\" class=\"aligncenter size-full wp-image-54\" title=\"SKELETONCOAST[1]\" src=\"\/masvidaquearte\/wp-content\/uploads\/sites\/26\/2012\/11\/SKELETONCOAST1.jpg\" alt=\"\" width=\"450\" height=\"196\" srcset=\"https:\/\/static-blogs.lasprovincias.es\/wp-content\/uploads\/sites\/26\/2012\/11\/SKELETONCOAST1.jpg 450w, https:\/\/static-blogs.lasprovincias.es\/wp-content\/uploads\/sites\/26\/2012\/11\/SKELETONCOAST1-300x131.jpg 300w\" sizes=\"(max-width: 450px) 100vw, 450px\" \/><\/a><\/p>\n<p>El motivo de que EACC haya elegido este tipo de exposici\u00f3n precisamente en Castell\u00f3n es simplemente para forzarnos a hacernos preguntas sobre si las pol\u00edticas urban\u00edsticas sin escr\u00fapulos -que han hecho explotar la llamada \u201cburbuja inmobiliaria\u201d en Espa\u00f1a- son realmente fases de crecimiento y deceleraci\u00f3n de la econom\u00eda de forma natural o estos cambios c\u00edclicos son consecuencia directa de nuestros errores.<\/p>\n<p>La exposici\u00f3n re\u00fane piezas interesantes, sobre todo el formato v\u00eddeo y fotograf\u00eda. Personalmente, las esculturas -obra del trabajo el artista H\u00e9ctor Zamora- no me aportaron nada. Ese es un punto que hay que tener en cuenta a la hora de entrar en un museo: no todo te va a gustar, ni pretendas que todo intente comunicarse contigo. Porque, con sentido com\u00fan, ni siquiera vas a congeniar con todas las personas que conozcas en tu vida. El arte funciona siempre de manera relacional, es decir, como cuando conoces a alguien que te resulta interesante o no. E incluso te puede llegar a sorprender la conexi\u00f3n que puede hacer el arte contigo y una tercera persona.<\/p>\n<p>Y ah\u00ed voy con la historia. Paseando por el museo, obviamente sin la compa\u00f1\u00eda de ning\u00fan o ninguna gu\u00eda did\u00e1ctica que me indicase mucho m\u00e1s de lo que te dicen mis querid\u00edsimas cartelas pegadas al lado de cada obra, el arte me conect\u00f3 con otro. Con alguien con quien jam\u00e1s pensaba conectar\u00eda nunca: el vigilante del museo. Mientras estaba visionando un video, se me acerc\u00f3 y empez\u00f3 a explicarme el significado de los movimientos de los personajes, de su intenci\u00f3n, e incluso de la curiosa formaci\u00f3n de colores que hac\u00edan con sus trajes e instrumentos. Fue una charla entretenida, que continu\u00f3 con otras obras y que me dej\u00f3 gratamente sorprendida. Sobre todo, porque al entrar en museo y ver un par de obras que me parecieron un fiasco absoluto, mir\u00e9 hacia uno de los guardias de seguridad y pens\u00e9 lo hartos que estar\u00edan de estas tontadas contempor\u00e1neas que a veces nos intentan vender. Mi fe en las personas volvi\u00f3 a crecer, al igual que mi creencia en que la profesi\u00f3n que ejerces diariamente no es la que te limita o la que te define, porque las inquietudes intelectuales pueden surgir en cualquiera. Al menos, en cualquiera que quiera prestarle atenci\u00f3n.<\/p>\n<p>Ese hombre deb\u00eda estar all\u00ed por su trabajo, pero aprovech\u00f3 lo que le ofrec\u00eda para discernir y entender lo que estaba protegiendo. Una actitud sabia y prudente, que le ha enriquecido y que a m\u00ed me dio la alegr\u00eda del d\u00eda. A pesar de que la forma expositiva de las piezas ten\u00eda carencias educativas y que, como siempre, estabas a merced de las obras sin ning\u00fan tipo de explicaci\u00f3n m\u00e1s profunda, por ahora, al menos, seguimos \u201cen suspensi\u00f3n\u201d, pero sin estar suspendid@s a\u00fan en materia expositiva. Ha sucedido un peque\u00f1o milagro. Ya se sabe, en los sitios m\u00e1s inh\u00f3spitos, puede encontrase VIDA. \u00a1Incluso en los museos!<\/p>\n<!-- AddThis Advanced Settings generic via filter on the_content --><!-- AddThis Share Buttons generic via filter on the_content -->","protected":false},"excerpt":{"rendered":"<p>Cuando empec\u00e9 este blog, lo hice porque segu\u00eda teniendo fe en que las personas, fuera cual fuera su condici\u00f3n intelectual -que proyectaran o no en su aspecto o profesi\u00f3n- fuesen capaces de conectar con el arte. Por eso, voy a contaros una historia. El Espai d\u2019art contemporani de Castell\u00f3 ha presentado la exposici\u00f3n colectiva En [&hellip;]<!-- AddThis Advanced Settings generic via filter on get_the_excerpt --><!-- AddThis Share Buttons generic via filter on get_the_excerpt --><\/p>\n","protected":false},"author":34,"featured_media":0,"comment_status":"open","ping_status":"closed","sticky":false,"template":"","format":"standard","meta":[],"categories":[1],"tags":[],"_links":{"self":[{"href":"https:\/\/blogs.lasprovincias.es\/masvidaquearte\/wp-json\/wp\/v2\/posts\/53"}],"collection":[{"href":"https:\/\/blogs.lasprovincias.es\/masvidaquearte\/wp-json\/wp\/v2\/posts"}],"about":[{"href":"https:\/\/blogs.lasprovincias.es\/masvidaquearte\/wp-json\/wp\/v2\/types\/post"}],"author":[{"embeddable":true,"href":"https:\/\/blogs.lasprovincias.es\/masvidaquearte\/wp-json\/wp\/v2\/users\/34"}],"replies":[{"embeddable":true,"href":"https:\/\/blogs.lasprovincias.es\/masvidaquearte\/wp-json\/wp\/v2\/comments?post=53"}],"version-history":[{"count":1,"href":"https:\/\/blogs.lasprovincias.es\/masvidaquearte\/wp-json\/wp\/v2\/posts\/53\/revisions"}],"predecessor-version":[{"id":173,"href":"https:\/\/blogs.lasprovincias.es\/masvidaquearte\/wp-json\/wp\/v2\/posts\/53\/revisions\/173"}],"wp:attachment":[{"href":"https:\/\/blogs.lasprovincias.es\/masvidaquearte\/wp-json\/wp\/v2\/media?parent=53"}],"wp:term":[{"taxonomy":"category","embeddable":true,"href":"https:\/\/blogs.lasprovincias.es\/masvidaquearte\/wp-json\/wp\/v2\/categories?post=53"},{"taxonomy":"post_tag","embeddable":true,"href":"https:\/\/blogs.lasprovincias.es\/masvidaquearte\/wp-json\/wp\/v2\/tags?post=53"}],"curies":[{"name":"wp","href":"https:\/\/api.w.org\/{rel}","templated":true}]}}