{"id":77,"date":"2013-02-25T16:46:45","date_gmt":"2013-02-25T16:46:45","guid":{"rendered":"http:\/\/blogs.lasprovincias.es\/masvidaquearte\/?p=77"},"modified":"2019-11-13T15:40:38","modified_gmt":"2019-11-13T15:40:38","slug":"cultura","status":"publish","type":"post","link":"https:\/\/blogs.lasprovincias.es\/masvidaquearte\/2013\/02\/25\/cultura\/","title":{"rendered":"\u00bfCultura?"},"content":{"rendered":"<p>Anonadada me qued\u00e9 cuando me lleg\u00f3 en octubre del a\u00f1o pasado una invitaci\u00f3n de un museo a su nueva exposici\u00f3n, dedicada a la presentaci\u00f3n de los nuevos equipamientos de f\u00fatbol de 2\u00aa y 3\u00aa Divisi\u00f3n de la provincia de Valencia. \u00bfPerd\u00f3n? A ver, s\u00e9 que voy a ganarme enemigos con este comentario: a mi no me gusta para nada el f\u00fatbol pero, \u00bfde verdad los seguidores de este deporte pueden argumentarme positivamente si unos nuevos uniformes pueden conformar una exposici\u00f3n de cultura para un museo? Porque a mi me parece la monda que se utilice un espacio expositivo para esto. El \u00e1rea de cultura de la Diputaci\u00f3n de Valencia (que controla dicho espacio, todo sea dicho, como su feudo particular) debe de haber perdido la br\u00fajula que marca el camino hacia lo que es cultura. Es cierto que para algunos eventos, objetos o tradiciones es dif\u00edcil marcar la l\u00ednea de lo que es cultural de lo que no lo es. Pero creo que en este caso, no estamos en esa situaci\u00f3n de dif\u00edcil valoraci\u00f3n art\u00edstica.<\/p>\n<p><!--more--><\/p>\n<p>Y esto no me indigna porque no sea de mi agrado este deporte por motivos varios. Pero, se\u00f1ores y se\u00f1oras, me gusta el enduro y tampoco creo que sea l\u00edcito colgar la moto del campeon\u00edsimo Iv\u00e1n Cervantes y su equipamiento en las paredes de un museo. Con la cantera sublime que tenemos de j\u00f3venes artistas saliendo de nuestras escuelas y que gastemos el dinero en sinsentidos como este\u2026<\/p>\n<p>Luego saldr\u00e1 por ah\u00ed alg\u00fan moderno localista que me dir\u00e1 que es cultura popular. Popular como los gladiadores en Roma y los sacrificios en la arena\u2026y el entretenimiento al vulgo: pero los romanos, hace ya muchos siglos, ten\u00edan claro lo que era una obra de arte de lo que no. Seguramente en sus palacios no colgaban los trofeos o vestiduras de los luchadores del Coliseo, a pesar de estar muy bien considerados en su sociedad como los jugadores de f\u00fatbol, porque reservaban sus pasillos para los grandes artistas con los que contaban.<\/p>\n<p>&nbsp;<\/p>\n<p><a href=\"\/masvidaquearte\/wp-content\/uploads\/sites\/26\/2013\/02\/Antinous_Mandragone_profil2.jpg\"><img loading=\"lazy\" class=\"aligncenter size-medium wp-image-80\" src=\"\/masvidaquearte\/wp-content\/uploads\/sites\/26\/2013\/02\/Antinous_Mandragone_profil2.jpg\" alt=\"\" width=\"233\" height=\"300\" srcset=\"https:\/\/static-blogs.lasprovincias.es\/wp-content\/uploads\/sites\/26\/2013\/02\/Antinous_Mandragone_profil2.jpg 600w, https:\/\/static-blogs.lasprovincias.es\/wp-content\/uploads\/sites\/26\/2013\/02\/Antinous_Mandragone_profil2-233x300.jpg 233w\" sizes=\"(max-width: 233px) 100vw, 233px\" \/><\/a><\/p>\n<p>No hace falta gastarse mucho dinero en contratar artistas para nuestros museos: pagar una millonada por la exposici\u00f3n de un o una artista es una creencia err\u00f3nea. Del mismo modo que, con esta crisis, hay que echar mano del tendero de abajo o del bar de enfrente para crear vecindad y dar beneficios a los que est\u00e1n m\u00e1s desprotegidos, igualmente se puede hacer con los artistas que tenemos cerca de nosotros y nosotras. Tambi\u00e9n con artistas de renombre, con una calidad en sus trabajos sublime, que est\u00e1n dispuestos a negociar un canon de pr\u00e9stamo por sus obras. Pero hay que atreverse a buscar y a preguntar porque preguntar no es ofender.<\/p>\n<p>Los comisarios y comisarias tambi\u00e9n sabemos apretarnos el cintur\u00f3n. Incluso conozco casos de compa\u00f1eras m\u00edas que no han cobrado un c\u00e9ntimo por el montaje de una exposici\u00f3n pero que se han conformado felizmente con engrosar su curr\u00edculo con exposiciones cultural y socialmente interesantes. Sin embargo, en ciertos sectores como en el \u00e1rea pol\u00edtica, ya veo que trabajar por amor al arte ya no se estila. Y enriquecer un curr\u00edculo tampoco, ya que parece que les basta con plantar cualquier cosa sin llegar a realizarse un planteamiento intelectual. No hace falta tener carrera en Bellas Artes para ostentar un cargo pol\u00edtico que conlleve un manejo del sector cultural de forma decente, s\u00f3lo hace falta ilustrarse un poco y tener capacidad resolutiva para hacer las cosas bien, baratas y buenas, algo que saben hacer muchas personas en el mundo pero que la clase pol\u00edtica parece incapaz de cumplir. Como todo en lo dem\u00e1s que hacemos el vulgo, que asiste a las peleas de gladiadores: tener comida en la mesa con cuatro duros y adem\u00e1s ser creativos para que sea deliciosa y sana. \u00a1Cu\u00e1nto tienen que aprender los pol\u00edticos en gesti\u00f3n de las magn\u00edficas amas de casa! Pero que les cobren, que ya estar\u00e1 bien de montar cultura gratuita hecha por personas que se ganan el pan con ella.<\/p>\n<!-- AddThis Advanced Settings generic via filter on the_content --><!-- AddThis Share Buttons generic via filter on the_content -->","protected":false},"excerpt":{"rendered":"<p>Anonadada me qued\u00e9 cuando me lleg\u00f3 en octubre del a\u00f1o pasado una invitaci\u00f3n de un museo a su nueva exposici\u00f3n, dedicada a la presentaci\u00f3n de los nuevos equipamientos de f\u00fatbol de 2\u00aa y 3\u00aa Divisi\u00f3n de la provincia de Valencia. \u00bfPerd\u00f3n? A ver, s\u00e9 que voy a ganarme enemigos con este comentario: a mi no [&hellip;]<!-- AddThis Advanced Settings generic via filter on get_the_excerpt --><!-- AddThis Share Buttons generic via filter on get_the_excerpt --><\/p>\n","protected":false},"author":34,"featured_media":0,"comment_status":"open","ping_status":"closed","sticky":false,"template":"","format":"standard","meta":[],"categories":[1],"tags":[],"_links":{"self":[{"href":"https:\/\/blogs.lasprovincias.es\/masvidaquearte\/wp-json\/wp\/v2\/posts\/77"}],"collection":[{"href":"https:\/\/blogs.lasprovincias.es\/masvidaquearte\/wp-json\/wp\/v2\/posts"}],"about":[{"href":"https:\/\/blogs.lasprovincias.es\/masvidaquearte\/wp-json\/wp\/v2\/types\/post"}],"author":[{"embeddable":true,"href":"https:\/\/blogs.lasprovincias.es\/masvidaquearte\/wp-json\/wp\/v2\/users\/34"}],"replies":[{"embeddable":true,"href":"https:\/\/blogs.lasprovincias.es\/masvidaquearte\/wp-json\/wp\/v2\/comments?post=77"}],"version-history":[{"count":1,"href":"https:\/\/blogs.lasprovincias.es\/masvidaquearte\/wp-json\/wp\/v2\/posts\/77\/revisions"}],"predecessor-version":[{"id":168,"href":"https:\/\/blogs.lasprovincias.es\/masvidaquearte\/wp-json\/wp\/v2\/posts\/77\/revisions\/168"}],"wp:attachment":[{"href":"https:\/\/blogs.lasprovincias.es\/masvidaquearte\/wp-json\/wp\/v2\/media?parent=77"}],"wp:term":[{"taxonomy":"category","embeddable":true,"href":"https:\/\/blogs.lasprovincias.es\/masvidaquearte\/wp-json\/wp\/v2\/categories?post=77"},{"taxonomy":"post_tag","embeddable":true,"href":"https:\/\/blogs.lasprovincias.es\/masvidaquearte\/wp-json\/wp\/v2\/tags?post=77"}],"curies":[{"name":"wp","href":"https:\/\/api.w.org\/{rel}","templated":true}]}}