{"id":9,"date":"2012-10-03T17:52:11","date_gmt":"2012-10-03T17:52:11","guid":{"rendered":"http:\/\/blogs.lasprovincias.es\/masvidaquearte\/?p=9"},"modified":"2019-11-13T15:42:46","modified_gmt":"2019-11-13T15:42:46","slug":"bienvenids","status":"publish","type":"post","link":"https:\/\/blogs.lasprovincias.es\/masvidaquearte\/2012\/10\/03\/bienvenids\/","title":{"rendered":"\u00a1Bienvenid@s!"},"content":{"rendered":"<p><a href=\"\/masvidaquearte\/wp-content\/uploads\/sites\/26\/2012\/10\/spence.jpg\"><img loading=\"lazy\" class=\" wp-image-11 alignleft\" title=\"spence\" src=\"\/masvidaquearte\/wp-content\/uploads\/sites\/26\/2012\/10\/spence.jpg\" alt=\"\" width=\"254\" height=\"142\" \/><\/a>El arte y todas sus manifestaciones contempor\u00e1neas est\u00e1n empezando a convertirse en un modo de segregar a las personas que \u201centienden\u201d de arte de las que no y a atemorizar con sus teor\u00edas enrevesadas a cualquiera que ose acercarse a un museo. \u00bfC\u00f3mo va a saber el p\u00fablico qu\u00e9 nos dicen los y las artistas de hoy si somos incapaces de hacernos entender entre las personas expertas? Nuestra incapacidad de comunicaci\u00f3n entre la gente joven y el p\u00fablico en general frente a una obra vigente no logra sino hacerlos sentir culpables y frustrados ante la imposibilidad de ver alg\u00fan significado tras cada obra de arte.<\/p>\n<p>Este blog ha sido creado con un fin pr\u00e1ctico pero poco usual: realizar cr\u00edticas sobre exposiciones, trabajos art\u00edsticos de determinados artistas circundantes sobre todo al arte contempor\u00e1neo, as\u00ed como opiniones con respecto a la gesti\u00f3n cultural de nuestras instituciones culturales y muse\u00edsticas. Y no hablar\u00e9 s\u00f3lo de lo que se expone en los museos, sino tambi\u00e9n a manifestaciones art\u00edsticas como los c\u00f3mics, las pel\u00edculas y tambi\u00e9n las expresiones de arte que se produce cada d\u00eda en nuestras cotidianeidad. Voy a realizar una visi\u00f3n m\u00faltiple, una mirada que abarcar\u00e1 lo social, lo psicol\u00f3gico, lo pol\u00edtico, el estudio de g\u00e9nero, etc.<\/p>\n<p>\u00bfEsto es poco usual? S\u00ed, si lo miramos desde la perspectiva de alguien que, desde fuera, no parece estar contaminado o contaminada por las instituciones culturales; alguien que mira desde el p\u00fablico que es el que queda siempre abandonado a su suerte en la comunicaci\u00f3n art\u00edstica.<\/p>\n<p>Quiero mostrar todas las formas en las que vemos el arte de una forma amena pero, por encima de todo, que nos sirva para la pr\u00e1ctica de nuestras vidas, para entender el pulso y la temperatura de la sociedad en la que vivimos. Porque, para m\u00ed, es fundamental la educaci\u00f3n en valores, y el arte es el medio m\u00e1s directo para comprender muchos de los comportamientos humanos universales y saber gestionarlos con eficacia.<\/p>\n<p>Sin embargo, el verdadero objetivo de este blog es descubrir, a trav\u00e9s de las miradas -la propia y la ajena-el arte -el del pasado y el del presente- ha demostrado no ser un mero hecho de contemplaci\u00f3n pasiva. De que existe una conexi\u00f3n real, inmediata y absoluta con lo que somos, con lo que podemos ser y con la forma y sentido de vivir nuestra existencia solitaria y grupal. De que practicar el arte puede sacar lo mejor y lo peor de nosotros&#8230;y que contemplarlo puede llevarnos a un lugar fant\u00e1stico o a una realidad que nunca quisimos admitir. Porque el arte reside en cada persona y la vida es lo que lo hace posible.<\/p>\n<p>\u00bfEst\u00e1s preparad@? \u00a1\u00a1Bienvenid@s al nuevo mundo del arte!!<\/p>\n<!-- AddThis Advanced Settings generic via filter on the_content --><!-- AddThis Share Buttons generic via filter on the_content -->","protected":false},"excerpt":{"rendered":"<p>El arte y todas sus manifestaciones contempor\u00e1neas est\u00e1n empezando a convertirse en un modo de segregar a las personas que \u201centienden\u201d de arte de las que no y a atemorizar con sus teor\u00edas enrevesadas a cualquiera que ose acercarse a un museo. \u00bfC\u00f3mo va a saber el p\u00fablico qu\u00e9 nos dicen los y las artistas [&hellip;]<!-- AddThis Advanced Settings generic via filter on get_the_excerpt --><!-- AddThis Share Buttons generic via filter on get_the_excerpt --><\/p>\n","protected":false},"author":34,"featured_media":0,"comment_status":"open","ping_status":"closed","sticky":false,"template":"","format":"standard","meta":[],"categories":[1],"tags":[],"_links":{"self":[{"href":"https:\/\/blogs.lasprovincias.es\/masvidaquearte\/wp-json\/wp\/v2\/posts\/9"}],"collection":[{"href":"https:\/\/blogs.lasprovincias.es\/masvidaquearte\/wp-json\/wp\/v2\/posts"}],"about":[{"href":"https:\/\/blogs.lasprovincias.es\/masvidaquearte\/wp-json\/wp\/v2\/types\/post"}],"author":[{"embeddable":true,"href":"https:\/\/blogs.lasprovincias.es\/masvidaquearte\/wp-json\/wp\/v2\/users\/34"}],"replies":[{"embeddable":true,"href":"https:\/\/blogs.lasprovincias.es\/masvidaquearte\/wp-json\/wp\/v2\/comments?post=9"}],"version-history":[{"count":1,"href":"https:\/\/blogs.lasprovincias.es\/masvidaquearte\/wp-json\/wp\/v2\/posts\/9\/revisions"}],"predecessor-version":[{"id":181,"href":"https:\/\/blogs.lasprovincias.es\/masvidaquearte\/wp-json\/wp\/v2\/posts\/9\/revisions\/181"}],"wp:attachment":[{"href":"https:\/\/blogs.lasprovincias.es\/masvidaquearte\/wp-json\/wp\/v2\/media?parent=9"}],"wp:term":[{"taxonomy":"category","embeddable":true,"href":"https:\/\/blogs.lasprovincias.es\/masvidaquearte\/wp-json\/wp\/v2\/categories?post=9"},{"taxonomy":"post_tag","embeddable":true,"href":"https:\/\/blogs.lasprovincias.es\/masvidaquearte\/wp-json\/wp\/v2\/tags?post=9"}],"curies":[{"name":"wp","href":"https:\/\/api.w.org\/{rel}","templated":true}]}}