{"id":112,"date":"2015-03-21T10:14:40","date_gmt":"2015-03-21T09:14:40","guid":{"rendered":"http:\/\/blogs.lasprovincias.es\/mihijomellama\/?p=112"},"modified":"2015-03-21T10:14:40","modified_gmt":"2015-03-21T09:14:40","slug":"la-negacion-virtud-o-problema","status":"publish","type":"post","link":"https:\/\/blogs.lasprovincias.es\/mihijomellama\/2015\/03\/21\/la-negacion-virtud-o-problema\/","title":{"rendered":"LA NEGACI\u00d3N: \u00bfVIRTUD O PROBLEMA?"},"content":{"rendered":"<p><span style=\"font-family: Calibri; font-size: medium;\">\u00a0\u00a0\u00a0\u00a0 Hay momentos en la vida que se resuelven positivamente solo con las dos letras que configuran la negaci\u00f3n por excelencia, que simplemente es el NO. En ocasiones este adverbio es m\u00e1s importante que el SI, pues suele suponer un rechazo a algo que se nos ofrece sin garant\u00edas para el que lo recibe y esa loable actitud implica una posici\u00f3n forzada que muchas veces es dif\u00edcil de mantener. Decir que s\u00ed suele ser m\u00e1s f\u00e1cil que decir que no.<\/span><\/p>\n<p><span style=\"font-family: Calibri; font-size: medium;\">\u00a0\u00a0\u00a0\u00a0 Cuando esa actitud de rechazo es consecuencia de un an\u00e1lisis sensato y reflexivo generalmente tiene un gran valor por lo que ello representa, pero cuando nace de un impulso sistem\u00e1tico que no responde a la l\u00f3gica sino mas bien a una actitud predeterminada, que se repite una y otra vez, nos encontramos ante una posici\u00f3n de consecuencias muchas veces desfavorables para el equilibrio del sujeto que presenta el negativismo a ultranza.<\/span><\/p>\n<p><span style=\"font-family: Calibri; font-size: medium;\">\u00a0\u00a0\u00a0\u00a0 Bien es cierto que hay \u00e9pocas vitales que reconocemos que esta actitud es bastante frecuente y por ello entendemos como normal. Suele ser la de los albores de la adolescencia cuando de forma fisiol\u00f3gica la propia madurez y el querer autoafirmarse, como persona individual y con entidad propia, les lleva a estos chicos o chicas a adoptar una actitud de rechazo a todo lo que se vislumbra ante sus ojos. <\/span><\/p>\n<p><span style=\"font-family: Calibri; font-size: medium;\">\u00a0\u00a0\u00a0\u00a0 Los padres se desesperan viendo como a estas edades las respuestas se convierten frecuentemente en una desconsideraci\u00f3n a todo lo que se les ofrece. Casi todo les parece mal, los padres no tienen ni idea ni saben comportarse, los profesores lo hacen fatal, todos les tienen man\u00eda, y cualquier insinuaci\u00f3n o consejo habitualmente es rechazado. Hay que tener paciencia ya que generalmente solo cuesti\u00f3n de tiempo procurando ejercitar como sortear las situaciones l\u00edmites sin entrar directamente en el choque con nuestros hijos, practicando sin descanso lo que vulgarmente se denomina tener mano izquierda. <\/span><\/p>\n<p><span style=\"font-family: Calibri; font-size: medium;\">\u00a0\u00a0\u00a0\u00a0 Se procurar\u00e1 encontrar las situaciones en que los hijos est\u00e9n mas receptivos, dej\u00e1ndoles que ellos se vean como part\u00edcipes y autores de sus decisiones, aunque \u00e9stas hayan sido mediadas o enfocadas adecuadamente por sus progenitores. Un enfrentamiento abierto generalmente es un fracaso y eso hay que evitarlo.<\/span><\/p>\n<p><span style=\"font-family: Calibri; font-size: medium;\">\u00a0<\/span><a href=\"\/mihijomellama\/wp-content\/uploads\/sites\/38\/2015\/03\/IMG_2096-copia.jpg\"><img loading=\"lazy\" class=\"aligncenter size-large wp-image-113\" title=\"IMG_2096 - copia\" src=\"\/mihijomellama\/wp-content\/uploads\/sites\/38\/2015\/03\/IMG_2096-copia.jpg\" alt=\"\" width=\"1024\" height=\"682\" srcset=\"https:\/\/static-blogs.lasprovincias.es\/wp-content\/uploads\/sites\/38\/2015\/03\/IMG_2096-copia.jpg 1248w, https:\/\/static-blogs.lasprovincias.es\/wp-content\/uploads\/sites\/38\/2015\/03\/IMG_2096-copia-300x200.jpg 300w, https:\/\/static-blogs.lasprovincias.es\/wp-content\/uploads\/sites\/38\/2015\/03\/IMG_2096-copia-768x512.jpg 768w, https:\/\/static-blogs.lasprovincias.es\/wp-content\/uploads\/sites\/38\/2015\/03\/IMG_2096-copia-1024x683.jpg 1024w\" sizes=\"(max-width: 1024px) 100vw, 1024px\" \/><\/a><\/p>\n<p><span style=\"font-family: Calibri; font-size: medium;\">\u00a0\u00a0\u00a0\u00a0 Los problemas son m\u00e1s graves cuando la actitud negativista se corresponde con otros trastornos del neurodesarrollo, como suele ocurrir con relevante frecuencia en el denominado <em>Trastorno por D\u00e9ficit de Atenci\u00f3n e Hiperactividad (TDAH)<\/em>. Nos encontramos entonces ante lo que se denomina una comorbilidad, pudiendo aparecer los s\u00edntomas muy pronto aunque sea m\u00e1s evidente a partir de los 6 o 7 a\u00f1os. Debemos entonces solicitar una valoraci\u00f3n para descartar un TDAH de la mano de especialistas con experiencia, dado que un tratamiento precoz de la base del problema evita muchos otros en la evoluci\u00f3n pron\u00f3stica.<\/span><\/p>\n<p><span style=\"font-family: Calibri; font-size: medium;\">\u00a0\u00a0\u00a0\u00a0 Se debe tambi\u00e9n estar vigilantes para ver si aparecen problemas de conducta asociados como una actitud desafiante, teni\u00e9ndose que considerar entones el diagn\u00f3stico del <em>Trastorno Negativista Desafiante<\/em> (TND), una problem\u00e1tica que se acrecienta con los a\u00f1os y que el devenir la pubertad hace que sea muy dif\u00edcil el manejo de estos chicos, con el peligro de que sus padres los dejen por imposibles.<\/span><\/p>\n<p><span style=\"font-family: Calibri; font-size: medium;\">\u00a0\u00a0\u00a0\u00a0 El TDN es una entidad cl\u00ednica bien definida que precisa unas pautas para su manejo y en otras ocasiones es necesaria medicaci\u00f3n espec\u00edfica. En su comportamiento estos ni\u00f1os se caracterizan porque se muestran oposicionistas con los adultos, incluso provocadores, desafiando las normas de los mayores y molestando a los dem\u00e1s con resentimiento. El humor de estos chicos muestra enfados frecuentes, se quejan de lo que le hacen los dem\u00e1s y de que les molestan, por lo que tambi\u00e9n pierden a veces la compostura y pueden llegar a agredir. <\/span><\/p>\n<p><span style=\"font-family: Calibri; font-size: medium;\">\u00a0\u00a0\u00a0\u00a0 Una evoluci\u00f3n desfavorable o sin tratamiento supone el riesgo de un futuro <em>trastorno disocial<\/em>, consistente en que el sujeto presenta frecuentemente un patr\u00f3n de conducta que transgrede los derechos b\u00e1sicos de los dem\u00e1s, incumpliendo las normas sociales propias de su edad.<\/span><\/p>\n<p><span style=\"font-family: Calibri; font-size: medium;\">\u00a0\u00a0\u00a0\u00a0 Debe tenerse en cuenta que un 50% de los TND son ni\u00f1os con TDAH que no est\u00e1n diagnosticados ni tratados como tales, por lo que un buen enfoque diagn\u00f3stico y terap\u00e9utico de ambos trastornos siempre ser\u00e1 rentable para el futuro. Y si usted lee lo expuesto y resuelta que est\u00e1 en desacuerdo con todo lo dicho, tal vez deber\u00eda ir a un especialista porque apunta maneras y seguro que todav\u00eda est\u00e1 a tiempo de mejorar en beneficio suyo y de los que le rodean.<\/span><\/p>\n<!-- AddThis Advanced Settings generic via filter on the_content --><!-- AddThis Share Buttons generic via filter on the_content -->","protected":false},"excerpt":{"rendered":"<p>\u00a0\u00a0\u00a0\u00a0 Hay momentos en la vida que se resuelven positivamente solo con las dos letras que configuran la negaci\u00f3n por excelencia, que simplemente es el NO. En ocasiones este adverbio es m\u00e1s importante que el SI, pues suele suponer un rechazo a algo que se nos ofrece sin garant\u00edas para el que lo recibe y [&hellip;]<!-- AddThis Advanced Settings generic via filter on get_the_excerpt --><!-- AddThis Share Buttons generic via filter on get_the_excerpt --><\/p>\n","protected":false},"author":44,"featured_media":0,"comment_status":"open","ping_status":"closed","sticky":false,"template":"","format":"standard","meta":[],"categories":[2],"tags":[],"_links":{"self":[{"href":"https:\/\/blogs.lasprovincias.es\/mihijomellama\/wp-json\/wp\/v2\/posts\/112"}],"collection":[{"href":"https:\/\/blogs.lasprovincias.es\/mihijomellama\/wp-json\/wp\/v2\/posts"}],"about":[{"href":"https:\/\/blogs.lasprovincias.es\/mihijomellama\/wp-json\/wp\/v2\/types\/post"}],"author":[{"embeddable":true,"href":"https:\/\/blogs.lasprovincias.es\/mihijomellama\/wp-json\/wp\/v2\/users\/44"}],"replies":[{"embeddable":true,"href":"https:\/\/blogs.lasprovincias.es\/mihijomellama\/wp-json\/wp\/v2\/comments?post=112"}],"version-history":[{"count":0,"href":"https:\/\/blogs.lasprovincias.es\/mihijomellama\/wp-json\/wp\/v2\/posts\/112\/revisions"}],"wp:attachment":[{"href":"https:\/\/blogs.lasprovincias.es\/mihijomellama\/wp-json\/wp\/v2\/media?parent=112"}],"wp:term":[{"taxonomy":"category","embeddable":true,"href":"https:\/\/blogs.lasprovincias.es\/mihijomellama\/wp-json\/wp\/v2\/categories?post=112"},{"taxonomy":"post_tag","embeddable":true,"href":"https:\/\/blogs.lasprovincias.es\/mihijomellama\/wp-json\/wp\/v2\/tags?post=112"}],"curies":[{"name":"wp","href":"https:\/\/api.w.org\/{rel}","templated":true}]}}