{"id":208,"date":"2019-01-04T14:17:08","date_gmt":"2019-01-04T13:17:08","guid":{"rendered":"https:\/\/blogs.lasprovincias.es\/mihijomellama\/?p=208"},"modified":"2019-01-04T14:17:08","modified_gmt":"2019-01-04T13:17:08","slug":"el-vuelo","status":"publish","type":"post","link":"https:\/\/blogs.lasprovincias.es\/mihijomellama\/2019\/01\/04\/el-vuelo\/","title":{"rendered":"EL VUELO"},"content":{"rendered":"<p>Inmersos en lo cotidiano nos dejamos llevar por la vida sin detenernos con frecuencia en reflexiones sobre nosotros mismos o nuestro entorno. Ejercitar esa funcionalidad cerebral, el pensamiento, es un atributo que solo podemos desarrollar los humanos, siendo un entrenamiento sin costo que activa conexiones sin\u00e1pticas interneuronales que de forma fisiol\u00f3gica se van perdiendo a lo largo de la vida.<\/p>\n<p>La actividad del denominado sistema l\u00edmbico del cerebro permite relacionar experiencias, vivencias personales, emociones y la memoria, para uso y disfrute de quien lo desarrolla y lo pone en acci\u00f3n para ejercitar el libre pensamiento. Cualquier momento aunque parezca simple puede ser bueno para ello.<\/p>\n<p>Me encontraba ocioso en un reciente vuelo transatl\u00e1ntico, esos que se hacen interminables por mas pel\u00edculas que uno alterne con revistas de ocio o la novela de turno. En esas circunstancias tambi\u00e9n debemos hacer ejercicios moderados como pasearse de arriba a abajo por los estrechos pasillos laterales, sorteando las rodillas y tobillos de los pasajeros.<\/p>\n<p>Estando en alg\u00fan momento de pie en la cola del avi\u00f3n, absorto con la mirada hacia adelante, contemplaba el espect\u00e1culo curioso de la visi\u00f3n de la casi totalidad de las pantallas que los pasajeros ten\u00edan encendidas para su entretenimiento. Las m\u00faltiples im\u00e1genes multicolores que resaltaban en la penumbra, provocaban un efecto peculiar de atrayentes luces multicolores que recabaron mi atenci\u00f3n.<\/p>\n<p><a href=\"https:\/\/static-blogs.lasprovincias.es\/wp-content\/uploads\/sites\/38\/2019\/01\/IMG-20190103-WA0010-1.jpg\"><img loading=\"lazy\" class=\"alignnone size-full wp-image-220\" src=\"https:\/\/static-blogs.lasprovincias.es\/wp-content\/uploads\/sites\/38\/2019\/01\/IMG-20190103-WA0010-1.jpg\" alt=\"img-20190103-wa0010\" width=\"1600\" height=\"778\" srcset=\"https:\/\/static-blogs.lasprovincias.es\/wp-content\/uploads\/sites\/38\/2019\/01\/IMG-20190103-WA0010-1.jpg 1600w, https:\/\/static-blogs.lasprovincias.es\/wp-content\/uploads\/sites\/38\/2019\/01\/IMG-20190103-WA0010-1-300x146.jpg 300w, https:\/\/static-blogs.lasprovincias.es\/wp-content\/uploads\/sites\/38\/2019\/01\/IMG-20190103-WA0010-1-768x373.jpg 768w, https:\/\/static-blogs.lasprovincias.es\/wp-content\/uploads\/sites\/38\/2019\/01\/IMG-20190103-WA0010-1-1024x498.jpg 1024w\" sizes=\"(max-width: 1600px) 100vw, 1600px\" \/><\/a><\/p>\n<p>Era curioso apreciar la diversificaci\u00f3n de las conexiones establecidas, principalmente pel\u00edculas, y aunque algunas pudiesen coincidir, las diferencias en el momento de su comienzo ofrec\u00edan, por las distintas pantallas, una vistosidad peculiar que reflejaban diferentes mundos de gustos e intereses. Todos \u00edbamos en la misma direcci\u00f3n pero cada persona iba en su mundo particular, rico y complejo, como la vida misma.<\/p>\n<p>Adem\u00e1s de las pel\u00edculas hab\u00eda otras muchas opciones de pantallas que daban pie a imaginarse al espectador que contemplaba su visi\u00f3n. Por ejemplo unos dibujos animados, supuestamente vi\u00e9ndolos alg\u00fan ni\u00f1o y, \u00bfpor qu\u00e9 no?, un adulto. Creo que los adultos deber\u00edamos ver mas pel\u00edculas de ni\u00f1os. Otro pasajero estaba haciendo un &#8220;Sudoku&#8221;, posiblemente un adulto, aunque tambi\u00e9n deber\u00edamos instruir a los j\u00f3venes en la pr\u00e1ctica de juegos de razonamiento, m\u00e1s que los que ahora se prodigan de videojuegos con abruptas respuestas motoras y de violencia.<\/p>\n<p>Tambi\u00e9n se ve\u00edan a personas con la mirada fija en el plan de vuelo pensando, tal vez, en los datos num\u00e9ricos tan particulares que daban, como el tramos recorrido o hecho de volar a 800 kil\u00f3metros por hora y a una altitud de 10.000 metros, en donde no hay oxigeno. En cualquier caso me llamaba la atenci\u00f3n la diversidad de las im\u00e1genes que evidenciaban intereses y personajes bien diferenciados, pero con el com\u00fan denominador del viaje conjunto en el que todos particip\u00e1bamos.<\/p>\n<p>El ajetreo de la vida deja pocos ratos para el ocio con el agravante de que \u00e9ste se emplea con frecuencia para ponerse enfrente del televisor donde, con un m\u00ednimo esfuerzo, uno va absorbiendo todo lo que ve, llegando a crear dependencia. Aparte del ocio deportivo debemos practicar el de la lectura y el ocio del pensamiento, atendiendo m\u00e1s a lo que ocurre a nuestro alrededor.<\/p>\n<p>Activar el sistema l\u00edmbico de nuestro cerebro es muy barato, coste cero, relajante y hasta entretenido. Adem\u00e1s as\u00ed se potencia el entrenamiento del pensamiento y la memoria en la terapia de la atenci\u00f3n temprana que se precisar\u00e1 cuando vaya llegando la involuci\u00f3n ineludible de la vida, por lo que su pr\u00e1ctica tendr\u00e1 siempre un activo beneficioso.<\/p>\n<!-- AddThis Advanced Settings generic via filter on the_content --><!-- AddThis Share Buttons generic via filter on the_content -->","protected":false},"excerpt":{"rendered":"<p>Inmersos en lo cotidiano nos dejamos llevar por la vida sin detenernos con frecuencia en reflexiones sobre nosotros mismos o nuestro entorno. Ejercitar esa funcionalidad cerebral, el pensamiento, es un atributo que solo podemos desarrollar los humanos, siendo un entrenamiento sin costo que activa conexiones sin\u00e1pticas interneuronales que de forma fisiol\u00f3gica se van perdiendo a [&hellip;]<!-- AddThis Advanced Settings generic via filter on get_the_excerpt --><!-- AddThis Share Buttons generic via filter on get_the_excerpt --><\/p>\n","protected":false},"author":44,"featured_media":0,"comment_status":"open","ping_status":"closed","sticky":false,"template":"","format":"standard","meta":[],"categories":[1],"tags":[],"_links":{"self":[{"href":"https:\/\/blogs.lasprovincias.es\/mihijomellama\/wp-json\/wp\/v2\/posts\/208"}],"collection":[{"href":"https:\/\/blogs.lasprovincias.es\/mihijomellama\/wp-json\/wp\/v2\/posts"}],"about":[{"href":"https:\/\/blogs.lasprovincias.es\/mihijomellama\/wp-json\/wp\/v2\/types\/post"}],"author":[{"embeddable":true,"href":"https:\/\/blogs.lasprovincias.es\/mihijomellama\/wp-json\/wp\/v2\/users\/44"}],"replies":[{"embeddable":true,"href":"https:\/\/blogs.lasprovincias.es\/mihijomellama\/wp-json\/wp\/v2\/comments?post=208"}],"version-history":[{"count":1,"href":"https:\/\/blogs.lasprovincias.es\/mihijomellama\/wp-json\/wp\/v2\/posts\/208\/revisions"}],"predecessor-version":[{"id":221,"href":"https:\/\/blogs.lasprovincias.es\/mihijomellama\/wp-json\/wp\/v2\/posts\/208\/revisions\/221"}],"wp:attachment":[{"href":"https:\/\/blogs.lasprovincias.es\/mihijomellama\/wp-json\/wp\/v2\/media?parent=208"}],"wp:term":[{"taxonomy":"category","embeddable":true,"href":"https:\/\/blogs.lasprovincias.es\/mihijomellama\/wp-json\/wp\/v2\/categories?post=208"},{"taxonomy":"post_tag","embeddable":true,"href":"https:\/\/blogs.lasprovincias.es\/mihijomellama\/wp-json\/wp\/v2\/tags?post=208"}],"curies":[{"name":"wp","href":"https:\/\/api.w.org\/{rel}","templated":true}]}}