{"id":227,"date":"2020-02-18T16:22:16","date_gmt":"2020-02-18T15:22:16","guid":{"rendered":"https:\/\/blogs.lasprovincias.es\/mihijomellama\/?p=227"},"modified":"2020-02-18T18:00:18","modified_gmt":"2020-02-18T17:00:18","slug":"porque-candidato-compromisario","status":"publish","type":"post","link":"https:\/\/blogs.lasprovincias.es\/mihijomellama\/2020\/02\/18\/porque-candidato-compromisario\/","title":{"rendered":"\u00bfPORQU\u00c9 CANDIDATO COMPROMISARIO?"},"content":{"rendered":"<p>(Mensaje a los afiliados de Ciudadanos para conocimiento de causa del \u00a0votante).<\/p>\n<p><strong>Me presento a compromisario<\/strong> al congreso de CIUDADANOS de marzo 2020 porque quiero defender una enmienda que posibilite una <strong>mayor representatividad de las bases de afiliados<\/strong> en los \u00f3rganos de gesti\u00f3n del partido. Si no se incentiva a los afiliados, los mismos acaban perdiendo el inter\u00e9s y la ilusi\u00f3n. Si todo se dirige desde arriba, podemos equivocarnos sin haber o\u00eddo a los afiliados, como nos acaba de pasar. Estoy en contra de un partido asambleario pero hay que gestionar una participaci\u00f3n m\u00e1s comprometida con los afiliados.<\/p>\n<p><strong>Fernando Mulas Delgado<\/strong>, m\u00e9dico neur\u00f3logo y pediatra, 35 a\u00f1os jefe de neuropediatr\u00eda del Hospital\u00a0 La Fe y premio Ram\u00f3n y Cajal 2013 de la Academia Iberoamericana de Neurolog\u00eda Pedi\u00e1trica a la trayectoria cient\u00edfica. Actual presidente de la Sociedad Valenciana de Neuropediatr\u00eda y profesionalmente en activo. Consultar en internet art\u00edculos de opini\u00f3n pol\u00edtica en prensa y mi blog en Las Provincias &#8220;Mi hijo me llama&#8221;.<\/p>\n<p>Entr\u00e9 en pol\u00edtica en <strong>2015, en Ciudadanos<\/strong>, siempre ligado al prestigioso grupo de trabajo de sanidad de Cs, colaborando de forma relevante en su formaci\u00f3n y desarrollo. Nunca ocup\u00e9 un cargo org\u00e1nico. En dos ocasiones fui candidato al senado por Cs, participando activamente a pie de calle y en las campa\u00f1as.<\/p>\n<p><strong>La propuesta<\/strong> directa que hice de enmienda a los estatutos es que los coordinadores de los comit\u00e9s provinciales, que forman parte del comit\u00e9 auton\u00f3mico, los elijan por votaci\u00f3n secreta entre los propios coordinadores de las agrupaciones. Si los designa el comit\u00e9 ejecutivo, de los 14 miembros del comit\u00e9 auton\u00f3mico TODOS ser\u00e1n elegidos por el comit\u00e9 ejecutivo en Madrid. Qu\u00e9 menos que de los 14 haya 3 personas que representen a las bases sin el compromiso de haber sido designados a dedo. Tambi\u00e9n que el coordinador del comit\u00e9 auton\u00f3mico sea elegido por sus miembros en votaci\u00f3n secreta.<\/p>\n<p>Como me pronunci\u00e9 en la \u00faltima asamblea general de Cs en Valencia hay que defender que el partido mantenga su <strong>postura inequ\u00edvoca de centro<\/strong>. Tras unas elecciones es cuando podemos inclinarnos a pactar con la derecha o la izquierda, como corresponde a un partido de centro, progresista, liberal, dialogante y con proyecci\u00f3n al futuro.<\/p>\n<p>Rechazo las tendencias personalistas contrapuestas que confunden a los afiliados. <strong>Defender\u00e9 la meritocracia y la b\u00fasqueda efectiva de talentos que potencien a Cs<\/strong>. No a los amiguismos que primen asegurarse su posicionamiento en el partido y en la toma de decisiones sin haber demostrado su val\u00eda.<\/p>\n<p><strong>TE PIDO EL VOTO para defender en el congreso posturas e ideas que posibiliten ilusionar y enderezar el rumbo de Cs. \u00a1GRACIAS POR TU APOYO!.<\/strong><\/p>\n<!-- AddThis Advanced Settings generic via filter on the_content --><!-- AddThis Share Buttons generic via filter on the_content -->","protected":false},"excerpt":{"rendered":"<p>(Mensaje a los afiliados de Ciudadanos para conocimiento de causa del \u00a0votante). Me presento a compromisario al congreso de CIUDADANOS de marzo 2020 porque quiero defender una enmienda que posibilite una mayor representatividad de las bases de afiliados en los \u00f3rganos de gesti\u00f3n del partido. Si no se incentiva a los afiliados, los mismos acaban [&hellip;]<!-- AddThis Advanced Settings generic via filter on get_the_excerpt --><!-- AddThis Share Buttons generic via filter on get_the_excerpt --><\/p>\n","protected":false},"author":44,"featured_media":0,"comment_status":"open","ping_status":"closed","sticky":false,"template":"","format":"standard","meta":[],"categories":[1],"tags":[],"_links":{"self":[{"href":"https:\/\/blogs.lasprovincias.es\/mihijomellama\/wp-json\/wp\/v2\/posts\/227"}],"collection":[{"href":"https:\/\/blogs.lasprovincias.es\/mihijomellama\/wp-json\/wp\/v2\/posts"}],"about":[{"href":"https:\/\/blogs.lasprovincias.es\/mihijomellama\/wp-json\/wp\/v2\/types\/post"}],"author":[{"embeddable":true,"href":"https:\/\/blogs.lasprovincias.es\/mihijomellama\/wp-json\/wp\/v2\/users\/44"}],"replies":[{"embeddable":true,"href":"https:\/\/blogs.lasprovincias.es\/mihijomellama\/wp-json\/wp\/v2\/comments?post=227"}],"version-history":[{"count":2,"href":"https:\/\/blogs.lasprovincias.es\/mihijomellama\/wp-json\/wp\/v2\/posts\/227\/revisions"}],"predecessor-version":[{"id":229,"href":"https:\/\/blogs.lasprovincias.es\/mihijomellama\/wp-json\/wp\/v2\/posts\/227\/revisions\/229"}],"wp:attachment":[{"href":"https:\/\/blogs.lasprovincias.es\/mihijomellama\/wp-json\/wp\/v2\/media?parent=227"}],"wp:term":[{"taxonomy":"category","embeddable":true,"href":"https:\/\/blogs.lasprovincias.es\/mihijomellama\/wp-json\/wp\/v2\/categories?post=227"},{"taxonomy":"post_tag","embeddable":true,"href":"https:\/\/blogs.lasprovincias.es\/mihijomellama\/wp-json\/wp\/v2\/tags?post=227"}],"curies":[{"name":"wp","href":"https:\/\/api.w.org\/{rel}","templated":true}]}}