{"id":236,"date":"2020-04-21T00:32:49","date_gmt":"2020-04-20T22:32:49","guid":{"rendered":"https:\/\/blogs.lasprovincias.es\/mihijomellama\/?p=236"},"modified":"2020-04-21T00:36:49","modified_gmt":"2020-04-20T22:36:49","slug":"papa-queda-mucho","status":"publish","type":"post","link":"https:\/\/blogs.lasprovincias.es\/mihijomellama\/2020\/04\/21\/papa-queda-mucho\/","title":{"rendered":"\u00bfPAP\u00c1, QUEDA MUCHO?"},"content":{"rendered":"<p>(La prolongaci\u00f3n del confinamiento por Covid19 cuestiona la actuaci\u00f3n con los ni\u00f1os, por lo que se reproduce esta Tribuna de Opini\u00f3n de la edici\u00f3n impresa del\u00a0 4 de Abril 2020 en <em>Las Provincias<\/em> )<\/p>\n<p><strong>\u00bfPAP\u00c1, QUEDA MUCHO?<\/strong><\/p>\n<p>Esta frase etiquetada como &#8220;hecha&#8221; tiene una gran vigencia en estos tediosos d\u00edas de pandemia. La pregunt\u00e1bamos tratando de anticiparnos cuando \u00e9ramos ni\u00f1os y pap\u00e1 era quien conduc\u00eda, pero se da en muchas otras circunstancias de la vida. Ahora nos la repetimos como adultos sin saber que responder, siendo m\u00e1s reiterativa en los peque\u00f1os que por su inmadurez tienen peor su control inhibitorio y verbalizan mas lo que piensan.<\/p>\n<p>La anticipaci\u00f3n es una acci\u00f3n que posibilita pensar o realizar una acci\u00f3n antes de que ocurra, previendo de antemano las posibles consecuencias o respuestas. Es una caracter\u00edstica innata del mundo animal, racional e irracional, no necesariamente ligada a la inteligencia.<\/p>\n<p>Cuando el guepardo se lanza a 110 Kms\/hora a por un impala, inicia su carrera sobre un posible punto situado muchos metros por delante de su presa para lograr que se produzca el encuentro. Act\u00faan al un\u00edsono la corteza cerebral prefrontal, con implicaci\u00f3n del n\u00facleo accumbens y sus funciones de recompensa, la corteza visual y el hipocampo para memorizar situaciones previas. Pero la gacela tambi\u00e9n hace autom\u00e1ticamente sus propios c\u00e1lculos poco antes de ser alcanzada para cambiar de direcci\u00f3n, produci\u00e9ndose continuos quiebros de resoluci\u00f3n impredecible.<\/p>\n<p>Una de las mayores controversias en un deporte tan popular como en el futbol se produce con denominado fuera de juego. Se ha estudiado como algunos jueces de l\u00ednea por estos mecanismos de anticipaci\u00f3n situaban de forma inconsciente y autom\u00e1tica la posici\u00f3n del jugador rebasando la l\u00ednea permitida, sin que ello hubiese ocurrido. Afortunadamente esto ya es historia cuando se cuenta con el cacareado VAR, que es mas objetivo e inapelable.<\/p>\n<p><strong>Hay mayor torpeza si no se sabe con certeza la respuesta<\/strong><\/p>\n<p>Pero la corteza prefrontal cerebral se encarga de esos c\u00e1lculos anticipatorios con una variabilidad impredecible entre los sujetos, debido en parte a la implicaci\u00f3n del citado n\u00facleo accumbens y sus funciones de recompensa. En la pregunta de la cabecera que nos ocupa, el respondedor no solo valorar\u00e1 como explicar la realidad, sino como ser\u00e1 la reacci\u00f3n de quien pregunta. Probablemente lo har\u00e1 con mayor torpeza si no sabe con certeza la respuesta.<\/p>\n<p>En este punto es cuando tienen a su vez que intervenir los mecanismos de control inhibitorio que refer\u00edamos al principio para regular el tipo de respuesta en funci\u00f3n de la verdad objetiva y lo que se estime oportuno tamizar para no provocar des\u00e1nimos y desesperos. Muchas veces se opta por dejar pasar el tiempo sin comprometerse, como ocurre en la actual pandemia.<\/p>\n<p>La anticipaci\u00f3n oportuna se basa sobre todo en sistemas de aprendizaje y experiencia. \u00a0Cuando de viaje vacacional se nos hace esa pueril pregunta puede plantearse la respuesta con bastante anticipaci\u00f3n. Pero ahora con la pandemia viral nos encontramos inmersos en un viaje incierto, peligroso e impredecible y se debe responder seg\u00fan la idiosincrasia de quien pregunta.<\/p>\n<p><img loading=\"lazy\" class=\"attachment-266x266 size-266x266 aligncenter\" src=\"https:\/\/static-blogs.lasprovincias.es\/wp-content\/uploads\/sites\/38\/2020\/04\/imagen-blog.-Pap%C3%A1-queda-mucho%C2%BF-2.jpg\" sizes=\"(max-width: 266px) 100vw, 266px\" srcset=\"https:\/\/static-blogs.lasprovincias.es\/wp-content\/uploads\/sites\/38\/2020\/04\/imagen-blog.-Pap\u00e1-queda-mucho\u00bf-2.jpg 1444w, https:\/\/static-blogs.lasprovincias.es\/wp-content\/uploads\/sites\/38\/2020\/04\/imagen-blog.-Pap\u00e1-queda-mucho\u00bf-2-300x175.jpg 300w, https:\/\/static-blogs.lasprovincias.es\/wp-content\/uploads\/sites\/38\/2020\/04\/imagen-blog.-Pap\u00e1-queda-mucho\u00bf-2-768x448.jpg 768w, https:\/\/static-blogs.lasprovincias.es\/wp-content\/uploads\/sites\/38\/2020\/04\/imagen-blog.-Pap\u00e1-queda-mucho\u00bf-2-1024x598.jpg 1024w\" alt=\"\" width=\"266\" height=\"155\" \/><\/p>\n<p><strong>En la cuarentena los padres tiene un papel mucho m\u00e1s dif\u00edcil con sus hijos<\/strong><\/p>\n<p>Cuando un ni\u00f1o nos hace esa pregunta est\u00e1 pidiendo no tanto conocer la respuesta categ\u00f3rica, sino que est\u00e1 tambi\u00e9n nos est\u00e1 informando de su comprensible desaz\u00f3n para conseguir de nosotros un apoyo sobre su estado an\u00edmico que le haga sobrellevar mejor la espera de lo que parece que nunca va a acabar. Esta situaci\u00f3n se hace mucho m\u00e1s palpable en los ni\u00f1os con trastornos del neurodesarrollo donde sus niveles de comprensi\u00f3n y de aceptaci\u00f3n pueden ser muy variables.<\/p>\n<p>Un ni\u00f1o con <em>Trastorno del espectro Autista (TEA)<\/em>, por su dificultad para entender el estado mental de otras personas, dif\u00edcilmente asumir\u00e1 la limitaci\u00f3n de las rutinas que se suprimen por el confinamiento obligado. Por eso es muy plausible la tolerancia m\u00e1xima de las disposiciones dadas para seguir haciendo actividades diarias como los paseos y ocupaciones terap\u00e9uticas que puedan facilitarse en su domicilio, siendo en determinados casos a\u00fan mas imperiosas. Se recomienda leer la web y blogs de los centros especializados que dan normas pr\u00e1cticas de intervenci\u00f3n durante la cuarentena.<\/p>\n<p>Los ni\u00f1os con <em>Trastorno por D\u00e9ficit de Atenci\u00f3n e Hiperactividad (TDAH)<\/em> pueden llevar muy bien la situaci\u00f3n sobre todo en los casos denominados inatentos, que se resuelven estando mas pendientes de ellos y favoreciendo el empleo de rutinas cambiantes y apoyos para su cumplimentaci\u00f3n, incluyendo la realizaci\u00f3n de los deberes. Esto implica un esfuerzo a\u00f1adido para sus padres, que mediante las explicaciones consecuentes hacen m\u00e1s llevadero para ellos el tiempo de espera del confinamiento.<\/p>\n<p>Pero en los casos de hiperactividad con impulsividad relevante y un \u00a0negativismo floreciente, \u00a0sobre todo en la \u00e9poca de la adolescencia, e incluso antes, las situaciones que pueden plantearse son muy conflictivas como rabietas y duros enfrentamientos con sus padres, pudiendo ser precisa una asistencia facultativa. Se requiere una dosis de paciencia a\u00f1adida y dar mayores explicaciones porque, aunque sean obvias, estos chicos y chicas necesitan m\u00e1s tiempo para asumir su frustraci\u00f3n. Debido a su intolerancia no vale con un razonamiento estricto para que asuman sin m\u00e1s el encerramiento obligado, sino que se necesita mucha mano izquierda. Deben potenciarse los entretenimientos programados y una actividad f\u00edsica reglada en casa que mitigue su sensaci\u00f3n de encorsetamiento e impotencia.<\/p>\n<p>Bajo las actuales circunstancias de cuarentena obligada los padres tienen un papel mucho m\u00e1s dif\u00edcil conviviendo con sus hijos. Adem\u00e1s de tener que trabajar telem\u00e1ticamente, a lo que no suelen estar acostumbrados, muchas veces tienen que atenderlos simult\u00e1neamente, con las peculiaridades de cada uno. No hay una receta infalible pero ambos padres tienen que aprender a aunar sus esfuerzos de forma coordinada, trasmitiendo a sus hijos explicaciones y estrategias de funcionamiento personales y familiares, a pesar de la incertidumbre a\u00f1adida de no saber la respuesta sobre cuando es el final de este sorprendente y arriesgado viaje.<\/p>\n<!-- AddThis Advanced Settings generic via filter on the_content --><!-- AddThis Share Buttons generic via filter on the_content -->","protected":false},"excerpt":{"rendered":"<p>(La prolongaci\u00f3n del confinamiento por Covid19 cuestiona la actuaci\u00f3n con los ni\u00f1os, por lo que se reproduce esta Tribuna de Opini\u00f3n de la edici\u00f3n impresa del\u00a0 4 de Abril 2020 en Las Provincias ) \u00bfPAP\u00c1, QUEDA MUCHO? Esta frase etiquetada como &#8220;hecha&#8221; tiene una gran vigencia en estos tediosos d\u00edas de pandemia. La pregunt\u00e1bamos tratando [&hellip;]<!-- AddThis Advanced Settings generic via filter on get_the_excerpt --><!-- AddThis Share Buttons generic via filter on get_the_excerpt --><\/p>\n","protected":false},"author":44,"featured_media":239,"comment_status":"open","ping_status":"closed","sticky":false,"template":"","format":"standard","meta":[],"categories":[1],"tags":[],"_links":{"self":[{"href":"https:\/\/blogs.lasprovincias.es\/mihijomellama\/wp-json\/wp\/v2\/posts\/236"}],"collection":[{"href":"https:\/\/blogs.lasprovincias.es\/mihijomellama\/wp-json\/wp\/v2\/posts"}],"about":[{"href":"https:\/\/blogs.lasprovincias.es\/mihijomellama\/wp-json\/wp\/v2\/types\/post"}],"author":[{"embeddable":true,"href":"https:\/\/blogs.lasprovincias.es\/mihijomellama\/wp-json\/wp\/v2\/users\/44"}],"replies":[{"embeddable":true,"href":"https:\/\/blogs.lasprovincias.es\/mihijomellama\/wp-json\/wp\/v2\/comments?post=236"}],"version-history":[{"count":2,"href":"https:\/\/blogs.lasprovincias.es\/mihijomellama\/wp-json\/wp\/v2\/posts\/236\/revisions"}],"predecessor-version":[{"id":243,"href":"https:\/\/blogs.lasprovincias.es\/mihijomellama\/wp-json\/wp\/v2\/posts\/236\/revisions\/243"}],"wp:featuredmedia":[{"embeddable":true,"href":"https:\/\/blogs.lasprovincias.es\/mihijomellama\/wp-json\/wp\/v2\/media\/239"}],"wp:attachment":[{"href":"https:\/\/blogs.lasprovincias.es\/mihijomellama\/wp-json\/wp\/v2\/media?parent=236"}],"wp:term":[{"taxonomy":"category","embeddable":true,"href":"https:\/\/blogs.lasprovincias.es\/mihijomellama\/wp-json\/wp\/v2\/categories?post=236"},{"taxonomy":"post_tag","embeddable":true,"href":"https:\/\/blogs.lasprovincias.es\/mihijomellama\/wp-json\/wp\/v2\/tags?post=236"}],"curies":[{"name":"wp","href":"https:\/\/api.w.org\/{rel}","templated":true}]}}