{"id":313,"date":"2023-03-21T15:47:10","date_gmt":"2023-03-21T14:47:10","guid":{"rendered":"https:\/\/blogs.lasprovincias.es\/mihijomellama\/?p=313"},"modified":"2023-03-21T15:47:10","modified_gmt":"2023-03-21T14:47:10","slug":"simbiosis-y-politica","status":"publish","type":"post","link":"https:\/\/blogs.lasprovincias.es\/mihijomellama\/2023\/03\/21\/simbiosis-y-politica\/","title":{"rendered":"SIMBIOSIS Y POLITICA"},"content":{"rendered":"<p>El cuerpo humano, para alargar su supervivencia, ha adquirido la cualidad de haber conseguido un equilibrio homeost\u00e1tico con otros agentes vivos que le facilitan prolongar a\u00f1os su existencia, incluso con mecanismos epigen\u00e9ticos adaptativos. A esta circunstancia vital el bi\u00f3logo Wallin la describi\u00f3 como la tensi\u00f3n producida por las diferentes reacciones de los organismos ante la presencia de otros, con tendencia a acercarse y a alejarse, lo que explicar\u00eda el inicio de las relaciones simbi\u00f3ticas.<\/p>\n<p>Hay muchos ejemplos en el planeta azul tierra y algunos organismos poseen relaciones simbi\u00f3ticas complejas, como los pulgones que insertan virus en sus hu\u00e9spedes para desactivar las defensas que destruyen las larvas del par\u00e1sito. La especie humana, contiene numerosas comunidades de bacterias y el 10% de nuestro peso en seco son microorganismos que mantienen diferentes relaciones simbi\u00f3ticas con nosotros.\u200b Tambi\u00e9n mas de 200 de nuestros genes corresponden a material gen\u00e9tico procedente de bacterias. \u200b<\/p>\n<p>Como la pol\u00edtica es el reflejo de las relaciones humanas, pueden verse muchas circunstamcias de simbiosis impensables que acaban siendo realidad. Cuando se dice que no todo vale en politica puede interpretarse que se quiere justificar el fondo de la cuestion, de que s\u00ed vale todo. Pero no \u201ctodo de todo\u201d, sino solo lo que suponga llevarse a su terreno la opci\u00f3n politica necesaria para hacerse con el liderazgo colectivo. Y ah\u00ed es cuando comienzan los procesos de simbiosis pol\u00edticas donde nunca es cre\u00edble aquello de que \u201cde esta agua no beber\u00e9\u201d.<\/p>\n<p>Ejemplos hay muchos y estamos hartos de ver como el mism\u00edsimo presidente de la naci\u00f3n incumple muchas de sus promesas hechas y sigue con el rictus imperturbable, como si nada. Vienen \u00e9pocas electorales y nos inundan con futuras acciones de gobierno que muchas no se cumplir\u00e1n, no por voluntad de hacerlo, sino porque los recursos no dan para mas y los presupuestos no siempre son reales.<\/p>\n<p>Pero pasemos de la teor\u00eda a la pr\u00e1ctica, ahora que estamos a un paso de las elecciones. Las posiciones de los dos grupos mayoritarios est\u00e1n claras y cada \u201corganismo\u201d mantiene su posicion sin un \u00e1pice de simbiosis propia entre ambos, como ser\u00eda lo ideal. En cambio buscar\u00e1n simbiosis o acuerdos tangenciales con otros minoritarios, \u201ccomulgando con ruedas de molino\u201d aunque ello les suponga contradicciones posteriores, \u00a0para conseguir el objetivo de gobernar.<\/p>\n<p>Por una parte tenemos al PSOE queriendo continuar con los nacionalistas separatistas y la extrema izquierda, y por otra parte al Partido Popular (PP) tratando de sumar con los llamados de la extrema derecha. Finalmente Ciudadanos (CS) en el centro, al que por ambos lados quieren fagocitar para asegurarse su propia mayor\u00eda, la cual, digan lo que digan unos y otros, hoy dia no est\u00e1 nada clara.<\/p>\n<p>Volvamos a los ejemplos de simbiosis animal y como algunos organismos aparentemente poco relevantes adquieren gran importancia, como los p\u00e1jaros \u201cpico rojo\u201d que desparasitan a los rinocerontes, o la relaci\u00f3n entre la an\u00e9mona de mar y el cangrejo ermita\u00f1o que le ofrece el desplazamiento a cambio de sus tent\u00e1culos venenosos que le protegen de sus depredadores.<\/p>\n<p>Ciudanos puede optar por hacerse el <em>harakiri<\/em> y retirase del tablado electoral, pero eso es harto improbable dado que los puristas del centro cada vez est\u00e1n mas convencidos de que es un espacio politico necesario en Espa\u00f1a, como existen otros partidos de corte liberal en Europa. Pero siendo la pol\u00edtica como un carrusel en el que ahora CS \u00a0est\u00e1 de bajada y quieren que se hunda, la idea ser\u00eda al menos tratar de mantenerse vivos esperando que vengan tiempos mejores y su resurgir al nivel que le corresponda.<\/p>\n<p>Ante esta situaci\u00f3n y para no desaparecer CS de las instituciones, parece que lo mas sensato ser\u00eda la simbiosis adecuada con el colectivo que parezca mas af\u00edn, seg\u00fan opinen sus afiliados, aunque sea con un papel secundario para de que sus votos no caigan en saco roto si no alcanzan el % que les de representaci\u00f3n parlamentaria.<\/p>\n<p>Esos millares de votos podr\u00edan ser decisivos a la hora de sumarse a uno de los dos partidos mayoritarios, ya que a cada uno les permitir\u00eda a\u00f1adir los esca\u00f1os necesarios para obtener una coalici\u00f3n decisoria. Mi opci\u00f3n personal para evitar la nefasta repetici\u00f3n del tripartito gobernante en la Comunidad Valenciana, ser\u00eda que Ciudadanos se integre en una coalici\u00f3n, sin perder su identidad, en el espacio politico de centro derecha que tradicionalemente ha correspondido al Partido Polular.<\/p>\n<p>Tampoco deben subestimarse a los electores que provienen del centro izquierda que votaron a CS en las \u00faltimas elecciones, ahora desencantados por el p\u00e1bulo que el PSOE ha dado a los grupos radicales nacionalistas, separatistas y de extrema izquierda. Tal vez caigan en la abstenci\u00f3n pero podr\u00edan facilitar el cambio politico para un futuro optimista y mejor, visto el sombr\u00edo panorama al que nos ha conducido el actual gobierno nacional y comunitario.<\/p>\n<p>Las espadas ya est\u00e1n desenvainadas, el todo vale en politica dar\u00e1 pi\u00e9 a simbiosis insospechadas, asi que nadie se equivoque despreciando a quien puede ser su compa\u00f1ero de viaje, aunque lo tenga que llevar en el furg\u00f3n de cola.<\/p>\n<!-- AddThis Advanced Settings generic via filter on the_content --><!-- AddThis Share Buttons generic via filter on the_content -->","protected":false},"excerpt":{"rendered":"<p>El cuerpo humano, para alargar su supervivencia, ha adquirido la cualidad de haber conseguido un equilibrio homeost\u00e1tico con otros agentes vivos que le facilitan prolongar a\u00f1os su existencia, incluso con mecanismos epigen\u00e9ticos adaptativos. A esta circunstancia vital el bi\u00f3logo Wallin la describi\u00f3 como la tensi\u00f3n producida por las diferentes reacciones de los organismos ante la [&hellip;]<!-- AddThis Advanced Settings generic via filter on get_the_excerpt --><!-- AddThis Share Buttons generic via filter on get_the_excerpt --><\/p>\n","protected":false},"author":44,"featured_media":0,"comment_status":"open","ping_status":"closed","sticky":false,"template":"","format":"standard","meta":[],"categories":[1],"tags":[],"_links":{"self":[{"href":"https:\/\/blogs.lasprovincias.es\/mihijomellama\/wp-json\/wp\/v2\/posts\/313"}],"collection":[{"href":"https:\/\/blogs.lasprovincias.es\/mihijomellama\/wp-json\/wp\/v2\/posts"}],"about":[{"href":"https:\/\/blogs.lasprovincias.es\/mihijomellama\/wp-json\/wp\/v2\/types\/post"}],"author":[{"embeddable":true,"href":"https:\/\/blogs.lasprovincias.es\/mihijomellama\/wp-json\/wp\/v2\/users\/44"}],"replies":[{"embeddable":true,"href":"https:\/\/blogs.lasprovincias.es\/mihijomellama\/wp-json\/wp\/v2\/comments?post=313"}],"version-history":[{"count":1,"href":"https:\/\/blogs.lasprovincias.es\/mihijomellama\/wp-json\/wp\/v2\/posts\/313\/revisions"}],"predecessor-version":[{"id":314,"href":"https:\/\/blogs.lasprovincias.es\/mihijomellama\/wp-json\/wp\/v2\/posts\/313\/revisions\/314"}],"wp:attachment":[{"href":"https:\/\/blogs.lasprovincias.es\/mihijomellama\/wp-json\/wp\/v2\/media?parent=313"}],"wp:term":[{"taxonomy":"category","embeddable":true,"href":"https:\/\/blogs.lasprovincias.es\/mihijomellama\/wp-json\/wp\/v2\/categories?post=313"},{"taxonomy":"post_tag","embeddable":true,"href":"https:\/\/blogs.lasprovincias.es\/mihijomellama\/wp-json\/wp\/v2\/tags?post=313"}],"curies":[{"name":"wp","href":"https:\/\/api.w.org\/{rel}","templated":true}]}}