{"id":661,"date":"2012-01-07T21:19:04","date_gmt":"2012-01-07T21:19:04","guid":{"rendered":"http:\/\/firmas.lasprovincias.es\/julianlarraz\/?p=661"},"modified":"2012-01-07T21:19:04","modified_gmt":"2012-01-07T21:19:04","slug":"ford-el-puerto-y-mercadona-consum-claves-para-salir-de-la-crisis","status":"publish","type":"post","link":"https:\/\/blogs.lasprovincias.es\/nimioeconomia\/2012\/01\/07\/ford-el-puerto-y-mercadona-consum-claves-para-salir-de-la-crisis\/","title":{"rendered":"Ford, el Puerto y Mercadona \/ Consum: claves para salir de la crisis."},"content":{"rendered":"<p>La Comunitat Valenciana tiene<strong> tres palancas de crecimiento que a\u00fan siguen vivas<\/strong>: Ford, el Puerto de Valencia y Mercadona\/Consum.<\/p>\n<p>El primer referente, la planta de Ford en Almussafes tildada de motor econ\u00f3mico de la Comunitat, est\u00e1 sufriendo la crisis en todos sus apartados. Con una larga lista de expedientes de regulaci\u00f3n de empleo temporales ha logrado en estos cuatro a\u00f1os de crisis <strong>pasar de ser el comod\u00edn que utilizaba Ford<\/strong> para ayudar a sus plantas alemanas (Colonia y Saarlouis) a tener en exclusiva tres modelos:<strong> C-Max, Kuga y Transit Connect<\/strong>.<\/p>\n<p>El segundo referente econ\u00f3mico de la Comunitat es el<strong> Puerto de Valencia<\/strong>. Hace cuatro a\u00f1os, el l\u00edder por movimiento de contenedores era Algeciras mientras que Valencia peleaba con Barcelona. <strong>Hoy es el &#8216;hub&#8217; (puerto de referencia) del sur del Mediterr\u00e1eno.<\/strong> La comercializaci\u00f3n de la ZAL ser\u00e1 clave para que al negocio portuario se le una el log\u00edsitico, <strong>capaz de generar puestos de trabajo de altos salarios que adem\u00e1s gozan de estabilidad<\/strong>.<\/p>\n<p>El tercer referente es <strong>la suma de Mercadona y Consum<\/strong>. La cadena de Juan Roig, primera empresa de la Comunitat por facturaci\u00f3n, es por s\u00ed misma una <strong>fuente de empleo fijo y estable en toda Espa\u00f1a<\/strong> del mismo modo (aunque a menor escala) que Consum. La gran ventaja que tiene la Comunitat Valenciana es tener <strong>dos modelos de supermercados que en algunos puntos llevan estrategias opuestas aunque ambos funcionan de manera exitosa<\/strong>.<\/p>\n<p>Sin embargo, Ford, el Puerto, Mercadona y Consum tienen un peso individual menor del que realmente tienen. La gran ventaja de estos referentes no est\u00e1 en sus puestos de trabajo y beneficios que logran sino en que <strong>son, hoy por hoy, los \u00fanicos capaces de generar empresas que facturan 100 millones de euros.<\/strong><\/p>\n<p><strong>Verdifresh<\/strong> acaba de anunciar que prev\u00e9 aumentar su facturaci\u00f3n un 25% desde los 82 millones que obtuvo en 2011. Si lo logra, pasar\u00e1 a entrar en el escaso y selecto grupo de empresas que tiene un <strong>volumen de negocio de 100 millones de euros<\/strong>.<\/p>\n<p>Dentro de la dimensi\u00f3n que tiene la Comunitat Valenciana, <strong>a este tipo de empresas las debemos considerar grandes empresas<\/strong> (en Alemania son pymes). Por ello, a la hora de valorar las pol\u00edticas de ayuda a estos gigantes econ\u00f3micos (Ford, el Puerto, Mercadona y Consum) <strong>debemos recordar que ellos logran reducir el peso de las pymes en el tejido industrial con la creaci\u00f3n de proveedores que facturan en tres cifras.<\/strong><\/p>\n<p>Esos intangibles cuentan y mucho. Las empresas de este tama\u00f1o son generadores de trabajo y estabilidad, <strong>dos factores muy anhelados actualmente<\/strong>.<\/p>\n<p>S\u00edgueme en Twitter. <a href=\"http:\/\/www.twitter.es\/julianlarraz\" target=\"_blank\" rel=\"external nofollow\">@julianlarraz<\/a><\/p>\n<!-- AddThis Advanced Settings generic via filter on the_content --><!-- AddThis Share Buttons generic via filter on the_content -->","protected":false},"excerpt":{"rendered":"<p>La Comunitat Valenciana tiene tres palancas de crecimiento que a\u00fan siguen vivas: Ford, el Puerto de Valencia y Mercadona\/Consum. El primer referente, la planta de Ford en Almussafes tildada de motor econ\u00f3mico de la Comunitat, est\u00e1 sufriendo la crisis en todos sus apartados. Con una larga lista de expedientes de regulaci\u00f3n de empleo temporales ha [&hellip;]<!-- AddThis Advanced Settings generic via filter on get_the_excerpt --><!-- AddThis Share Buttons generic via filter on get_the_excerpt --><\/p>\n","protected":false},"author":17,"featured_media":0,"comment_status":"open","ping_status":"closed","sticky":false,"template":"","format":"standard","meta":[],"categories":[4],"tags":[28,95,136,147,152,278,350,391,467,470,507,549,559],"_links":{"self":[{"href":"https:\/\/blogs.lasprovincias.es\/nimioeconomia\/wp-json\/wp\/v2\/posts\/661"}],"collection":[{"href":"https:\/\/blogs.lasprovincias.es\/nimioeconomia\/wp-json\/wp\/v2\/posts"}],"about":[{"href":"https:\/\/blogs.lasprovincias.es\/nimioeconomia\/wp-json\/wp\/v2\/types\/post"}],"author":[{"embeddable":true,"href":"https:\/\/blogs.lasprovincias.es\/nimioeconomia\/wp-json\/wp\/v2\/users\/17"}],"replies":[{"embeddable":true,"href":"https:\/\/blogs.lasprovincias.es\/nimioeconomia\/wp-json\/wp\/v2\/comments?post=661"}],"version-history":[{"count":0,"href":"https:\/\/blogs.lasprovincias.es\/nimioeconomia\/wp-json\/wp\/v2\/posts\/661\/revisions"}],"wp:attachment":[{"href":"https:\/\/blogs.lasprovincias.es\/nimioeconomia\/wp-json\/wp\/v2\/media?parent=661"}],"wp:term":[{"taxonomy":"category","embeddable":true,"href":"https:\/\/blogs.lasprovincias.es\/nimioeconomia\/wp-json\/wp\/v2\/categories?post=661"},{"taxonomy":"post_tag","embeddable":true,"href":"https:\/\/blogs.lasprovincias.es\/nimioeconomia\/wp-json\/wp\/v2\/tags?post=661"}],"curies":[{"name":"wp","href":"https:\/\/api.w.org\/{rel}","templated":true}]}}