{"id":743,"date":"2012-01-18T09:45:57","date_gmt":"2012-01-18T09:45:57","guid":{"rendered":"http:\/\/firmas.lasprovincias.es\/julianlarraz\/?p=743"},"modified":"2012-01-18T09:45:57","modified_gmt":"2012-01-18T09:45:57","slug":"el-fabricante-espanol-de-libros-electronicos-papire-reduce-su-produccion-por-falta-de-credito-justo-lo-contrario-que-apple-con-el-ipad2","status":"publish","type":"post","link":"https:\/\/blogs.lasprovincias.es\/nimioeconomia\/2012\/01\/18\/el-fabricante-espanol-de-libros-electronicos-papire-reduce-su-produccion-por-falta-de-credito-justo-lo-contrario-que-apple-con-el-ipad2\/","title":{"rendered":"El fabricante espa\u00f1ol de libros electr\u00f3nicos Papire reduce su producci\u00f3n por falta de cr\u00e9dito, justo lo contrario que Apple con el iPad2"},"content":{"rendered":"<p>La empresa granadina Papire ha sufrido de manera directa la restricci\u00f3n del cr\u00e9dito en Espa\u00f1a. Seg\u00fan comentan desde Carrefour, el fabricante de libros electr\u00f3nicos, cuya tecnolog\u00eda es puntera a nivel mundial, ha sufrido recientemente los efectos de la crisis financiera.<\/p>\n<p>La firma referente del sector monta y dise\u00f1a sus lectores de libro electr\u00f3nico en Granada pero la mayor\u00eda de los componentes de sus productos se fabrican en Asia. Para una tirada de unos 15.000 lectores, la empresa solicit\u00f3, seg\u00fan explican desde Carrefour, una l\u00ednea de cr\u00e9dito que le fue denegada a pesar de que desde la multinacional gala aseguran que su producto es un \u00e9xito de ventas.<\/p>\n<p>La falta de financiaci\u00f3n de Papire contrasta con lo que le sucede a Apple. La multinacional de Cupertino ha reducido su producci\u00f3n de iPad2 de manera voluntaria con tal de controlar y mantener a la demanda y, de este modo, evitar una ca\u00edda en el precio. Esta pr\u00e1ctica, que s\u00f3lo se puede hacer si el fabricante es absoluto dominador del mercado, parece completamente inviable en una empresa espa\u00f1ola que no puede aumentar su facturaci\u00f3n por la falta de cr\u00e9dito.<\/p>\n<!-- AddThis Advanced Settings generic via filter on the_content --><!-- AddThis Share Buttons generic via filter on the_content -->","protected":false},"excerpt":{"rendered":"<p>La empresa granadina Papire ha sufrido de manera directa la restricci\u00f3n del cr\u00e9dito en Espa\u00f1a. Seg\u00fan comentan desde Carrefour, el fabricante de libros electr\u00f3nicos, cuya tecnolog\u00eda es puntera a nivel mundial, ha sufrido recientemente los efectos de la crisis financiera. La firma referente del sector monta y dise\u00f1a sus lectores de libro electr\u00f3nico en Granada [&hellip;]<!-- AddThis Advanced Settings generic via filter on get_the_excerpt --><!-- AddThis Share Buttons generic via filter on get_the_excerpt --><\/p>\n","protected":false},"author":17,"featured_media":0,"comment_status":"open","ping_status":"closed","sticky":false,"template":"","format":"standard","meta":[],"categories":[4],"tags":[37,114,339,362,426,534,535],"_links":{"self":[{"href":"https:\/\/blogs.lasprovincias.es\/nimioeconomia\/wp-json\/wp\/v2\/posts\/743"}],"collection":[{"href":"https:\/\/blogs.lasprovincias.es\/nimioeconomia\/wp-json\/wp\/v2\/posts"}],"about":[{"href":"https:\/\/blogs.lasprovincias.es\/nimioeconomia\/wp-json\/wp\/v2\/types\/post"}],"author":[{"embeddable":true,"href":"https:\/\/blogs.lasprovincias.es\/nimioeconomia\/wp-json\/wp\/v2\/users\/17"}],"replies":[{"embeddable":true,"href":"https:\/\/blogs.lasprovincias.es\/nimioeconomia\/wp-json\/wp\/v2\/comments?post=743"}],"version-history":[{"count":0,"href":"https:\/\/blogs.lasprovincias.es\/nimioeconomia\/wp-json\/wp\/v2\/posts\/743\/revisions"}],"wp:attachment":[{"href":"https:\/\/blogs.lasprovincias.es\/nimioeconomia\/wp-json\/wp\/v2\/media?parent=743"}],"wp:term":[{"taxonomy":"category","embeddable":true,"href":"https:\/\/blogs.lasprovincias.es\/nimioeconomia\/wp-json\/wp\/v2\/categories?post=743"},{"taxonomy":"post_tag","embeddable":true,"href":"https:\/\/blogs.lasprovincias.es\/nimioeconomia\/wp-json\/wp\/v2\/tags?post=743"}],"curies":[{"name":"wp","href":"https:\/\/api.w.org\/{rel}","templated":true}]}}