{"id":8,"date":"2010-04-07T11:27:34","date_gmt":"2010-04-07T11:27:34","guid":{"rendered":"http:\/\/firmas.lasprovincias.es\/julianlarraz\/trabajo-a-la-basura"},"modified":"2010-04-07T11:27:34","modified_gmt":"2010-04-07T11:27:34","slug":"trabajo-a-la-basura","status":"publish","type":"post","link":"https:\/\/blogs.lasprovincias.es\/nimioeconomia\/2010\/04\/07\/trabajo-a-la-basura\/","title":{"rendered":"Trabajo a la basura"},"content":{"rendered":"<p>Hacer algo para nada da rabia. \u00bfCu\u00e1ntas veces se cumplen encargos que finalmente acaban en la basura? Creo que todo el mundo alguna vez ha sentido esa desilusi\u00f3n mezclada con rabia de ver que un trabajo realizado acaba en la basura o no sirve para lo que se hab\u00eda concebido. Esta sensaci\u00f3n la deben tener Sergio Puente y Paula S\u00e1nchez. Ten\u00edan la oportunidad de haber salido nombrados en todos los peri\u00f3dicos, en todas las televisiones. Sus segundos de gloria se han esfumado. Ambos pertenecen a la Direcci\u00f3n General del Servicio de Estudios del Banco de Espa\u00f1a y terminan un art\u00edculo diciendo que el aumento de la poblaci\u00f3n &#8220;generar\u00e1 una fuerte presi\u00f3n al alza sobre el gasto en pensiones y sanidad&#8221;. Menuda frase si la oportunista decisi\u00f3n de ampliar la edad de jubilaci\u00f3n no hubiera durado s\u00f3lo una semana.<br \/>\nAquel gran miedo en el cuerpo que meti\u00f3 Zapatero a los espa\u00f1oles con su sugerencia de ampliar la edad de jubilaci\u00f3n de los 65 a los 67 a\u00f1os ocurri\u00f3 el 29 de enero. Por aquel entonces, el Bolet\u00edn del Banco de Espa\u00f1a ya estaba en imprenta por lo que el encargo de un estudio riguroso que demostrara que la pol\u00edtica de Zapatero es justa y necesaria se deb\u00eda prorrogar. Y as\u00ed ocurri\u00f3 hasta que el art\u00edculo titulado &#8216;Evoluci\u00f3n reciente de la poblaci\u00f3n en Espa\u00f1a y proyecciones a corto y largo plazo&#8217; se public\u00f3 en el Bolet\u00edn de Febrero en un art\u00edculo fechado el 22 de febrero pero que no se ha distribuido a los medios de comunicaci\u00f3n hasta hace pocas fechas.<br \/>\nEsta maniobra propagand\u00edstica est\u00e1 ahora fuera de lugar. \u00bfA qui\u00e9n le interesa si es necesario ampliar o no la edad de jubilaci\u00f3n cuando ya sabemos que esto s\u00f3lo lo hizo Zapatero para calmar su inicio como presidente de turno de Europa? Lo \u00fanico interesante del estudio es que alguna vez alguien pens\u00f3 que para que una pol\u00edtica fuera justa y necesaria deb\u00eda tener argumentos de peso como la opini\u00f3n de algunos poseedores de bolas de cristal y una estad\u00edstica hecha de forma que impacte cuando se traslade al papel del peri\u00f3dico.<\/p>\n<!-- AddThis Advanced Settings generic via filter on the_content --><!-- AddThis Share Buttons generic via filter on the_content -->","protected":false},"excerpt":{"rendered":"<p>Hacer algo para nada da rabia. \u00bfCu\u00e1ntas veces se cumplen encargos que finalmente acaban en la basura? Creo que todo el mundo alguna vez ha sentido esa desilusi\u00f3n mezclada con rabia de ver que un trabajo realizado acaba en la basura o no sirve para lo que se hab\u00eda concebido. Esta sensaci\u00f3n la deben tener [&hellip;]<!-- AddThis Advanced Settings generic via filter on get_the_excerpt --><!-- AddThis Share Buttons generic via filter on get_the_excerpt --><\/p>\n","protected":false},"author":17,"featured_media":0,"comment_status":"open","ping_status":"closed","sticky":false,"template":"","format":"standard","meta":[],"categories":[4],"tags":[],"_links":{"self":[{"href":"https:\/\/blogs.lasprovincias.es\/nimioeconomia\/wp-json\/wp\/v2\/posts\/8"}],"collection":[{"href":"https:\/\/blogs.lasprovincias.es\/nimioeconomia\/wp-json\/wp\/v2\/posts"}],"about":[{"href":"https:\/\/blogs.lasprovincias.es\/nimioeconomia\/wp-json\/wp\/v2\/types\/post"}],"author":[{"embeddable":true,"href":"https:\/\/blogs.lasprovincias.es\/nimioeconomia\/wp-json\/wp\/v2\/users\/17"}],"replies":[{"embeddable":true,"href":"https:\/\/blogs.lasprovincias.es\/nimioeconomia\/wp-json\/wp\/v2\/comments?post=8"}],"version-history":[{"count":0,"href":"https:\/\/blogs.lasprovincias.es\/nimioeconomia\/wp-json\/wp\/v2\/posts\/8\/revisions"}],"wp:attachment":[{"href":"https:\/\/blogs.lasprovincias.es\/nimioeconomia\/wp-json\/wp\/v2\/media?parent=8"}],"wp:term":[{"taxonomy":"category","embeddable":true,"href":"https:\/\/blogs.lasprovincias.es\/nimioeconomia\/wp-json\/wp\/v2\/categories?post=8"},{"taxonomy":"post_tag","embeddable":true,"href":"https:\/\/blogs.lasprovincias.es\/nimioeconomia\/wp-json\/wp\/v2\/tags?post=8"}],"curies":[{"name":"wp","href":"https:\/\/api.w.org\/{rel}","templated":true}]}}