{"id":800,"date":"2012-02-08T19:55:58","date_gmt":"2012-02-08T19:55:58","guid":{"rendered":"http:\/\/blogs.lasprovincias.es\/nimioeconomia\/?p=800"},"modified":"2012-02-08T19:55:58","modified_gmt":"2012-02-08T19:55:58","slug":"crisis-brotes-verdes-en-castellon","status":"publish","type":"post","link":"https:\/\/blogs.lasprovincias.es\/nimioeconomia\/2012\/02\/08\/crisis-brotes-verdes-en-castellon\/","title":{"rendered":"\u00bfCrisis? Brotes verdes en Castell\u00f3n"},"content":{"rendered":"<p>El sector de la cer\u00e1mica vive una situaci\u00f3n econ\u00f3mica distinta al del resto de la sociedad. En Cevisama no se respira crisis ni pesimismo. Es obvio que tampoco bonanza ni derroche. Los azulejeros est\u00e1n, simplemente, una fase m\u00e1s avanzados que el resto. Han iniciado la recuperaci\u00f3n.<\/p>\n<p>Hay varios datos que refuerzan esta realidad:<\/p>\n<p>-Cevisama ha logrado la mayor afluencia de p\u00fablico en un certamen de Feria Valencia de los \u00faltimos cinco a\u00f1os.<\/p>\n<p>-La cer\u00e1mica ha sido el primer sector en asegurar que no van a despedir a nadie m\u00e1s. En todo caso, hablan de contratar.<\/p>\n<p>-La innovaci\u00f3n no es ninguna novedad. Es habitual que un expositor se ofenda cuando le preguntas \u00bfQu\u00e9 es lo nuevo? Todo es nuevo (en la mayor\u00eda).<\/p>\n<p>-Hace unos a\u00f1os se hablaba de Rusia como mercado para exportar. Ahora suena m\u00e1s Asia, ya sea Pr\u00f3ximo Oriente o China y Jap\u00f3n. Cevisama est\u00e1 lleno de visitantes de estos pa\u00edses.<\/p>\n<p>-Los expositores son prudentes pero no destilan el pesimismo que vive la sociedad. Al exportar viven en otro mundo que no est\u00e1 tan deprimido como el nacional.<\/p>\n<p>-Firman alianzas. Se ha pasado de discutir qu\u00e9 es mejor si la madera o el azulejo a ver productos conjuntos con ambos elementos con un dise\u00f1o de gran elegancia.<\/p>\n<p>-Tienen un visi\u00f3n verdaderamente global. Hablan de firmar alianzas entre todas las empresas del sector a nivel europeo.<\/p>\n<p>Estas razones hablan de un cambio. La recuperaci\u00f3n se est\u00e1 instalando en Castell\u00f3n lo cual es una genial noticia.<\/p>\n<!-- AddThis Advanced Settings generic via filter on the_content --><!-- AddThis Share Buttons generic via filter on the_content -->","protected":false},"excerpt":{"rendered":"<p>El sector de la cer\u00e1mica vive una situaci\u00f3n econ\u00f3mica distinta al del resto de la sociedad. En Cevisama no se respira crisis ni pesimismo. Es obvio que tampoco bonanza ni derroche. Los azulejeros est\u00e1n, simplemente, una fase m\u00e1s avanzados que el resto. Han iniciado la recuperaci\u00f3n. Hay varios datos que refuerzan esta realidad: -Cevisama ha [&hellip;]<!-- AddThis Advanced Settings generic via filter on get_the_excerpt --><!-- AddThis Share Buttons generic via filter on get_the_excerpt --><\/p>\n","protected":false},"author":17,"featured_media":0,"comment_status":"open","ping_status":"closed","sticky":false,"template":"","format":"standard","meta":[],"categories":[6],"tags":[53,89,119,122,169],"_links":{"self":[{"href":"https:\/\/blogs.lasprovincias.es\/nimioeconomia\/wp-json\/wp\/v2\/posts\/800"}],"collection":[{"href":"https:\/\/blogs.lasprovincias.es\/nimioeconomia\/wp-json\/wp\/v2\/posts"}],"about":[{"href":"https:\/\/blogs.lasprovincias.es\/nimioeconomia\/wp-json\/wp\/v2\/types\/post"}],"author":[{"embeddable":true,"href":"https:\/\/blogs.lasprovincias.es\/nimioeconomia\/wp-json\/wp\/v2\/users\/17"}],"replies":[{"embeddable":true,"href":"https:\/\/blogs.lasprovincias.es\/nimioeconomia\/wp-json\/wp\/v2\/comments?post=800"}],"version-history":[{"count":0,"href":"https:\/\/blogs.lasprovincias.es\/nimioeconomia\/wp-json\/wp\/v2\/posts\/800\/revisions"}],"wp:attachment":[{"href":"https:\/\/blogs.lasprovincias.es\/nimioeconomia\/wp-json\/wp\/v2\/media?parent=800"}],"wp:term":[{"taxonomy":"category","embeddable":true,"href":"https:\/\/blogs.lasprovincias.es\/nimioeconomia\/wp-json\/wp\/v2\/categories?post=800"},{"taxonomy":"post_tag","embeddable":true,"href":"https:\/\/blogs.lasprovincias.es\/nimioeconomia\/wp-json\/wp\/v2\/tags?post=800"}],"curies":[{"name":"wp","href":"https:\/\/api.w.org\/{rel}","templated":true}]}}