{"id":804,"date":"2012-02-19T23:37:57","date_gmt":"2012-02-19T23:37:57","guid":{"rendered":"http:\/\/blogs.lasprovincias.es\/nimioeconomia\/?p=804"},"modified":"2012-02-19T23:37:57","modified_gmt":"2012-02-19T23:37:57","slug":"crisis-i-esta-batalla-la-ganamos","status":"publish","type":"post","link":"https:\/\/blogs.lasprovincias.es\/nimioeconomia\/2012\/02\/19\/crisis-i-esta-batalla-la-ganamos\/","title":{"rendered":"Crisis (I) Esta batalla la ganamos"},"content":{"rendered":"<p>Empiezo una serie en el blog tras cuatro d\u00edas intensos en Feria Valencia. La noche de las finanzas con Manuel Conthe, ex presidente de la CNMV, y <strong>tres d\u00edas de continuas conferencias en Forinvest han dado mucho de s\u00ed<\/strong> para entender qu\u00e9 esta pasando en la econom\u00eda y hacia donde nos dirigimos.<\/p>\n<p><strong>La primera conclusi\u00f3n es positiva puesto que la luz se ve al final del t\u00fanel.<\/strong> El problema es que se trata de un t\u00fanel muy estrecho en el que los trenes circulan a enorme velocidad, pueden cambiar de rumbo y <strong>el riesgo de acabar atropellados es enorme.<\/strong> Sin embargo, pasito a pasito, podemos salir.<\/p>\n<p>Aunque durante los pr\u00f3ximos d\u00edas ir\u00e9 desgranando cada uno de los detalles, el resumen es que <strong>hay que cambiar de filosof\u00eda.<\/strong> Llevamos ya tiempo en la gruta por lo que ya sabemos lo que es la humedad y el fr\u00edo. Puesto que conocemos la situaci\u00f3n, no pensemos en ponernos el ba\u00f1ador ya que <strong>cuando veamos la luz del sol no significar\u00e1 que ha llegado el momento de broncearse.<\/strong><\/p>\n<p>Esta edici\u00f3n de Forinvest ha sido m\u00e1s soportable en los primeros diez minutos de cada conferencia. Catedr\u00e1ticos, banqueros, analistas y expertos <strong>no se han dedicado a hablar de los or\u00edgenes de la crisis<\/strong>. Como este es el primer post de la serie &#8216;Crisis&#8217; me permito hacer un breve resumen.<\/p>\n<p>Primero fue la crisis subprime, luego Lehman Brothers y <strong>ahora la crisis de la deuda.<\/strong><\/p>\n<p>El tercer cap\u00edtulo de la crisis tiene cerca su final. Me han contado como son las \u00faltimas p\u00e1ginas pero Jordi Sevilla, ex ministro de Administraci\u00f3n P\u00fablicas, en la \u00faltima conferencia de Forinvest me dijo: <strong>&#8220;No te he contestado a la pregunta de si \u00e9ste es el \u00faltimo cap\u00edtulo de la crisis porque sinceramente no tengo ni idea&#8221;.<\/strong> Ganamos la batalla aunque, lo siento, yo tampoco s\u00e9 cuando acaba la crisis.<\/p>\n<p>S\u00edgueme en Twitter\u00a0(<a href=\"http:\/\/www.twitter.es\/julianlarraz\" target=\"_blank\" rel=\"external nofollow\">@julianlarraz<\/a>) y comentamos la\u00a0crisis<\/p>\n<p><strong>Serie &#8216;Crisis&#8217;:<\/strong><\/p>\n<p><a href=\"https:\/\/blogs.lasprovincias.es\/nimioeconomia\/2012\/02\/19\/crisis-i-esta-batalla-la-ganamos\/\" target=\"_blank\">Crisis (I) Esta batalla la ganamos<\/a><\/p>\n<p><a href=\"https:\/\/blogs.lasprovincias.es\/nimioeconomia\/2012\/02\/20\/crisis-ii-nuestros-creditos-son-el-problema\/\" target=\"_blank\">Crisis (II) Nuestros cr\u00e9ditos son el problema<\/a><\/p>\n<p><a href=\"https:\/\/blogs.lasprovincias.es\/nimioeconomia\/2012\/02\/22\/crisis-iii-aprende-a-vivir-sin-credito\/\" target=\"_blank\">Crisis (III) Aprende a vivir sin cr\u00e9dito<\/a><\/p>\n<p><a href=\"https:\/\/blogs.lasprovincias.es\/nimioeconomia\/2012\/02\/23\/crisis-iv-y-si-el-deficit-es-bueno\/\" target=\"_blank\">Crisis (IV) Y si el d\u00e9ficit es bueno<\/a><\/p>\n<p><a href=\"https:\/\/blogs.lasprovincias.es\/nimioeconomia\/2012\/02\/27\/crisis-v-recortar-el-pib-no-es-buena-idea\/\" target=\"_blank\">Crisis (V) Recortar el PIB no es buena idea<\/a><\/p>\n<p><a href=\"https:\/\/blogs.lasprovincias.es\/nimioeconomia\/2012\/03\/01\/crisis-vi-espana-alemania\/\" target=\"_blank\">Crisis (VI) Relaci\u00f3n entre Espa\u00f1a y Alemania<\/a><\/p>\n<!-- AddThis Advanced Settings generic via filter on the_content --><!-- AddThis Share Buttons generic via filter on the_content -->","protected":false},"excerpt":{"rendered":"<p>Empiezo una serie en el blog tras cuatro d\u00edas intensos en Feria Valencia. La noche de las finanzas con Manuel Conthe, ex presidente de la CNMV, y tres d\u00edas de continuas conferencias en Forinvest han dado mucho de s\u00ed para entender qu\u00e9 esta pasando en la econom\u00eda y hacia donde nos dirigimos. La primera conclusi\u00f3n [&hellip;]<!-- AddThis Advanced Settings generic via filter on get_the_excerpt --><!-- AddThis Share Buttons generic via filter on get_the_excerpt --><\/p>\n","protected":false},"author":17,"featured_media":0,"comment_status":"open","ping_status":"closed","sticky":false,"template":"","format":"standard","meta":[],"categories":[4],"tags":[133,154,169,263,279,349],"_links":{"self":[{"href":"https:\/\/blogs.lasprovincias.es\/nimioeconomia\/wp-json\/wp\/v2\/posts\/804"}],"collection":[{"href":"https:\/\/blogs.lasprovincias.es\/nimioeconomia\/wp-json\/wp\/v2\/posts"}],"about":[{"href":"https:\/\/blogs.lasprovincias.es\/nimioeconomia\/wp-json\/wp\/v2\/types\/post"}],"author":[{"embeddable":true,"href":"https:\/\/blogs.lasprovincias.es\/nimioeconomia\/wp-json\/wp\/v2\/users\/17"}],"replies":[{"embeddable":true,"href":"https:\/\/blogs.lasprovincias.es\/nimioeconomia\/wp-json\/wp\/v2\/comments?post=804"}],"version-history":[{"count":0,"href":"https:\/\/blogs.lasprovincias.es\/nimioeconomia\/wp-json\/wp\/v2\/posts\/804\/revisions"}],"wp:attachment":[{"href":"https:\/\/blogs.lasprovincias.es\/nimioeconomia\/wp-json\/wp\/v2\/media?parent=804"}],"wp:term":[{"taxonomy":"category","embeddable":true,"href":"https:\/\/blogs.lasprovincias.es\/nimioeconomia\/wp-json\/wp\/v2\/categories?post=804"},{"taxonomy":"post_tag","embeddable":true,"href":"https:\/\/blogs.lasprovincias.es\/nimioeconomia\/wp-json\/wp\/v2\/tags?post=804"}],"curies":[{"name":"wp","href":"https:\/\/api.w.org\/{rel}","templated":true}]}}