{"id":813,"date":"2012-02-22T20:49:10","date_gmt":"2012-02-22T20:49:10","guid":{"rendered":"http:\/\/blogs.lasprovincias.es\/nimioeconomia\/?p=813"},"modified":"2012-02-22T20:49:10","modified_gmt":"2012-02-22T20:49:10","slug":"crisis-iii-aprende-a-vivir-sin-credito","status":"publish","type":"post","link":"https:\/\/blogs.lasprovincias.es\/nimioeconomia\/2012\/02\/22\/crisis-iii-aprende-a-vivir-sin-credito\/","title":{"rendered":"Crisis (III) Aprende a vivir sin cr\u00e9dito"},"content":{"rendered":"<p>Estamos (administraci\u00f3n, empresas y particulares) <strong>notablemente endeudados<\/strong>. Adem\u00e1s, los mercados (los que nos prestan o los gur\u00fas de los que nos prestan) dudan de que seamos buenos pagadores. Sin embargo, la reivindicaci\u00f3n m\u00e1s repetida desde que la crisis subprime empez\u00f3 restringir el cr\u00e9dito (Llanera ya se quej\u00f3 de esto en octubre de 2007) es que hace falta m\u00e1s cr\u00e9dito. &#8220;Necesitamos que fluya el cr\u00e9dito&#8221;, claman grandes empresarios, medianos, peque\u00f1os y aut\u00f3nomos.<\/p>\n<p>Pues <strong>va a ser que no<\/strong>.<\/p>\n<p>La soluci\u00f3n parte por interiorizar que<strong> necesitamos vivir sin cr\u00e9dito<\/strong>. La opci\u00f3n es posible si tenemos en cuenta que en los periodos de crisis el <strong>ahorro aumenta exponencialmente<\/strong> por lo que la autofinanciaci\u00f3n se convierte en una alternativa a estudiar.<\/p>\n<p>Hay que en tener en cuenta la siguiente reflexi\u00f3n. Los mercados nos consideran como un pa\u00eds notablemente endeudado. <strong>Si la soluci\u00f3n consiste en recurrir de nuevo al cr\u00e9dito no estaremos dando una respuesta correcta.<\/strong><\/p>\n<p>\u00bfQu\u00e9 podemos hacer? <strong>Necesitamos dinero sin pedirlo prestado<\/strong> y la \u00fanica forma de lograrlo es con la exportaci\u00f3n. De este modo, podemos lograr meter m\u00e1s dinero en nuestro pa\u00eds con el pagar las deudas. El empresario lograr\u00eda reducir sus cr\u00e9ditos, pondr\u00eda m\u00e1s dinero en circulaci\u00f3n (contratando a m\u00e1s personas para exportar) lo que reactivar\u00eda el consumo, permitir\u00eda pagar las deudas de las personas f\u00edsicas y v\u00eda una mayor recaudaci\u00f3n de impuestos se sanear\u00edan las cuentas p\u00fablicas.<\/p>\n<p>La cuesti\u00f3n es, por tanto, <strong>alejarnos de los m\u00e1s de 100.000 millones al a\u00f1o que ped\u00edamos a Europa para financiarnos<\/strong> para encontrar otra v\u00eda de financiaci\u00f3n: exportar para que entre en el pa\u00eds dinero.<\/p>\n<p>Otra opci\u00f3n es <strong>lograr inversi\u00f3n extranjera.<\/strong> Si la buscamos por la parte de la <strong>econom\u00eda industrial<\/strong>, necesitamos antes de lograr un inversor demostrar que somos buenas empresas y que, por tanto, merece la pena apostar por nosotros.<\/p>\n<p>La otra inversi\u00f3n extranjera que podemos buscar es <strong>la inversi\u00f3n en vivienda<\/strong>, para lo que necesitar\u00edamos dos opciones. La peor ser\u00eda bajar los precios. Si bajamos el precio de un bien inmueble que act\u00faa como garant\u00eda de un cr\u00e9dito, reducimos la seguridad que tiene la banca para prestar por lo que, para solucionar un problema acrecentamos otro (restricci\u00f3n de cr\u00e9dito). La mejor opci\u00f3n, que no depende de nosotros, es la <strong>devaluaci\u00f3n del euro y la captaci\u00f3n de clientes de otras monedas<\/strong>. Uno de los problemas del euro es que en la lista de paises que puedan tener su segunda residencia aqu\u00ed y que tengan otra moneda s\u00f3lo tenemos a Inglaterra.<\/p>\n<p>&nbsp;<\/p>\n<p>S\u00edgueme en Twitter\u00a0(<a href=\"http:\/\/www.twitter.es\/julianlarraz\" target=\"_blank\" rel=\"external nofollow\">@julianlarraz<\/a>) y comentamos la\u00a0crisis<\/p>\n<p><strong>Serie &#8216;Crisis&#8217;:<\/strong><\/p>\n<p><a href=\"https:\/\/blogs.lasprovincias.es\/nimioeconomia\/2012\/02\/19\/crisis-i-esta-batalla-la-ganamos\/\" target=\"_blank\">Crisis (I) Esta batalla la ganamos<\/a><\/p>\n<p><a href=\"https:\/\/blogs.lasprovincias.es\/nimioeconomia\/2012\/02\/20\/crisis-ii-nuestros-creditos-son-el-problema\/\" target=\"_blank\">Crisis (II) Nuestros cr\u00e9ditos son el problema<\/a><\/p>\n<p><a href=\"https:\/\/blogs.lasprovincias.es\/nimioeconomia\/2012\/02\/22\/crisis-iii-aprende-a-vivir-sin-credito\/\" target=\"_blank\">Crisis (III) Aprende a vivir sin cr\u00e9dito<\/a><\/p>\n<p><a href=\"https:\/\/blogs.lasprovincias.es\/nimioeconomia\/2012\/02\/23\/crisis-iv-y-si-el-deficit-es-bueno\/\" target=\"_blank\">Crisis (IV) Y si el d\u00e9ficit es bueno<\/a><\/p>\n<p><a href=\"https:\/\/blogs.lasprovincias.es\/nimioeconomia\/2012\/02\/27\/crisis-v-recortar-el-pib-no-es-buena-idea\/\" target=\"_blank\">Crisis (V) Recortar el PIB no es buena idea<\/a><\/p>\n<p><a href=\"https:\/\/blogs.lasprovincias.es\/nimioeconomia\/2012\/03\/01\/crisis-vi-espana-alemania\/\" target=\"_blank\">Crisis (VI) Relaci\u00f3n entre Espa\u00f1a y Alemania<\/a><\/p>\n<!-- AddThis Advanced Settings generic via filter on the_content --><!-- AddThis Share Buttons generic via filter on the_content -->","protected":false},"excerpt":{"rendered":"<p>Estamos (administraci\u00f3n, empresas y particulares) notablemente endeudados. Adem\u00e1s, los mercados (los que nos prestan o los gur\u00fas de los que nos prestan) dudan de que seamos buenos pagadores. Sin embargo, la reivindicaci\u00f3n m\u00e1s repetida desde que la crisis subprime empez\u00f3 restringir el cr\u00e9dito (Llanera ya se quej\u00f3 de esto en octubre de 2007) es que [&hellip;]<!-- AddThis Advanced Settings generic via filter on get_the_excerpt --><!-- AddThis Share Buttons generic via filter on get_the_excerpt --><\/p>\n","protected":false},"author":17,"featured_media":0,"comment_status":"open","ping_status":"closed","sticky":false,"template":"","format":"standard","meta":[],"categories":[4],"tags":[167,169],"_links":{"self":[{"href":"https:\/\/blogs.lasprovincias.es\/nimioeconomia\/wp-json\/wp\/v2\/posts\/813"}],"collection":[{"href":"https:\/\/blogs.lasprovincias.es\/nimioeconomia\/wp-json\/wp\/v2\/posts"}],"about":[{"href":"https:\/\/blogs.lasprovincias.es\/nimioeconomia\/wp-json\/wp\/v2\/types\/post"}],"author":[{"embeddable":true,"href":"https:\/\/blogs.lasprovincias.es\/nimioeconomia\/wp-json\/wp\/v2\/users\/17"}],"replies":[{"embeddable":true,"href":"https:\/\/blogs.lasprovincias.es\/nimioeconomia\/wp-json\/wp\/v2\/comments?post=813"}],"version-history":[{"count":0,"href":"https:\/\/blogs.lasprovincias.es\/nimioeconomia\/wp-json\/wp\/v2\/posts\/813\/revisions"}],"wp:attachment":[{"href":"https:\/\/blogs.lasprovincias.es\/nimioeconomia\/wp-json\/wp\/v2\/media?parent=813"}],"wp:term":[{"taxonomy":"category","embeddable":true,"href":"https:\/\/blogs.lasprovincias.es\/nimioeconomia\/wp-json\/wp\/v2\/categories?post=813"},{"taxonomy":"post_tag","embeddable":true,"href":"https:\/\/blogs.lasprovincias.es\/nimioeconomia\/wp-json\/wp\/v2\/tags?post=813"}],"curies":[{"name":"wp","href":"https:\/\/api.w.org\/{rel}","templated":true}]}}