{"id":816,"date":"2012-02-23T23:25:57","date_gmt":"2012-02-23T23:25:57","guid":{"rendered":"http:\/\/blogs.lasprovincias.es\/nimioeconomia\/?p=816"},"modified":"2012-02-23T23:25:57","modified_gmt":"2012-02-23T23:25:57","slug":"crisis-iv-y-si-el-deficit-es-bueno","status":"publish","type":"post","link":"https:\/\/blogs.lasprovincias.es\/nimioeconomia\/2012\/02\/23\/crisis-iv-y-si-el-deficit-es-bueno\/","title":{"rendered":"Crisis (IV) Y si el d\u00e9ficit es bueno"},"content":{"rendered":"<div>\n<div>\n<p>Nuestro sobreendeudamientro y la necesidad de aprender a vivir sin cr\u00e9dito son una realidad pero nos hemos olvidado de que <strong>la deuda no s\u00f3lo se crea y se destruye sino que, adem\u00e1s, tambi\u00e9n se puede transformar.<\/strong><\/p>\n<p>En un post anterior comentaba que fomentar la daci\u00f3n en pago era convertir la deuda de los particulares en deuda bancaria y que los bancos podr\u00edan pedir ayudas para, de este modo, convertir sus problemas en deuda p\u00fablica. De este modo, puesto que la cantidad total que se debe seguir\u00eda siendo la misma, no se lograr\u00eda<strong> ninguna mejora en el problema del sobreendeudamiento.<\/strong><\/p>\n<p>Sin embargo, s\u00ed que nos podr\u00eda ayudar en la<strong> ardua tarea de vivir sin cr\u00e9dito<\/strong>. El aumento del d\u00e9ficit p\u00fablico para<strong> pagar a los proveedores<\/strong> permitir\u00eda inyectar liquidez a auton\u00f3mos y empresas que ser\u00eda utilizado, casi \u00edntegramente, para devolver las p\u00f3lizas de cr\u00e9ditos. De este modo, <strong>m\u00e1s d\u00e9ficit no significar\u00eda m\u00e1s deuda sino traspaso de las empresas al estado.<\/strong><\/p>\n<p>La pregunta es: <strong>\u00bfUn aumento del 3% del d\u00e9ficit para solventar las deudas con proveedores ser\u00eda bueno para Espa\u00f1a?<\/strong> Indudablemente s\u00ed, pero para ello hace falta <strong>capacidad pol\u00edtica<\/strong> para convencer a Merkozy (Merkel y Sarkozy) de que el dinero ser\u00eda para esto y no para otros gastos superfluos.<\/p>\n<p>Ser\u00eda bueno porque <strong>un aut\u00f3nomo, por su peque\u00f1o tama\u00f1o, no tiene capacidad de endeudamiento<\/strong> en comparaci\u00f3n con los estados. Adem\u00e1s, igual de cierto es que es <strong>un aut\u00f3nomo tiene much\u00edsima m\u00e1s capacidad de crear riqueza que un estado<\/strong>. Esto se debe a que el empresario apuesta su patrimonio mientras que una administraci\u00f3n el dinero de sus votantes.<\/p>\n<p>S\u00edgueme en Twitter\u00a0(<a href=\"http:\/\/www.twitter.es\/julianlarraz\" target=\"_blank\" rel=\"external nofollow\">@julianlarraz<\/a>) y comentamos la\u00a0crisis<\/p>\n<p><strong>Serie &#8216;Crisis&#8217;:<\/strong><\/p>\n<p><a href=\"https:\/\/blogs.lasprovincias.es\/nimioeconomia\/2012\/02\/19\/crisis-i-esta-batalla-la-ganamos\/\" target=\"_blank\">Crisis (I) Esta batalla la ganamos<\/a><\/p>\n<p><a href=\"https:\/\/blogs.lasprovincias.es\/nimioeconomia\/2012\/02\/20\/crisis-ii-nuestros-creditos-son-el-problema\/\" target=\"_blank\">Crisis (II) Nuestros cr\u00e9ditos son el problema<\/a><\/p>\n<p><a href=\"https:\/\/blogs.lasprovincias.es\/nimioeconomia\/2012\/02\/22\/crisis-iii-aprende-a-vivir-sin-credito\/\" target=\"_blank\">Crisis (III) Aprende a vivir sin cr\u00e9dito<\/a><\/p>\n<p><a href=\"https:\/\/blogs.lasprovincias.es\/nimioeconomia\/2012\/02\/23\/crisis-iv-y-si-el-deficit-es-bueno\/\" target=\"_blank\">Crisis (IV) Y si el d\u00e9ficit es bueno<\/a><\/p>\n<p><a href=\"https:\/\/blogs.lasprovincias.es\/nimioeconomia\/2012\/02\/27\/crisis-v-recortar-el-pib-no-es-buena-idea\/\" target=\"_blank\">Crisis (V) Recortar el PIB no es buena idea<\/a><\/p>\n<p><a href=\"https:\/\/blogs.lasprovincias.es\/nimioeconomia\/2012\/03\/01\/crisis-vi-espana-alemania\/\" target=\"_blank\">Crisis (VI) Relaci\u00f3n entre Espa\u00f1a y Alemania<\/a><\/div>\n<\/div>\n<!-- AddThis Advanced Settings generic via filter on the_content --><!-- AddThis Share Buttons generic via filter on the_content -->","protected":false},"excerpt":{"rendered":"<p>Nuestro sobreendeudamientro y la necesidad de aprender a vivir sin cr\u00e9dito son una realidad pero nos hemos olvidado de que la deuda no s\u00f3lo se crea y se destruye sino que, adem\u00e1s, tambi\u00e9n se puede transformar. En un post anterior comentaba que fomentar la daci\u00f3n en pago era convertir la deuda de los particulares en [&hellip;]<!-- AddThis Advanced Settings generic via filter on get_the_excerpt --><!-- AddThis Share Buttons generic via filter on get_the_excerpt --><\/p>\n","protected":false},"author":17,"featured_media":0,"comment_status":"open","ping_status":"closed","sticky":false,"template":"","format":"standard","meta":[],"categories":[4],"tags":[48,167,169,181,349,392,393,512],"_links":{"self":[{"href":"https:\/\/blogs.lasprovincias.es\/nimioeconomia\/wp-json\/wp\/v2\/posts\/816"}],"collection":[{"href":"https:\/\/blogs.lasprovincias.es\/nimioeconomia\/wp-json\/wp\/v2\/posts"}],"about":[{"href":"https:\/\/blogs.lasprovincias.es\/nimioeconomia\/wp-json\/wp\/v2\/types\/post"}],"author":[{"embeddable":true,"href":"https:\/\/blogs.lasprovincias.es\/nimioeconomia\/wp-json\/wp\/v2\/users\/17"}],"replies":[{"embeddable":true,"href":"https:\/\/blogs.lasprovincias.es\/nimioeconomia\/wp-json\/wp\/v2\/comments?post=816"}],"version-history":[{"count":0,"href":"https:\/\/blogs.lasprovincias.es\/nimioeconomia\/wp-json\/wp\/v2\/posts\/816\/revisions"}],"wp:attachment":[{"href":"https:\/\/blogs.lasprovincias.es\/nimioeconomia\/wp-json\/wp\/v2\/media?parent=816"}],"wp:term":[{"taxonomy":"category","embeddable":true,"href":"https:\/\/blogs.lasprovincias.es\/nimioeconomia\/wp-json\/wp\/v2\/categories?post=816"},{"taxonomy":"post_tag","embeddable":true,"href":"https:\/\/blogs.lasprovincias.es\/nimioeconomia\/wp-json\/wp\/v2\/tags?post=816"}],"curies":[{"name":"wp","href":"https:\/\/api.w.org\/{rel}","templated":true}]}}