{"id":824,"date":"2012-03-01T19:43:39","date_gmt":"2012-03-01T19:43:39","guid":{"rendered":"http:\/\/blogs.lasprovincias.es\/nimioeconomia\/?p=824"},"modified":"2012-03-01T19:43:39","modified_gmt":"2012-03-01T19:43:39","slug":"crisis-vi-espana-alemania","status":"publish","type":"post","link":"https:\/\/blogs.lasprovincias.es\/nimioeconomia\/2012\/03\/01\/crisis-vi-espana-alemania\/","title":{"rendered":"Crisis (VI) Relaci\u00f3n entre Espa\u00f1a y Alemania"},"content":{"rendered":"<p>Para entender esta crisis hay que recordar la relaci\u00f3n que existe entre Espa\u00f1a y Alemania. El actual problema de financiaci\u00f3n tiene su causa en el <strong>insostenible sistema anterior<\/strong> en el que el flujo de capital que ten\u00edamos era tremendamente pernicioso.<\/p>\n<p><strong>Alemania es una econom\u00eda excendentaria de liquidez<\/strong>. Al ser una econom\u00eda fundamentalmente exportadora produce bienes por los que percibe dinero. Espa\u00f1a es justamente lo contrario. <strong>Compraba muchos productos a base de recibir pr\u00e9stamos de los alemanes<\/strong>. Esta burbuja se hinch\u00f3 tanto que los alemanes ya no nos quieren prestar mientras nosotros necesitamos m\u00e1s cr\u00e9ditos. Ante esta contradicci\u00f3n, de momento, dejamos de consumir.<\/p>\n<p>La repercusi\u00f3n de esto es que los alemanes ya se empiezan a quejar (<a href=\"https:\/\/blogs.lasprovincias.es\/nimioeconomia\/2011\/10\/25\/la-crisis-segun-el-holz-zentralblatt-periodico-aleman\/\" target=\"_blank\">ver art\u00edculo &#8216;La crisis, seg\u00fan el Holz-Zentralbaltt<\/a> ) de que ya no pueden vender tanto ya que <strong>los pa\u00edses del sur ya no les compran al no tener los cr\u00e9ditos que ellos mismos deniegan.<\/strong> \u00bfAbsurdo?<\/p>\n<p>Es absurdo si, como dec\u00eda en el anterior post, no nos fijemos s\u00f3lo en un dato o un porcentaje para entender la crisis. <strong>Toda acci\u00f3n implica una reacci\u00f3n y la seguridad est\u00e1 \u00edntimamente ligada al riesgo.<\/strong><\/p>\n<p>Si Europa opta por un <strong>f\u00e9rreo control del d\u00e9ficit, Espa\u00f1a tendr\u00e1 que realizar recortes que mermen su PIB<\/strong>. Entrar\u00e1 en un c\u00edrculo vicioso en el que no conseguir\u00e1 crear empleo. Ello implica dejar de comprar maquinaria a los alemanes, lo que les afectar\u00e1 a su econom\u00eda<strong> abriendo la puerta a una recesi\u00f3n europea<\/strong> que, adem\u00e1s, nos complicar\u00eda nuestras exportaciones. Si se opta por tener seguridad en Alemania, la concesi\u00f3n de riesgo (de arriesgarse en nuevos proyectos) que se le concede al sur de Europa se limita considerablemente.<\/p>\n<p>En este sentido, <strong>el modelo alem\u00e1n tiene enormes lagunas que nos perjudican<\/strong> y que, aunque no se lo crean ni ellos mismos, <strong>les perjudican tambi\u00e9n a los germanos.<\/strong><\/p>\n<p>El problema en este punto es que para desbancar el modelo alem\u00e1n deber\u00edamos de proponer uno propio. Desde nuestro pa\u00eds, hablar de exportaci\u00f3n e internacionalizaci\u00f3n es un discruso v\u00e1lido y deseable pero a nivel europeo decir que la soluci\u00f3n es que los alemanes y los franceses (principales destinos de nuestras ventas) nos compren m\u00e1s es <strong>un argumento que falquea.<\/strong><\/p>\n<p>S\u00edgueme en Twitter\u00a0(<a href=\"http:\/\/www.twitter.es\/julianlarraz\" target=\"_blank\" rel=\"external nofollow\">@julianlarraz<\/a>) y comentamos la\u00a0crisis<\/p>\n<p><strong>Serie &#8216;Crisis&#8217;:<\/strong><\/p>\n<p><a href=\"https:\/\/blogs.lasprovincias.es\/nimioeconomia\/2012\/02\/19\/crisis-i-esta-batalla-la-ganamos\/\" target=\"_blank\">Crisis (I) Esta batalla la ganamos<\/a><\/p>\n<p><a href=\"https:\/\/blogs.lasprovincias.es\/nimioeconomia\/2012\/02\/20\/crisis-ii-nuestros-creditos-son-el-problema\/\" target=\"_blank\">Crisis (II) Nuestros cr\u00e9ditos son el problema<\/a><\/p>\n<p><a href=\"https:\/\/blogs.lasprovincias.es\/nimioeconomia\/2012\/02\/22\/crisis-iii-aprende-a-vivir-sin-credito\/\" target=\"_blank\">Crisis (III) Aprende a vivir sin cr\u00e9dito<\/a><\/p>\n<p><a href=\"https:\/\/blogs.lasprovincias.es\/nimioeconomia\/2012\/02\/23\/crisis-iv-y-si-el-deficit-es-bueno\/\" target=\"_blank\">Crisis (IV) Y si el d\u00e9ficit es bueno<\/a><\/p>\n<p><a href=\"https:\/\/blogs.lasprovincias.es\/nimioeconomia\/2012\/02\/27\/crisis-v-recortar-el-pib-no-es-buena-idea\/\" target=\"_blank\">Crisis (V) Recortar el PIB no es buena idea<\/a><\/p>\n<p><a href=\"https:\/\/blogs.lasprovincias.es\/nimioeconomia\/2012\/03\/01\/crisis-vi-espana-alemania\/\" target=\"_blank\">Crisis (VI) Relaci\u00f3n entre Espa\u00f1a y Alemania<\/a><\/p>\n<p>&nbsp;<\/p>\n<!-- AddThis Advanced Settings generic via filter on the_content --><!-- AddThis Share Buttons generic via filter on the_content -->","protected":false},"excerpt":{"rendered":"<p>Para entender esta crisis hay que recordar la relaci\u00f3n que existe entre Espa\u00f1a y Alemania. El actual problema de financiaci\u00f3n tiene su causa en el insostenible sistema anterior en el que el flujo de capital que ten\u00edamos era tremendamente pernicioso. Alemania es una econom\u00eda excendentaria de liquidez. Al ser una econom\u00eda fundamentalmente exportadora produce bienes [&hellip;]<!-- AddThis Advanced Settings generic via filter on get_the_excerpt --><!-- AddThis Share Buttons generic via filter on get_the_excerpt --><\/p>\n","protected":false},"author":17,"featured_media":0,"comment_status":"open","ping_status":"closed","sticky":false,"template":"","format":"standard","meta":[],"categories":[4],"tags":[25,169,221],"_links":{"self":[{"href":"https:\/\/blogs.lasprovincias.es\/nimioeconomia\/wp-json\/wp\/v2\/posts\/824"}],"collection":[{"href":"https:\/\/blogs.lasprovincias.es\/nimioeconomia\/wp-json\/wp\/v2\/posts"}],"about":[{"href":"https:\/\/blogs.lasprovincias.es\/nimioeconomia\/wp-json\/wp\/v2\/types\/post"}],"author":[{"embeddable":true,"href":"https:\/\/blogs.lasprovincias.es\/nimioeconomia\/wp-json\/wp\/v2\/users\/17"}],"replies":[{"embeddable":true,"href":"https:\/\/blogs.lasprovincias.es\/nimioeconomia\/wp-json\/wp\/v2\/comments?post=824"}],"version-history":[{"count":0,"href":"https:\/\/blogs.lasprovincias.es\/nimioeconomia\/wp-json\/wp\/v2\/posts\/824\/revisions"}],"wp:attachment":[{"href":"https:\/\/blogs.lasprovincias.es\/nimioeconomia\/wp-json\/wp\/v2\/media?parent=824"}],"wp:term":[{"taxonomy":"category","embeddable":true,"href":"https:\/\/blogs.lasprovincias.es\/nimioeconomia\/wp-json\/wp\/v2\/categories?post=824"},{"taxonomy":"post_tag","embeddable":true,"href":"https:\/\/blogs.lasprovincias.es\/nimioeconomia\/wp-json\/wp\/v2\/tags?post=824"}],"curies":[{"name":"wp","href":"https:\/\/api.w.org\/{rel}","templated":true}]}}