{"id":830,"date":"2012-03-08T16:13:49","date_gmt":"2012-03-08T16:13:49","guid":{"rendered":"http:\/\/blogs.lasprovincias.es\/nimioeconomia\/?p=830"},"modified":"2012-03-08T16:13:49","modified_gmt":"2012-03-08T16:13:49","slug":"machismo-el-dia-de-la-mujer-trabajadora","status":"publish","type":"post","link":"https:\/\/blogs.lasprovincias.es\/nimioeconomia\/2012\/03\/08\/machismo-el-dia-de-la-mujer-trabajadora\/","title":{"rendered":"Machismo el d\u00eda de la mujer trabajadora"},"content":{"rendered":"<p>Esta ma\u00f1ana he vivido dos arrebatos machistas que est\u00e1n fuera de lugar pero <strong>especialmente son desafortunados hoy, D\u00eda de la Mujer Trabajadora<\/strong>. Ambos casos han ocurrido en unas jornadas de APD, lugar donde en ocasiones se habla de responsabilidad social corporativa aunque ayer el tema en cuesti\u00f3n era el de proyectos empresariales.<\/p>\n<p>La primera salida de tono ha corrido por parte de <strong>Antonio Ad\u00e9s, presidente de fabricaci\u00f3n de Ford Espa\u00f1a<\/strong> y m\u00e1ximo responsable de la planta de Almussafes. Dentro de la explicaci\u00f3n de sus pr\u00e1cticas al frente de la factor\u00eda, ha dicho que cada a\u00f1o tiene que bajar entre un 5% y un 12% los costes en la factor\u00eda de Almussafes. Con sonrisa en la boca y mir\u00e1ndo a la concurrencia (en su mayor\u00eda vestidos con cl\u00e1sicos trajes de corbata y chaqueta), ha espetado: &#8220;&#8221;\u00bf<strong>Se imaginan decirles a su mujer que este a\u00f1o tiene que hacer lo mismo con un 10% menos?&#8221;.<\/strong><\/p>\n<p>Mientras las mujeres presentes, empezando por las sensacionales profesionales de Europa Press y EFE que ten\u00eda al lado, <strong>agachaban la cabeza por el que consideran &#8220;humillante comentario&#8221;, la mayor\u00eda del p\u00fablico soltaba una carcajada. <\/strong><\/p>\n<p>Tras Ad\u00e9s, el turno de palabra ha sido para <strong>Aurelio Tornedo, director general de RNB, uno de los\u00a0interproveedores de Mercadona<\/strong>. En su discurso ha recurrido a una an\u00e9cdota. Un s\u00e1bado por la ma\u00f1ana sucedi\u00f3 un problema t\u00e9cnico por el que los aspersores antiincendio se activaron sin motivo. &#8220;Me llamaron sobre las diez y acud\u00ed enseguida&#8221;, ha dicho. Una vez all\u00ed, Tornedo se encontr\u00f3 con<strong> &#8220;los&#8221; directivos y &#8220;las&#8221; empleadas,<\/strong> sobre las cuales matiz\u00f3 que una vez hizo el presencia en la empresa <strong>&#8220;ya estaban limpiando todo&#8221;.<\/strong><\/p>\n<p>&#8220;Les dije a las empleadas que ya que hab\u00edan acudido una s\u00e1bado por la ma\u00f1ana les invitaba a comer como contraprestaci\u00f3n pero me dijeron que se hab\u00edan venido a la empresa dejando la comida en el horno&#8221;.<\/p>\n<p><strong>\u00a1\u00a1\u00a1\u00a1Todas!!!! Parece que s\u00f3lo las mujeres cocinan y, desde luego, &#8220;los&#8221; directivos no estan para esa faena por lo que pudieron llamar a sus mujeres para decirles que no iban a comer. <\/strong><\/p>\n<p>Si para parecer <strong>gracioso<\/strong> en una conferencia hay que recurrir al machismo se demuestran unas <strong>escasas capacidades de direcci\u00f3n.<\/strong><\/p>\n<p>S\u00edgueme en Twitter\u00a0(<a href=\"http:\/\/www.twitter.es\/julianlarraz\" target=\"_blank\" rel=\"external nofollow\">@julianlarraz<\/a>)<\/p>\n<!-- AddThis Advanced Settings generic via filter on the_content --><!-- AddThis Share Buttons generic via filter on the_content -->","protected":false},"excerpt":{"rendered":"<p>Esta ma\u00f1ana he vivido dos arrebatos machistas que est\u00e1n fuera de lugar pero especialmente son desafortunados hoy, D\u00eda de la Mujer Trabajadora. Ambos casos han ocurrido en unas jornadas de APD, lugar donde en ocasiones se habla de responsabilidad social corporativa aunque ayer el tema en cuesti\u00f3n era el de proyectos empresariales. La primera salida [&hellip;]<!-- AddThis Advanced Settings generic via filter on get_the_excerpt --><!-- AddThis Share Buttons generic via filter on get_the_excerpt --><\/p>\n","protected":false},"author":17,"featured_media":0,"comment_status":"open","ping_status":"closed","sticky":false,"template":"","format":"standard","meta":[],"categories":[4],"tags":[34,44,197,278,376,391],"_links":{"self":[{"href":"https:\/\/blogs.lasprovincias.es\/nimioeconomia\/wp-json\/wp\/v2\/posts\/830"}],"collection":[{"href":"https:\/\/blogs.lasprovincias.es\/nimioeconomia\/wp-json\/wp\/v2\/posts"}],"about":[{"href":"https:\/\/blogs.lasprovincias.es\/nimioeconomia\/wp-json\/wp\/v2\/types\/post"}],"author":[{"embeddable":true,"href":"https:\/\/blogs.lasprovincias.es\/nimioeconomia\/wp-json\/wp\/v2\/users\/17"}],"replies":[{"embeddable":true,"href":"https:\/\/blogs.lasprovincias.es\/nimioeconomia\/wp-json\/wp\/v2\/comments?post=830"}],"version-history":[{"count":0,"href":"https:\/\/blogs.lasprovincias.es\/nimioeconomia\/wp-json\/wp\/v2\/posts\/830\/revisions"}],"wp:attachment":[{"href":"https:\/\/blogs.lasprovincias.es\/nimioeconomia\/wp-json\/wp\/v2\/media?parent=830"}],"wp:term":[{"taxonomy":"category","embeddable":true,"href":"https:\/\/blogs.lasprovincias.es\/nimioeconomia\/wp-json\/wp\/v2\/categories?post=830"},{"taxonomy":"post_tag","embeddable":true,"href":"https:\/\/blogs.lasprovincias.es\/nimioeconomia\/wp-json\/wp\/v2\/tags?post=830"}],"curies":[{"name":"wp","href":"https:\/\/api.w.org\/{rel}","templated":true}]}}