{"id":838,"date":"2012-03-16T12:19:05","date_gmt":"2012-03-16T12:19:05","guid":{"rendered":"http:\/\/blogs.lasprovincias.es\/nimioeconomia\/?p=838"},"modified":"2012-03-16T12:19:05","modified_gmt":"2012-03-16T12:19:05","slug":"mercadona-cifra-en-960-euros-el-regalo-ideal-para-el-dia-del-padre","status":"publish","type":"post","link":"https:\/\/blogs.lasprovincias.es\/nimioeconomia\/2012\/03\/16\/mercadona-cifra-en-960-euros-el-regalo-ideal-para-el-dia-del-padre\/","title":{"rendered":"Mercadona cifra en 9,60 euros el regalo ideal para el D\u00eda del Padre"},"content":{"rendered":"<p>\u00a0Los consejos de Mercadona no se limitan a la<strong> rueda de prensa anual que ofrece Juan Roig<\/strong> cuando presenta los resultados anuales de su compa\u00f1\u00eda. A trav\u00e9s de la cuenta twitter <a href=\"https:\/\/twitter.com\/#!\/MercadonaSuper\" target=\"_blank\" rel=\"external nofollow\">@MercadonaSuper<\/a> ofrece tambi\u00e9n algunas indicaciones. La \u00faltima es sobre el D\u00eda del Padre.\u3000<\/p>\n<p>\u00a0Cito textualmente: &#8220;En la perfumer\u00eda de Mercadona, hay diferentes opciones de <strong>regalo pensadas para todo tipo de hombre<\/strong>. Podemos encontrar packs de regalo con diversos productos que resultan <strong>muy \u00fatiles para el hombre de hoy en d\u00eda&#8221;.<\/strong>\u3000<\/p>\n<p>El que proponen <strong>cuesta ex\u00e1ctamente 9,60 euros<\/strong> y consiste en un desodorante y un gel champ\u00fa. &#8220;Se trata de una <strong>soluci\u00f3n perfecta<\/strong> para los hombres ya que<strong> el champ\u00fa y el desodorante consiguen la limpieza y el buen aroma de nuestro cuerpo&#8221;,<\/strong> aseguran desde la p\u00e1gina web en la que est\u00e1 el copyright de Mercadona.\u3000<\/p>\n<p>La propuesta se completa con una oferta para<strong> &#8220;hombres activos y deportistas&#8221; de Adidas<\/strong>, la que ofrece todos los productos que necesita el hombre para su limpieza diaria de Axe y la destinada para <strong>&#8220;mantener un aspecto joven&#8221; de L&#8217;oreal Men Expert.<\/strong><\/p>\n<p>Lo curioso de estas <strong>tres ofertas de marca fabricante\u00a0es que no incluyen el precio<\/strong> de los productos. La \u00fanica tarifa publicada es la de 9,60 euros, un precio que por otra parte, compite directamente con los regalos que<strong> se pueden comprar en el D\u00eda del Padre en un bazar chino.<\/strong><\/p>\n<p>S\u00edgueme en Twitter\u00a0(<a href=\"http:\/\/www.twitter.es\/julianlarraz\" target=\"_blank\" rel=\"external nofollow\">@julianlarraz<\/a>)<\/p>\n<!-- AddThis Advanced Settings generic via filter on the_content --><!-- AddThis Share Buttons generic via filter on the_content -->","protected":false},"excerpt":{"rendered":"<p>\u00a0Los consejos de Mercadona no se limitan a la rueda de prensa anual que ofrece Juan Roig cuando presenta los resultados anuales de su compa\u00f1\u00eda. A trav\u00e9s de la cuenta twitter @MercadonaSuper ofrece tambi\u00e9n algunas indicaciones. La \u00faltima es sobre el D\u00eda del Padre.\u3000 \u00a0Cito textualmente: &#8220;En la perfumer\u00eda de Mercadona, hay diferentes opciones de [&hellip;]<!-- AddThis Advanced Settings generic via filter on get_the_excerpt --><!-- AddThis Share Buttons generic via filter on get_the_excerpt --><\/p>\n","protected":false},"author":17,"featured_media":0,"comment_status":"open","ping_status":"closed","sticky":false,"template":"","format":"standard","meta":[],"categories":[4],"tags":[71,198,348,391,487],"_links":{"self":[{"href":"https:\/\/blogs.lasprovincias.es\/nimioeconomia\/wp-json\/wp\/v2\/posts\/838"}],"collection":[{"href":"https:\/\/blogs.lasprovincias.es\/nimioeconomia\/wp-json\/wp\/v2\/posts"}],"about":[{"href":"https:\/\/blogs.lasprovincias.es\/nimioeconomia\/wp-json\/wp\/v2\/types\/post"}],"author":[{"embeddable":true,"href":"https:\/\/blogs.lasprovincias.es\/nimioeconomia\/wp-json\/wp\/v2\/users\/17"}],"replies":[{"embeddable":true,"href":"https:\/\/blogs.lasprovincias.es\/nimioeconomia\/wp-json\/wp\/v2\/comments?post=838"}],"version-history":[{"count":0,"href":"https:\/\/blogs.lasprovincias.es\/nimioeconomia\/wp-json\/wp\/v2\/posts\/838\/revisions"}],"wp:attachment":[{"href":"https:\/\/blogs.lasprovincias.es\/nimioeconomia\/wp-json\/wp\/v2\/media?parent=838"}],"wp:term":[{"taxonomy":"category","embeddable":true,"href":"https:\/\/blogs.lasprovincias.es\/nimioeconomia\/wp-json\/wp\/v2\/categories?post=838"},{"taxonomy":"post_tag","embeddable":true,"href":"https:\/\/blogs.lasprovincias.es\/nimioeconomia\/wp-json\/wp\/v2\/tags?post=838"}],"curies":[{"name":"wp","href":"https:\/\/api.w.org\/{rel}","templated":true}]}}