{"id":840,"date":"2012-03-26T19:14:31","date_gmt":"2012-03-26T19:14:31","guid":{"rendered":"http:\/\/blogs.lasprovincias.es\/nimioeconomia\/?p=840"},"modified":"2012-03-26T19:14:31","modified_gmt":"2012-03-26T19:14:31","slug":"que-es-la-consolidacion-fiscal-compatible-con-el-crecimiento","status":"publish","type":"post","link":"https:\/\/blogs.lasprovincias.es\/nimioeconomia\/2012\/03\/26\/que-es-la-consolidacion-fiscal-compatible-con-el-crecimiento\/","title":{"rendered":"\u00bfQu\u00e9 es la consolidaci\u00f3n fiscal compatible con el crecimiento?"},"content":{"rendered":"<p>\u00a0<strong>El furor de los mercados pidiendo enormes recortes<\/strong> a cambio de seguir financiando a los pa\u00edses (recordar caso de Grecia) <strong>est\u00e1 empezando a mutar<\/strong> hacia el concepto &#8220;consolidaci\u00f3n fiscal compatible con el crecimiento&#8221;.<\/p>\n<p>El eufemismo es <strong>sencillo de entender y muy complicado de aplicar.<\/strong> Desde inicios de a\u00f1os ya se empieza a oir el concepto y ahora cada d\u00eda est\u00e1 m\u00e1s de moda. B\u00e1sicamente, consiste en que <strong>si el recorte del gasto p\u00fablico implica una reducci\u00f3n del PIB, el d\u00e9ficit en lugar de descender, aumenta.<\/strong> Dicho de otra forma, significa: &#8220;Mira a ver si por recortar me dejas todav\u00eda peor&#8221;.<\/p>\n<p><strong>Hag\u00e1mos un c\u00e1lculo r\u00e1pido<\/strong> y sencillo para entender esto. Tenemos una regi\u00f3n con PIB 100 millones y un gasto de 110 millones, es decir, d\u00e9ficit del 10%. Si le metemos un recorte de 20 millones al gasto (y a los ingresos) pasamos a tener un PIB de 80 millones y un gasto de 90, es decir un d\u00e9ficit del 12,5%.<\/p>\n<p>El motivo por el que los mercados <strong>no financian al pa\u00eds con mucho d\u00e9ficit es que, como debe mucho, no se f\u00edan de que lo devuelva.<\/strong> El planteamiento de los mercados es: &#8220;Mira a ver si gastas menos, no derroches y entonces ser\u00e1s m\u00e1s de fiar y te prestar\u00e9&#8221;.<\/p>\n<p><strong>La reacci\u00f3n del pol\u00edtico de turno hasta unos meses atr\u00e1s era: &#8220;Voy a recortar mucho y ya ver\u00e1s como te f\u00edas de m\u00ed&#8221;.<\/strong><\/p>\n<p>Los griegos lo hicieron. Recortaron tanto (aunque menos de los prometido) que su PIB cay\u00f3 en picado. La respuesta de los mercados (leyendo entre l\u00edneas porque esos tipos no son sinceros) fue: <strong>&#8220;Habr\u00e1s recortado mucho pero como ahora ganas menos, a\u00fan gastas demasiado. Recorta menos&#8221;.<\/strong> El espiral es muy peligroso.<\/p>\n<p>Por este motivo, nace el concepto de &#8220;consolidaci\u00f3n fiscal compatible con el crecimiento&#8221;, que viene a significar: <strong>&#8220;Voy a recortar pero sin pasarme. Lo superfluo, eso s\u00ed, pero que sepas que luego en el gran dato eso no se ve con claridad pero es que si me paso el paro a\u00fan crecer\u00e1 m\u00e1s y lo que hay ya es insostenible&#8221;.<\/strong><\/p>\n<p>La duda que tengo es si todo esto los mercados se lo creen <strong>o seguir\u00e1n con las tijeras dale que te pego.<\/strong><\/p>\n<p><strong>Dentro de la serie \u00bfQu\u00e9 es&#8230;?<\/strong> tambi\u00e9n puedes consultar:<\/p>\n<p><a title=\"Permanent Link to \u00bfQu\u00e9 es la prima de riesgo?\" href=\"http:\/\/firmas.lasprovincias.es\/julianlarraz\/%c2%bfque-es-la-prima-de-riesgo\" rel=\"bookmark external nofollow\">\u00bfQu\u00e9 es la prima de riesgo?<\/a><\/p>\n<p><a title=\"Permanent Link to \u00bfQu\u00e9 riesgo tienen los bonos patri\u00f3ticos de la Comunitat? \u00bfHay que invertir?\" href=\"http:\/\/firmas.lasprovincias.es\/julianlarraz\/%c2%bfque-riesgo-tienen-los-bonos-patrioticos-de-la-comunitat-%c2%bfhay-que-invertir\" rel=\"bookmark external nofollow\">\u00bfQu\u00e9 riesgo tienen los bonos patri\u00f3ticos de la Comunitat? \u00bfHay que invertir?<\/a><\/p>\n<p><a title=\"Permanent Link to \u00bfPor qu\u00e9 los bancos quiere colocar bonos de la Generalitat?\" href=\"http:\/\/firmas.lasprovincias.es\/julianlarraz\/%c2%bfpor-que-los-bancos-quiere-colocar-bonos-de-la-generalitat\" rel=\"bookmark external nofollow\">\u00bfPor qu\u00e9 los bancos quiere colocar bonos de la Generalitat?<\/a><\/p>\n<p><a title=\"Permanent Link to \u00bfPara qu\u00e9 sirven las inyecciones de miles de millones que hace el BCE?\" href=\"http:\/\/firmas.lasprovincias.es\/julianlarraz\/%c2%bfpara-que-sirven-las-inyecciones-de-miles-de-millones-que-hace-el-bce\" rel=\"bookmark external nofollow\">\u00bfPara qu\u00e9 sirven las inyecciones de miles de millones que hace el BCE?<\/a><\/p>\n<p><a title=\"Permanent Link to \u00bfPor qu\u00e9 Espa\u00f1a est\u00e1 al borde de ser rescatada?\" href=\"http:\/\/firmas.lasprovincias.es\/julianlarraz\/%c2%bfpor-que-espana-esta-al-borde-de-ser-rescatado\" rel=\"bookmark external nofollow\">\u00bfPor qu\u00e9 Espa\u00f1a est\u00e1 al borde de ser rescatada?<\/a><\/p>\n<p><a title=\"Permanent Link to \u00bfPor qu\u00e9 se rescata a un pa\u00eds y qu\u00e9 significa?\" href=\"http:\/\/firmas.lasprovincias.es\/julianlarraz\/%c2%bfpor-que-se-rescata-a-un-pais-y-que-significa\" rel=\"bookmark external nofollow\">\u00bfPor qu\u00e9 se rescata a un pa\u00eds y qu\u00e9 significa?<\/a><\/p>\n<div><a title=\"Permanent Link to \u00bfQu\u00e9 es la comisi\u00f3n de mantenimiento?\" href=\"http:\/\/firmas.lasprovincias.es\/julianlarraz\/%c2%bfque-es-la-comision-de-mantenimiento\" rel=\"bookmark external nofollow\">\u00bfQu\u00e9 es la comisi\u00f3n de mantenimiento?<\/a><\/div>\n<p><a title=\"Permanent Link to \u00bfPor qu\u00e9 la estad\u00edstica del Ministerio de Trabajo es menos fiable que la encuesta (EPA) del INE?\" href=\"http:\/\/firmas.lasprovincias.es\/julianlarraz\/%c2%bfpor-que-la-estadistica-del-ministerio-de-trabajo-es-menos-fiable-que-la-encuesta-epa-del-ine\" rel=\"bookmark external nofollow\">\u00bfPor qu\u00e9 la estad\u00edstica del Ministerio de Trabajo es menos fiable que la encuesta (EPA) del INE?<\/a><\/p>\n<p><a title=\"Permanent Link to \u00bfQu\u00e9 es una emisi\u00f3n de deuda?\" href=\"http:\/\/firmas.lasprovincias.es\/julianlarraz\/%c2%bfque-es-una-emision-de-deuda\" rel=\"bookmark external nofollow\">\u00bfQu\u00e9 es una emisi\u00f3n de deuda?<\/a><\/p>\n<p><a title=\"Permanent Link to \u00bfQu\u00e9 es el ebitda?\" href=\"http:\/\/firmas.lasprovincias.es\/julianlarraz\/%c2%bfque-es-el-ebitda\" rel=\"bookmark external nofollow\">\u00bfQu\u00e9 es el ebitda?<\/a><\/p>\n<p><a title=\"Permanent Link to \u00bfQu\u00e9 es la daci\u00f3n en pago?\" href=\"http:\/\/firmas.lasprovincias.es\/julianlarraz\/%c2%bfque-es-la-dacion-en-pago\" rel=\"bookmark external nofollow\">\u00bfQu\u00e9 es la daci\u00f3n en pago?<\/a><\/p>\n<p><a title=\"Permanent Link to \u00bfQu\u00e9 es el riesgo subestandar?\" href=\"http:\/\/firmas.lasprovincias.es\/julianlarraz\/%c2%bfque-es-el-riesgo-subestandar\" rel=\"bookmark external nofollow\">\u00bfQu\u00e9 es el riesgo subestandar?<\/a><\/p>\n<p><a title=\"Permanent Link to \u00bfQu\u00e9 es un dividendo?\" href=\"http:\/\/firmas.lasprovincias.es\/julianlarraz\/%c2%bfque-es-un-dividendo\" rel=\"bookmark external nofollow\">\u00bfQu\u00e9 es un dividendo?<\/a><\/p>\n<div><a title=\"Permanent Link to \u00bfQu\u00e9 es un bono basura?\" href=\"http:\/\/firmas.lasprovincias.es\/julianlarraz\/%c2%bfque-es-un-bono-basura\" rel=\"bookmark external nofollow\">\u00bfQu\u00e9 es un bono basura?<\/a><\/div>\n<p><a title=\"Permanent Link to \u00bfQu\u00e9 es el euribor?\" href=\"http:\/\/firmas.lasprovincias.es\/julianlarraz\/%c2%bfque-es-el-euribor\" rel=\"bookmark external nofollow\">\u00bfQu\u00e9 es el euribor?<\/a><\/p>\n<p><a title=\"Permanent Link to \u00bfQu\u00e9 es la cl\u00e1usula suelo?\" href=\"http:\/\/firmas.lasprovincias.es\/julianlarraz\/%c2%bfque-es-la-clausula-suelo\" rel=\"bookmark external nofollow\">\u00bfQu\u00e9 es la cl\u00e1usula suelo?<\/a><\/p>\n<p><a title=\"Permanent Link to \u00bfQu\u00e9 es pignorar?\" href=\"http:\/\/firmas.lasprovincias.es\/julianlarraz\/%c2%bfque-es-pignorar\" rel=\"bookmark external nofollow\">\u00bfQu\u00e9 es pignorar?<\/a><\/p>\n<div>\n<div><a title=\"Permanent Link to \u00bfQu\u00e9 es el derecho de tanteo?\" href=\"http:\/\/firmas.lasprovincias.es\/julianlarraz\/%c2%bfque-es-el-derecho-de-tanteo\" rel=\"bookmark external nofollow\">\u00bfQu\u00e9 es el derecho de tanteo?<\/a><\/div>\n<\/div>\n<p><a title=\"Permanent Link to \u00bfQu\u00e9 es el d\u00e9ficit de tarifa?\" href=\"http:\/\/firmas.lasprovincias.es\/julianlarraz\/%c2%bfque-es-el-deficit-de-tarifa\" rel=\"bookmark external nofollow\">\u00bfQu\u00e9 es el d\u00e9ficit de tarifa?<\/a><\/p>\n<p><a title=\"Permanent Link to \u00bfQu\u00e9 es el apalancamiento?\" href=\"http:\/\/firmas.lasprovincias.es\/julianlarraz\/%c2%bfque-es-el-apalancamiento\" rel=\"bookmark external nofollow\">\u00bfQu\u00e9 es el apalancamiento?<\/a><\/p>\n<p><a title=\"Permanent Link to \u00bfQu\u00e9 es una l\u00ednea de cr\u00e9dito?\" href=\"http:\/\/firmas.lasprovincias.es\/julianlarraz\/%c2%bfque-es-una-linea-de-credito\" rel=\"bookmark external nofollow\">\u00bfQu\u00e9 es una l\u00ednea de cr\u00e9dito?<\/a><\/p>\n<p><a title=\"Permanent Link to \u00bfQu\u00e9 es una agencia de calificaci\u00f3n?\" href=\"http:\/\/firmas.lasprovincias.es\/julianlarraz\/%c2%bfque-es-una-agencia-de-calificacion\" rel=\"bookmark external nofollow\">\u00bfQu\u00e9 es una agencia de calificaci\u00f3n?<\/a><\/p>\n<p><a title=\"Permanent Link to \u00bfQu\u00e9 es un punto b\u00e1sico?\" href=\"http:\/\/firmas.lasprovincias.es\/julianlarraz\/%c2%bfque-es-un-punto-basico\" rel=\"bookmark external nofollow\">\u00bfQu\u00e9 es un punto b\u00e1sico?<\/a><\/p>\n<p><a title=\"Permanent Link to \u00bfPor qu\u00e9 existen los mercados de renta fija?\" href=\"http:\/\/firmas.lasprovincias.es\/julianlarraz\/%c2%bfpor-que-existen-los-mercados-de-renta-fija\" rel=\"bookmark external nofollow\">\u00bfPor qu\u00e9 existen los mercados de renta fija?<\/a><\/p>\n<p>S\u00edgueme en Twitter. <a href=\"http:\/\/www.twitter.es\/julianlarraz\" target=\"_blank\" rel=\"external nofollow\">@julianlarraz<\/a><\/p>\n<!-- AddThis Advanced Settings generic via filter on the_content --><!-- AddThis Share Buttons generic via filter on the_content -->","protected":false},"excerpt":{"rendered":"<p>\u00a0El furor de los mercados pidiendo enormes recortes a cambio de seguir financiando a los pa\u00edses (recordar caso de Grecia) est\u00e1 empezando a mutar hacia el concepto &#8220;consolidaci\u00f3n fiscal compatible con el crecimiento&#8221;. El eufemismo es sencillo de entender y muy complicado de aplicar. Desde inicios de a\u00f1os ya se empieza a oir el concepto [&hellip;]<!-- AddThis Advanced Settings generic via filter on get_the_excerpt --><!-- AddThis Share Buttons generic via filter on get_the_excerpt --><\/p>\n","protected":false},"author":17,"featured_media":0,"comment_status":"open","ping_status":"closed","sticky":false,"template":"","format":"standard","meta":[],"categories":[4,5],"tags":[142,149,165,181,441,599],"_links":{"self":[{"href":"https:\/\/blogs.lasprovincias.es\/nimioeconomia\/wp-json\/wp\/v2\/posts\/840"}],"collection":[{"href":"https:\/\/blogs.lasprovincias.es\/nimioeconomia\/wp-json\/wp\/v2\/posts"}],"about":[{"href":"https:\/\/blogs.lasprovincias.es\/nimioeconomia\/wp-json\/wp\/v2\/types\/post"}],"author":[{"embeddable":true,"href":"https:\/\/blogs.lasprovincias.es\/nimioeconomia\/wp-json\/wp\/v2\/users\/17"}],"replies":[{"embeddable":true,"href":"https:\/\/blogs.lasprovincias.es\/nimioeconomia\/wp-json\/wp\/v2\/comments?post=840"}],"version-history":[{"count":0,"href":"https:\/\/blogs.lasprovincias.es\/nimioeconomia\/wp-json\/wp\/v2\/posts\/840\/revisions"}],"wp:attachment":[{"href":"https:\/\/blogs.lasprovincias.es\/nimioeconomia\/wp-json\/wp\/v2\/media?parent=840"}],"wp:term":[{"taxonomy":"category","embeddable":true,"href":"https:\/\/blogs.lasprovincias.es\/nimioeconomia\/wp-json\/wp\/v2\/categories?post=840"},{"taxonomy":"post_tag","embeddable":true,"href":"https:\/\/blogs.lasprovincias.es\/nimioeconomia\/wp-json\/wp\/v2\/tags?post=840"}],"curies":[{"name":"wp","href":"https:\/\/api.w.org\/{rel}","templated":true}]}}