{"id":841,"date":"2012-03-27T20:13:08","date_gmt":"2012-03-27T20:13:08","guid":{"rendered":"http:\/\/blogs.lasprovincias.es\/nimioeconomia\/?p=841"},"modified":"2012-03-27T20:13:08","modified_gmt":"2012-03-27T20:13:08","slug":"la-nueva-filosofia-empresarial","status":"publish","type":"post","link":"https:\/\/blogs.lasprovincias.es\/nimioeconomia\/2012\/03\/27\/la-nueva-filosofia-empresarial\/","title":{"rendered":"La nueva filosof\u00eda empresarial"},"content":{"rendered":"<p>\u00a0<strong>Los proveedores de Ford han vuelto a demostrar que son uno de los pilares fundamentales de la econom\u00eda valenciana.<\/strong> Su r\u00e1pida capacidad de adaptaci\u00f3n ha sido siempre una de sus caracter\u00edsticas y Emilio Orta, presidente de la Asociaci\u00f3n Valenciana de la Industria de la Automoci\u00f3n (AVIA), ha ratificado este esp\u00edritu con su rechazo <strong>frontal a las ayudas p\u00fablicas.<\/strong><\/p>\n<p>\u00a0La crisis ha cambiado muchas cosas pero una es decir que hay que<strong> acabar con la cultura de las subvenciones<\/strong> y otra muy distinta es enfrentarse al periodo 2012-2014 con una <strong>renuncia al dinero de las admnistraciones.<\/strong><\/p>\n<p>\u00a0Con las subvenciones, AVIA financiaba <strong>proyectos de investigaci\u00f3n destinados a la mejora de la productividad<\/strong> de sus empresas. Ahora, su idea es seguir con este trabajo pero con la financiaci\u00f3n \u00fanica de las cuotas de sus asociados y los servicios que sea capaz de generar.<\/p>\n<p>La iniciativa, <strong>atrevida y arriesgada<\/strong>, implica excelencia pero tambi\u00e9n una <strong>fuerte dosis de realismo.<\/strong> El sector se podr\u00eda esperar a que el corredor mediterr\u00e1neo redujera sus costes de transporte pero sabe que esta infraestructura aumentar\u00e1 su competencia.<\/p>\n<p>\u00a0El primer paso ya se ha dado. Ahora la duda es <strong>cu\u00e1ntas asociaciones (tanto de empresarios como de trabajadores)<\/strong> est\u00e1n capacitadas para seguir con sus servicios sin el respaldo de pap\u00e1 Estado. <strong>El tiempo lo dir\u00e1.<\/strong><\/p>\n<p>S\u00edgueme en Twitter\u00a0(<a href=\"http:\/\/www.twitter.es\/julianlarraz\" target=\"_blank\" rel=\"external nofollow\">@julianlarraz<\/a>)<\/p>\n<!-- AddThis Advanced Settings generic via filter on the_content --><!-- AddThis Share Buttons generic via filter on the_content -->","protected":false},"excerpt":{"rendered":"<p>\u00a0Los proveedores de Ford han vuelto a demostrar que son uno de los pilares fundamentales de la econom\u00eda valenciana. Su r\u00e1pida capacidad de adaptaci\u00f3n ha sido siempre una de sus caracter\u00edsticas y Emilio Orta, presidente de la Asociaci\u00f3n Valenciana de la Industria de la Automoci\u00f3n (AVIA), ha ratificado este esp\u00edritu con su rechazo frontal a [&hellip;]<!-- AddThis Advanced Settings generic via filter on get_the_excerpt --><!-- AddThis Share Buttons generic via filter on get_the_excerpt --><\/p>\n","protected":false},"author":17,"featured_media":0,"comment_status":"open","ping_status":"closed","sticky":false,"template":"","format":"standard","meta":[],"categories":[4],"tags":[50,52,278,425,529],"_links":{"self":[{"href":"https:\/\/blogs.lasprovincias.es\/nimioeconomia\/wp-json\/wp\/v2\/posts\/841"}],"collection":[{"href":"https:\/\/blogs.lasprovincias.es\/nimioeconomia\/wp-json\/wp\/v2\/posts"}],"about":[{"href":"https:\/\/blogs.lasprovincias.es\/nimioeconomia\/wp-json\/wp\/v2\/types\/post"}],"author":[{"embeddable":true,"href":"https:\/\/blogs.lasprovincias.es\/nimioeconomia\/wp-json\/wp\/v2\/users\/17"}],"replies":[{"embeddable":true,"href":"https:\/\/blogs.lasprovincias.es\/nimioeconomia\/wp-json\/wp\/v2\/comments?post=841"}],"version-history":[{"count":0,"href":"https:\/\/blogs.lasprovincias.es\/nimioeconomia\/wp-json\/wp\/v2\/posts\/841\/revisions"}],"wp:attachment":[{"href":"https:\/\/blogs.lasprovincias.es\/nimioeconomia\/wp-json\/wp\/v2\/media?parent=841"}],"wp:term":[{"taxonomy":"category","embeddable":true,"href":"https:\/\/blogs.lasprovincias.es\/nimioeconomia\/wp-json\/wp\/v2\/categories?post=841"},{"taxonomy":"post_tag","embeddable":true,"href":"https:\/\/blogs.lasprovincias.es\/nimioeconomia\/wp-json\/wp\/v2\/tags?post=841"}],"curies":[{"name":"wp","href":"https:\/\/api.w.org\/{rel}","templated":true}]}}