{"id":845,"date":"2012-03-31T17:29:08","date_gmt":"2012-03-31T17:29:08","guid":{"rendered":"http:\/\/blogs.lasprovincias.es\/nimioeconomia\/?p=845"},"modified":"2012-03-31T17:29:08","modified_gmt":"2012-03-31T17:29:08","slug":"cuando-me-amenazo-el-15-m-y-cgt","status":"publish","type":"post","link":"https:\/\/blogs.lasprovincias.es\/nimioeconomia\/2012\/03\/31\/cuando-me-amenazo-el-15-m-y-cgt\/","title":{"rendered":"Cuando me amenaz\u00f3 el 15-M y CGT"},"content":{"rendered":"<div class=\"mceTemp\"><a href=\"\/nimioeconomia\/wp-content\/uploads\/sites\/14\/2012\/03\/ford-huelga.jpg\"><img loading=\"lazy\" class=\"size-medium wp-image-848 alignright\" title=\"Ford Huelga\" src=\"\/nimioeconomia\/wp-content\/uploads\/sites\/14\/2012\/03\/ford-huelga.jpg\" alt=\"\" width=\"300\" height=\"215\" srcset=\"https:\/\/static-blogs.lasprovincias.es\/wp-content\/uploads\/sites\/14\/2012\/03\/ford-huelga.jpg 640w, https:\/\/static-blogs.lasprovincias.es\/wp-content\/uploads\/sites\/14\/2012\/03\/ford-huelga-300x216.jpg 300w\" sizes=\"(max-width: 300px) 100vw, 300px\" \/><\/a>Comenc\u00e9 la huelga a las 21 horas del mi\u00e9rcoles. Con Paco S\u00e1nchez, c\u00e1mara de LAS PROVINCIAS, me encamin\u00e9 hacia Ford Almussafes y su pol\u00edgono donde ten\u00eda la seguridad de que el paro ser\u00eda pr\u00e1cticamente total. Es el n\u00facleo duro del metal, donde m\u00e1s fuerza tienen los sindicatos.<strong> Un fallo ah\u00ed hubiera sido igual a firmar el fracaso m\u00e1s absoluto.<\/strong><\/div>\n<p>No hubo incidentes. Tampoco se esperaban. Me volv\u00ed al peri\u00f3dico. Paco, junto a Txema Rodr\u00edguez y Juan Antonio Marrah\u00ed, se fueron hacia Mercavalencia, el que<strong> iba a ser un punto caliente. Finalmente fue un piquete corto y pac\u00edfico.<\/strong> Se retras\u00f3 el servicio de mercanc\u00edas durante unas tres horas y los sindicalistas se fueron.<\/p>\n<p><strong>Era la una de la ma\u00f1ana y la huelga dorm\u00eda.<\/strong> Llam\u00e9 a Comisiones Obreras y UGT y me dec\u00edan que hasta las cinco y media o seis no habr\u00eda nada. <strong>A\u00fan no puedo entender c\u00f3mo se puede decir que la huelga es un \u00e9xito cuando ni los propios sindicatos comprueban in situ como los trabajadores entran en las f\u00e1bricas.<\/strong><\/p>\n<p>Pens\u00e9 en irme con ellos a tomar caf\u00e9 pero finalmente <strong>opt\u00e9 por llamar a CGT, sindicato que me ha dedicado varias\u00a0notas de prensa\u00a0insult\u00e1ndome<\/strong> lo que demuestra su nulo respeto al derecho de la informaci\u00f3n. Sorprendido, su secretario general, Antonio P\u00e9rez, me dijo que <strong>la\u00a0 mitad de &#8220;sus fuerzas&#8221; estaban en la sede mientras que el resto estaban en Mercadona.<\/strong> Me fu\u00ed para all\u00e1.<\/p>\n<div id=\"attachment_850\" style=\"width: 233px\" class=\"wp-caption alignleft\"><a href=\"\/nimioeconomia\/wp-content\/uploads\/sites\/14\/2012\/03\/Txema-Mercavalencia1.jpg\"><img aria-describedby=\"caption-attachment-850\" loading=\"lazy\" class=\"size-medium wp-image-850\" title=\"Txema Mercavalencia\" src=\"\/nimioeconomia\/wp-content\/uploads\/sites\/14\/2012\/03\/Txema-Mercavalencia1.jpg\" alt=\"\" width=\"223\" height=\"300\" srcset=\"https:\/\/static-blogs.lasprovincias.es\/wp-content\/uploads\/sites\/14\/2012\/03\/Txema-Mercavalencia1.jpg 427w, https:\/\/static-blogs.lasprovincias.es\/wp-content\/uploads\/sites\/14\/2012\/03\/Txema-Mercavalencia1-224x300.jpg 224w\" sizes=\"(max-width: 223px) 100vw, 223px\" \/><\/a><p id=\"caption-attachment-850\" class=\"wp-caption-text\">Piquetes en Mercavalencia en la primera hora de huelga del 29 de marzo. Autor: Txema Rodr\u00edguez<\/p><\/div>\n<p><strong>lasprovincias.es estaba haciendo un seguimiento al minuto de la huelga v\u00eda twitter<\/strong> por lo que lo primero que hice tras encontrar el centro log\u00edstico de Ribarroja de la empresa de Juan Roig fue sacar mi m\u00f3vil para hacer una fotograf\u00eda.<\/p>\n<p>En cuesti\u00f3n de segundos me rodearon e increparon, alguno de ellos con el pu\u00f1o amenazante. <strong>&#8220;Borra esa fotograf\u00eda&#8221;, me ladraron.<\/strong> Recuerdo la cara de uno de ellos: Espesa barba negra y ojos de ira.<\/p>\n<p>Hac\u00eda fr\u00edo y me hab\u00eda dejado la chaqueta en el coche. <strong>Detr\u00e1s estaba\u00a0la Guardia Civil pero no los ve\u00eda.<\/strong> En medio de esa tensi\u00f3n cambi\u00e9 de arma. Baj\u00e9 el m\u00f3vil y me puse a hablar al grupo de unas 70 personas con banderas de CGT. <strong>&#8220;Tranquilos. Soy periodista del peri\u00f3dico LAS PROVINCIAS<\/strong> y estoy cubriendo la huelga. He hablado con Antonio. (Me gir\u00e9 al de la barba) \u00bfEs que no conoces a Antonio?&#8221;. <strong>Tuve que seguir hablando durante varios minutos dando todo tipo de explicaciones.<\/strong><\/p>\n<p>Sus primeras palabras fueron:<strong> &#8220;Pens\u00e1bamos que eras uno de la secreta&#8221;. No le entend\u00ed.<\/strong> &#8220;Cre\u00edamos que eras un polic\u00eda secreto pero ya ves que hablando se entiende la gente&#8221;, me dijo una joven. Uno de los m\u00e1s interesados en que no le hiciera una fotograf\u00eda me dijo que no quer\u00eda estar en los ficheros de la polic\u00eda. Por eso se iba escondiendo siempre de las c\u00e1maras.<strong> &#8220;Somos un grupo de CGT y el movimiento 15-M&#8221;.<\/strong><\/p>\n<div id=\"attachment_846\" style=\"width: 310px\" class=\"wp-caption alignright\"><a href=\"\/nimioeconomia\/wp-content\/uploads\/sites\/14\/2012\/03\/cgt-mercadona.jpg\"><img aria-describedby=\"caption-attachment-846\" loading=\"lazy\" class=\"size-medium wp-image-846 \" title=\"CGT Mercadona\" src=\"\/nimioeconomia\/wp-content\/uploads\/sites\/14\/2012\/03\/cgt-mercadona.jpg\" alt=\"\" width=\"300\" height=\"225\" srcset=\"https:\/\/static-blogs.lasprovincias.es\/wp-content\/uploads\/sites\/14\/2012\/03\/cgt-mercadona.jpg 1024w, https:\/\/static-blogs.lasprovincias.es\/wp-content\/uploads\/sites\/14\/2012\/03\/cgt-mercadona-300x225.jpg 300w, https:\/\/static-blogs.lasprovincias.es\/wp-content\/uploads\/sites\/14\/2012\/03\/cgt-mercadona-768x576.jpg 768w\" sizes=\"(max-width: 300px) 100vw, 300px\" \/><\/a><p id=\"caption-attachment-846\" class=\"wp-caption-text\">Piquete de CGT y 15-M en Mercadona (Ribarroja). Autor: Juli\u00e1n Larraz<\/p><\/div>\n<p>Calmadas las amenazas, abandon\u00e9 mi voz m\u00e1s diplom\u00e1tica y <strong>les indiqu\u00e9 que ten\u00eda que trabajar por lo que deb\u00edan de posar para la foto.<\/strong> Eran las dos de la ma\u00f1ana y hac\u00eda un fr\u00edo del carajo as\u00ed que hice la foto, la envi\u00e9 por twitter y me fui a por la chaqueta.<\/p>\n<p>Tras salir del coche, habl\u00e9 con la Guardia Civil y despu\u00e9s, otra vez, con el grupo de CGT y 15-M. <strong>No pasaba ning\u00fan cami\u00f3n por lo que el piquete era absurdo.<\/strong> Mercadona no ten\u00eda previsto tr\u00e1fico a esa hora. Me volv\u00ed al coche hacia mi c\u00e1mara reflex y cuando volv\u00ed ya se estaban marchando.<\/p>\n<p>Hab\u00eda cambiado la pareja de la Guardia Civil. \u00bfHa habido alg\u00fan problema?, pregunt\u00e9. <strong>&#8220;Han estado a punto de pegar a uno que hac\u00eda una foto, por lo dem\u00e1s no ha pasado nada&#8221;.<\/strong> Tras hablar de lo divino y lo humano, me march\u00e9 a cenar.<\/p>\n<p>Vi un mensaje que me llam\u00f3 la atenci\u00f3n. <strong><a href=\"https:\/\/twitter.com\/#!\/XimoClemente\" target=\"_blank\" rel=\"external nofollow\">@XimoClemente,<\/a> periodista de econom\u00eda que trabaja en <a href=\"http:\/\/www.valenciaplaza.com\/\" target=\"_blank\" rel=\"external nofollow\">valenciaplaza.com,<\/a> y presidente de @unioperiodistes, me preguntaba si ten\u00eda alg\u00fan problema.<\/strong> Le dije que el suceso acab\u00f3 r\u00e1pido y sin problemas. Agradec\u00ed que Ximo tambi\u00e9n dijera esto:<\/p>\n<div id=\"attachment_847\" style=\"width: 650px\" class=\"wp-caption aligncenter\"><a href=\"\/nimioeconomia\/wp-content\/uploads\/sites\/14\/2012\/03\/ximoclemente1.jpg\"><img aria-describedby=\"caption-attachment-847\" loading=\"lazy\" class=\"size-full wp-image-847\" title=\"@ximoclemente\" src=\"\/nimioeconomia\/wp-content\/uploads\/sites\/14\/2012\/03\/ximoclemente1.jpg\" alt=\"\" width=\"640\" height=\"276\" srcset=\"https:\/\/static-blogs.lasprovincias.es\/wp-content\/uploads\/sites\/14\/2012\/03\/ximoclemente1.jpg 640w, https:\/\/static-blogs.lasprovincias.es\/wp-content\/uploads\/sites\/14\/2012\/03\/ximoclemente1-300x129.jpg 300w\" sizes=\"(max-width: 640px) 100vw, 640px\" \/><\/a><p id=\"caption-attachment-847\" class=\"wp-caption-text\">Tweet de Ximo Clemente, presidente de Uni\u00f3n de Periodistes<\/p><\/div>\n<p>Pasadas las horas me di cuenta de lo absurdo de lo ocurrido. Unos del 15-M con banderas de CGT intentaban que no les hiciera una foto para que no les identificaran la polic\u00eda secreta. Pese a ello, <strong>se mostraban encantados a que les hiciera un foto que iba a estar en la web m\u00e1s le\u00edda de la Comunitat Valenciana.<\/strong> Si alguien entiende esto, por favor, que me lo explique.<\/p>\n<p>Tras cenar en mi casa y coger algo de ropa de abrigo, comprob\u00e9 que Mercavalencia funcionaba con normalidad y que el gran piquete esperado en Fuente del Jarro no llegaba ni a cortar un acceso por falta de efectivos. En UGT me dijeron que<strong> otro de los puntos &#8220;calientes&#8221; ser\u00eda Vara de Quart.<\/strong> Tras dar varias vueltas con el coche, encontr\u00e9 a un grupo de UGT de unas 20 personas.<\/p>\n<p>-\u00bfC\u00f3mo va la noche?<\/p>\n<p>-Un \u00e9xito. Aqu\u00ed no trabaja nadie aunque <strong>est\u00e1 lleno de coches de la secreta dando vueltas.<\/strong><\/p>\n<p>S\u00edgueme en Twitter. <a href=\"http:\/\/www.twitter.es\/julianlarraz\" target=\"_blank\" rel=\"external nofollow\">@julianlarraz<\/a><\/p>\n<!-- AddThis Advanced Settings generic via filter on the_content --><!-- AddThis Share Buttons generic via filter on the_content -->","protected":false},"excerpt":{"rendered":"<p>Comenc\u00e9 la huelga a las 21 horas del mi\u00e9rcoles. Con Paco S\u00e1nchez, c\u00e1mara de LAS PROVINCIAS, me encamin\u00e9 hacia Ford Almussafes y su pol\u00edgono donde ten\u00eda la seguridad de que el paro ser\u00eda pr\u00e1cticamente total. Es el n\u00facleo duro del metal, donde m\u00e1s fuerza tienen los sindicatos. Un fallo ah\u00ed hubiera sido igual a firmar [&hellip;]<!-- AddThis Advanced Settings generic via filter on get_the_excerpt --><!-- AddThis Share Buttons generic via filter on get_the_excerpt --><\/p>\n","protected":false},"author":17,"featured_media":0,"comment_status":"open","ping_status":"closed","sticky":false,"template":"","format":"standard","meta":[],"categories":[4],"tags":[7,11,29,123,307,448],"_links":{"self":[{"href":"https:\/\/blogs.lasprovincias.es\/nimioeconomia\/wp-json\/wp\/v2\/posts\/845"}],"collection":[{"href":"https:\/\/blogs.lasprovincias.es\/nimioeconomia\/wp-json\/wp\/v2\/posts"}],"about":[{"href":"https:\/\/blogs.lasprovincias.es\/nimioeconomia\/wp-json\/wp\/v2\/types\/post"}],"author":[{"embeddable":true,"href":"https:\/\/blogs.lasprovincias.es\/nimioeconomia\/wp-json\/wp\/v2\/users\/17"}],"replies":[{"embeddable":true,"href":"https:\/\/blogs.lasprovincias.es\/nimioeconomia\/wp-json\/wp\/v2\/comments?post=845"}],"version-history":[{"count":0,"href":"https:\/\/blogs.lasprovincias.es\/nimioeconomia\/wp-json\/wp\/v2\/posts\/845\/revisions"}],"wp:attachment":[{"href":"https:\/\/blogs.lasprovincias.es\/nimioeconomia\/wp-json\/wp\/v2\/media?parent=845"}],"wp:term":[{"taxonomy":"category","embeddable":true,"href":"https:\/\/blogs.lasprovincias.es\/nimioeconomia\/wp-json\/wp\/v2\/categories?post=845"},{"taxonomy":"post_tag","embeddable":true,"href":"https:\/\/blogs.lasprovincias.es\/nimioeconomia\/wp-json\/wp\/v2\/tags?post=845"}],"curies":[{"name":"wp","href":"https:\/\/api.w.org\/{rel}","templated":true}]}}