{"id":860,"date":"2012-04-09T17:00:30","date_gmt":"2012-04-09T17:00:30","guid":{"rendered":"http:\/\/blogs.lasprovincias.es\/nimioeconomia\/?p=860"},"modified":"2012-04-09T17:00:30","modified_gmt":"2012-04-09T17:00:30","slug":"los-politicos-perjudican-mas-que-los-mercados","status":"publish","type":"post","link":"https:\/\/blogs.lasprovincias.es\/nimioeconomia\/2012\/04\/09\/los-politicos-perjudican-mas-que-los-mercados\/","title":{"rendered":"Los pol\u00edticos perjudican m\u00e1s que los mercados"},"content":{"rendered":"<p><strong>La clase pol\u00edtica ha logrado esta Semana Santa que su prestigio se rebaje todav\u00eda m\u00e1s<\/strong>. Lejos de actuar por el bien com\u00fan, sus declaraciones ayudan a que la crisis arrecie.<\/p>\n<p>Al margen de las connotaciones macroecon\u00f3micas y centrados en nuestra vida diaria, que la prima de riesgo est\u00e9 30 puntos arriba o abajo no nos afecta lo m\u00e1s m\u00ednimo. <strong>Lo que s\u00ed que notamos es el miedo y la incertidumbre y los pol\u00edticos ayudan a que esta situaci\u00f3n arraigue cada d\u00eda m\u00e1s.<\/strong><\/p>\n<p><a href=\"\/nimioeconomia\/wp-content\/uploads\/sites\/14\/2012\/04\/Ministro-de-Econom\u00eda-y-Competitividad-Luis-de-Guindos.jpg\"><img loading=\"lazy\" class=\"alignright size-medium wp-image-861\" title=\"Ministro de Econom\u00eda y Competitividad, Luis de Guindos\" src=\"\/nimioeconomia\/wp-content\/uploads\/sites\/14\/2012\/04\/Ministro-de-Econom\u00eda-y-Competitividad-Luis-de-Guindos.jpg\" alt=\"\" width=\"146\" height=\"300\" srcset=\"https:\/\/static-blogs.lasprovincias.es\/wp-content\/uploads\/sites\/14\/2012\/04\/Ministro-de-Econom\u00eda-y-Competitividad-Luis-de-Guindos.jpg 312w, https:\/\/static-blogs.lasprovincias.es\/wp-content\/uploads\/sites\/14\/2012\/04\/Ministro-de-Econom\u00eda-y-Competitividad-Luis-de-Guindos-146x300.jpg 146w\" sizes=\"(max-width: 146px) 100vw, 146px\" \/><\/a>Empecemos por el desprop\u00f3sito del PP nacional. <a href=\"http:\/\/www.lasprovincias.es\/rc\/20120409\/mas-actualidad\/sociedad\/guindos-plantea-sanidad-pague-201204091000.html\" target=\"_blank\" rel=\"external nofollow\">Luis De Guindos, ministro de Econom\u00eda y Competitividad, anuncia<\/a> que los que cobran m\u00e1s de 100.000 euros pagar\u00e1n la sanidad. El secretario de organizaci\u00f3n, <a href=\"http:\/\/www.lasprovincias.es\/rc\/20120409\/mas-actualidad\/sociedad\/floriano-desmiente-deguindos-copago-201204091419.html\" target=\"_blank\" rel=\"external nofollow\">Carlos Floriano, le rectifica diciendo <\/a>que es &#8220;una reflexi\u00f3n personal&#8221; y defiende la gratuidad de la Sanidad. Pasan las horas, y <a href=\"http:\/\/www.lasprovincias.es\/rc\/20120409\/mas-actualidad\/sociedad\/rajoy-anuncia-recortes-educacion-201204091721.html\" target=\"_blank\" rel=\"external nofollow\">Rajoy anuncia <\/a>recortes de m\u00e1s de 10.000 millones en sanidad y educaci\u00f3n. <a href=\"http:\/\/www.lasprovincias.es\/rc\/20120409\/mas-actualidad\/sociedad\/reacciones-copago-sanitario-201204091506.html\" target=\"_blank\" rel=\"external nofollow\">Rubalcaba contesta <\/a>diciendo que ve deplorable la &#8220;veleidad del Gobierno ante el futuro de la sanidad.<\/p>\n<p>Esto es muy parecido a la que ocurr\u00eda hace unos meses. S\u00f3lo han cambiado los nombres de los pol\u00edticos.<\/p>\n<p>Pasemos ahora a Francia y recordemos c\u00f3mo <a href=\"http:\/\/www.lasprovincias.es\/rc\/20120405\/mas-actualidad\/mundo\/sarkozy-hollande-francia-como-201204051201.html\" target=\"_blank\" rel=\"external nofollow\">Sarkozy menta a Espa\u00f1a como ejemplo del desastre econ\u00f3mico<\/a><strong>.<\/strong> <strong>Todo vale para ganar votos.<\/strong> El juego sucio es lamentable. Ya sufrimos el &#8216;impasse&#8217; de las elecciones auton\u00f3micas y generales en Espa\u00f1a como para que ahora tengamos que sufrir que el marido de la Bruni se quiere agarrar al sill\u00f3n.<\/p>\n<p>La irresponsabilidad de estos comentarios es igual en la izquierda y en la derecha. Esto se demuestra cada vez que uno de los dos bandos mete la pata y el otro enseguida intenta sacar tajada. <strong>La b\u00fasqueda incesante del voto y el ascenso pol\u00edtico, se pise a qui\u00e9n se pise, se ha vuelto en pr\u00e1ctica habitual<\/strong> pese a que est\u00e1 m\u00e1s que probado que la inacci\u00f3n pol\u00edtica alarga la crisis y las acusaciones entre pa\u00edses del Viejo Continente debilita a la Uni\u00f3n Europea.<\/p>\n<p><a href=\"\/nimioeconomia\/wp-content\/uploads\/sites\/14\/2012\/04\/Elecciones-en-Francia1.jpg\"><img loading=\"lazy\" class=\"alignleft size-medium wp-image-863\" title=\"Elecciones en Francia\" src=\"\/nimioeconomia\/wp-content\/uploads\/sites\/14\/2012\/04\/Elecciones-en-Francia1.jpg\" alt=\"\" width=\"300\" height=\"199\" srcset=\"https:\/\/static-blogs.lasprovincias.es\/wp-content\/uploads\/sites\/14\/2012\/04\/Elecciones-en-Francia1.jpg 640w, https:\/\/static-blogs.lasprovincias.es\/wp-content\/uploads\/sites\/14\/2012\/04\/Elecciones-en-Francia1-300x200.jpg 300w\" sizes=\"(max-width: 300px) 100vw, 300px\" \/><\/a>Todo esto ha pasado durante cuatro d\u00edas sin Bolsa. <strong>Cuatro d\u00edas sin que la prima de riesgo y la Bolsa pongan de manifiesto lo equivocado de estas declaraciones<\/strong> por que tras ya muchos a\u00f1os de crisis sabemos que los inestables y avariciosos mercados no viven de las reformas (un futuro claro impide la especulaci\u00f3n) sino de las declaraciones contradictorias y populistas, las que crean incertidumbre y miedo.<\/p>\n<p><strong>La econom\u00eda necesita confianza para invertir y trabajar. Eso s\u00f3lo lo saben hacer empresarios y trabajadores<\/strong> mientras que la clase pol\u00edtica puede facilitar o perjudicar estas labores. Con sus declaraciones cruzadas lo \u00fanico que logran es justamente lo contrario de lo que deber\u00eda ser su objetivo.<\/p>\n<p>Si hay que recortar, se hace con mano firme, sin decir que vas a hacer lo que no es m\u00e1s que un amago. No valen los globos sonda. Se trata de salir de la crisis y no de que los pol\u00edticos ganen unas elecciones.<\/p>\n<!-- AddThis Advanced Settings generic via filter on the_content --><!-- AddThis Share Buttons generic via filter on the_content -->","protected":false},"excerpt":{"rendered":"<p>La clase pol\u00edtica ha logrado esta Semana Santa que su prestigio se rebaje todav\u00eda m\u00e1s. Lejos de actuar por el bien com\u00fan, sus declaraciones ayudan a que la crisis arrecie. Al margen de las connotaciones macroecon\u00f3micas y centrados en nuestra vida diaria, que la prima de riesgo est\u00e9 30 puntos arriba o abajo no nos [&hellip;]<!-- AddThis Advanced Settings generic via filter on get_the_excerpt --><!-- AddThis Share Buttons generic via filter on get_the_excerpt --><\/p>\n","protected":false},"author":17,"featured_media":0,"comment_status":"open","ping_status":"closed","sticky":false,"template":"","format":"standard","meta":[],"categories":[4],"tags":[146,315,390,396,449,450,460],"_links":{"self":[{"href":"https:\/\/blogs.lasprovincias.es\/nimioeconomia\/wp-json\/wp\/v2\/posts\/860"}],"collection":[{"href":"https:\/\/blogs.lasprovincias.es\/nimioeconomia\/wp-json\/wp\/v2\/posts"}],"about":[{"href":"https:\/\/blogs.lasprovincias.es\/nimioeconomia\/wp-json\/wp\/v2\/types\/post"}],"author":[{"embeddable":true,"href":"https:\/\/blogs.lasprovincias.es\/nimioeconomia\/wp-json\/wp\/v2\/users\/17"}],"replies":[{"embeddable":true,"href":"https:\/\/blogs.lasprovincias.es\/nimioeconomia\/wp-json\/wp\/v2\/comments?post=860"}],"version-history":[{"count":0,"href":"https:\/\/blogs.lasprovincias.es\/nimioeconomia\/wp-json\/wp\/v2\/posts\/860\/revisions"}],"wp:attachment":[{"href":"https:\/\/blogs.lasprovincias.es\/nimioeconomia\/wp-json\/wp\/v2\/media?parent=860"}],"wp:term":[{"taxonomy":"category","embeddable":true,"href":"https:\/\/blogs.lasprovincias.es\/nimioeconomia\/wp-json\/wp\/v2\/categories?post=860"},{"taxonomy":"post_tag","embeddable":true,"href":"https:\/\/blogs.lasprovincias.es\/nimioeconomia\/wp-json\/wp\/v2\/tags?post=860"}],"curies":[{"name":"wp","href":"https:\/\/api.w.org\/{rel}","templated":true}]}}