{"id":869,"date":"2012-04-17T20:17:55","date_gmt":"2012-04-17T20:17:55","guid":{"rendered":"http:\/\/blogs.lasprovincias.es\/nimioeconomia\/?p=869"},"modified":"2012-04-17T20:17:55","modified_gmt":"2012-04-17T20:17:55","slug":"bankia-todo-un-jodido-juntos-ii","status":"publish","type":"post","link":"https:\/\/blogs.lasprovincias.es\/nimioeconomia\/2012\/04\/17\/bankia-todo-un-jodido-juntos-ii\/","title":{"rendered":"Bankia: &#8220;Todo un jodido juntos&#8221; (II)"},"content":{"rendered":"<p>El pasado mi\u00e9rcoles, las sucursales de Bankia (antes Bancaja, Caja Madrid o Caixa Laietana) en Barcelona luc\u00edan de la siguiente forma tal y como publiqu\u00e9 en el post: <a href=\"https:\/\/blogs.lasprovincias.es\/nimioeconomia\/2012\/04\/11\/bankia-todo-un-jodido-juntos\/\" target=\"_blank\">Bankia: &#8220;Todo un jodido juntos&#8221;.<\/a> Tradujeron &#8220;Todo un futuro juntos&#8221; por &#8220;Tot un futut junts&#8221;.<\/p>\n<p><a href=\"\/nimioeconomia\/wp-content\/uploads\/sites\/14\/2012\/04\/Bankia-futut1.jpg\"><img loading=\"lazy\" class=\"aligncenter size-full wp-image-865\" title=\"Bankia futut1\" src=\"\/nimioeconomia\/wp-content\/uploads\/sites\/14\/2012\/04\/Bankia-futut1.jpg\" alt=\"\" width=\"807\" height=\"310\" srcset=\"https:\/\/static-blogs.lasprovincias.es\/wp-content\/uploads\/sites\/14\/2012\/04\/Bankia-futut1.jpg 807w, https:\/\/static-blogs.lasprovincias.es\/wp-content\/uploads\/sites\/14\/2012\/04\/Bankia-futut1-300x115.jpg 300w, https:\/\/static-blogs.lasprovincias.es\/wp-content\/uploads\/sites\/14\/2012\/04\/Bankia-futut1-768x295.jpg 768w\" sizes=\"(max-width: 807px) 100vw, 807px\" \/><\/a><\/p>\n<p>Ahora, tras la conmoci\u00f3n generada en internet, los carteles muestran esto:\u3000<\/p>\n<p>\u00a0<a href=\"\/nimioeconomia\/wp-content\/uploads\/sites\/14\/2012\/04\/Bankia-futur2.jpg\"><img loading=\"lazy\" class=\"aligncenter size-full wp-image-871\" title=\"Bankia futur\" src=\"\/nimioeconomia\/wp-content\/uploads\/sites\/14\/2012\/04\/Bankia-futur2.jpg\" alt=\"\" width=\"711\" height=\"410\" srcset=\"https:\/\/static-blogs.lasprovincias.es\/wp-content\/uploads\/sites\/14\/2012\/04\/Bankia-futur2.jpg 711w, https:\/\/static-blogs.lasprovincias.es\/wp-content\/uploads\/sites\/14\/2012\/04\/Bankia-futur2-300x173.jpg 300w\" sizes=\"(max-width: 711px) 100vw, 711px\" \/><\/a><\/p>\n<p>Durante estos d\u00edas que ha tardado Bankia en rectificar he recibido todo tipo de comentarios. El mensaje que m\u00e1s se repite (en distintas versiones) es: &#8220;\u00bferror? Por una vez que dicen la verdad&#8221;. Esto es preocupante.<\/p>\n<p>Bankia es una entidad sist\u00e9mica, es decir, que no puede quebrar porque si sus problemas salen a la luz arrastrar\u00edan a toda Espa\u00f1a. Es sist\u00e9mica por su tama\u00f1o, por la cantidad de clientes que tiene. Pese a tener esa dimensi\u00f3n no goza de prestigio y los comentarios que suscita su error son que realmente un banco (en este caso Bankia) quiere &#8220;joder&#8221; a la sociedad. El descr\u00e9dito de la banca (creo que el sentimiento se puede y debe generalizar) es preocupante. Creo que si el error hubiera sido de BBVA o el Santander, la respuesta ser\u00eda la misma. Si pudieramos vivir sin bancos, esto no ser\u00eda un problema pero realmente estamos obligados a vivir con ellos (hipotecas, tarjetas&#8230;).<\/p>\n<p>Otros comentarios han versado sobre si Bankia realmente dice que &#8220;todo un jodido juntos&#8221;. &#8220;Joder&#8221;, en catal\u00e1n, &#8220;fotre&#8221;, se escribe &#8220;fotut&#8221; y se pronuncia &#8220;futut&#8221;. Los puristas del lenguaje se han puesto las botas con el matiz sobre si realmente pone o no &#8220;jodido&#8221; en catal\u00e1n. Nadie lo ha entendido de otra forma.<\/p>\n<p>Y con esto volvemos a una de las cosas que dije en el primer post. Los empleados de Bankia como los de la exsucursal de Bancaja fotografiada por mi prima Ana Mar\u00eda en Paseo de Gracia, 118 han sido incapaces de reaccionar. \u00bfTan poco les importa la imagen de su propia empresa? \u00bfNadie en Barcelona se dio cuenta antes de que la fotograf\u00eda volara por internet?<\/p>\n<p>En aquel momento dije de que la decision hab\u00eda nacido de Madrid. Exactamente afirm\u00e9: &#8220;Alguien, indudablemente de Madrid, decide que en Barcelona el cartel debe ir en catal\u00e1n&#8221;. Los comentarios sobre esta frase me han dejado alucinados.<\/p>\n<p>Hay madrile\u00f1os que han interpretado que con la frase asegura que todos los madrile\u00f1os son tontos. No era esa la intenci\u00f3n pero s\u00ed demostrar que si s\u00f3lo te miras el ombligo descuidas el resto del cuerpo. Y de esto s\u00ed que son culpables muchos madrile\u00f1os.<\/p>\n<p>El \u00faltimo comentario que voy a destacar es la respuesta de Bankia. Ni palabra del error, ni palabra de la rectificaci\u00f3n.<\/p>\n<p>S\u00edgueme en Twitter. <a href=\"http:\/\/www.twitter.es\/julianlarraz\" target=\"_blank\" rel=\"external nofollow\">@julianlarraz<\/a><\/p>\n<!-- AddThis Advanced Settings generic via filter on the_content --><!-- AddThis Share Buttons generic via filter on the_content -->","protected":false},"excerpt":{"rendered":"<p>El pasado mi\u00e9rcoles, las sucursales de Bankia (antes Bancaja, Caja Madrid o Caixa Laietana) en Barcelona luc\u00edan de la siguiente forma tal y como publiqu\u00e9 en el post: Bankia: &#8220;Todo un jodido juntos&#8221;. Tradujeron &#8220;Todo un futuro juntos&#8221; por &#8220;Tot un futut junts&#8221;. Ahora, tras la conmoci\u00f3n generada en internet, los carteles muestran esto:\u3000 \u00a0 [&hellip;]<!-- AddThis Advanced Settings generic via filter on get_the_excerpt --><!-- AddThis Share Buttons generic via filter on get_the_excerpt --><\/p>\n","protected":false},"author":17,"featured_media":0,"comment_status":"open","ping_status":"closed","sticky":false,"template":"","format":"standard","meta":[],"categories":[4],"tags":[64,66,542,543,544],"_links":{"self":[{"href":"https:\/\/blogs.lasprovincias.es\/nimioeconomia\/wp-json\/wp\/v2\/posts\/869"}],"collection":[{"href":"https:\/\/blogs.lasprovincias.es\/nimioeconomia\/wp-json\/wp\/v2\/posts"}],"about":[{"href":"https:\/\/blogs.lasprovincias.es\/nimioeconomia\/wp-json\/wp\/v2\/types\/post"}],"author":[{"embeddable":true,"href":"https:\/\/blogs.lasprovincias.es\/nimioeconomia\/wp-json\/wp\/v2\/users\/17"}],"replies":[{"embeddable":true,"href":"https:\/\/blogs.lasprovincias.es\/nimioeconomia\/wp-json\/wp\/v2\/comments?post=869"}],"version-history":[{"count":0,"href":"https:\/\/blogs.lasprovincias.es\/nimioeconomia\/wp-json\/wp\/v2\/posts\/869\/revisions"}],"wp:attachment":[{"href":"https:\/\/blogs.lasprovincias.es\/nimioeconomia\/wp-json\/wp\/v2\/media?parent=869"}],"wp:term":[{"taxonomy":"category","embeddable":true,"href":"https:\/\/blogs.lasprovincias.es\/nimioeconomia\/wp-json\/wp\/v2\/categories?post=869"},{"taxonomy":"post_tag","embeddable":true,"href":"https:\/\/blogs.lasprovincias.es\/nimioeconomia\/wp-json\/wp\/v2\/tags?post=869"}],"curies":[{"name":"wp","href":"https:\/\/api.w.org\/{rel}","templated":true}]}}