{"id":905,"date":"2012-06-25T20:18:07","date_gmt":"2012-06-25T20:18:07","guid":{"rendered":"http:\/\/blogs.lasprovincias.es\/nimioeconomia\/?p=905"},"modified":"2012-06-25T20:18:07","modified_gmt":"2012-06-25T20:18:07","slug":"creamos-un-impuesto-de-lujo","status":"publish","type":"post","link":"https:\/\/blogs.lasprovincias.es\/nimioeconomia\/2012\/06\/25\/creamos-un-impuesto-de-lujo\/","title":{"rendered":"\u00bfCreamos un impuesto de lujo?"},"content":{"rendered":"<p>La subida del IVA en los productos m\u00e1s comunes va a suponer un mazazo para la econom\u00eda dom\u00e9stica mientras que puede ayudar a arreglar las cuentas macro de Espa\u00f1a. Esta imposici\u00f3n de Europa, <a href=\"https:\/\/blogs.lasprovincias.es\/nimioeconomia\/2012\/06\/09\/borrador-del-rescate-tres-puntos-mas-de-iva-dos-mas-de-irpf-y-cero-recortes-en-pensiones-sueldos-funcionarios-sanidad-educacion-bienestar-social\/\" target=\"_blank\">como ya cont\u00e9 el pasado 9 de junio en el post borrador del rescate<\/a>, ataca a los productos con IVA superreducido (4%) y superreducio (8%) frente al 18% del tipo general.<\/p>\n<p>La necesidad de Hacienda de recaudar m\u00e1s es urgente pero se deben de valorar dos cuestiones b\u00e1sicas para que esta medida sea efectiva:<\/p>\n<p>1. M\u00e1s impuestos puede generar m\u00e1s econom\u00eda sumergida. M\u00e1s paro de gente que s\u00f3lo consigue cobrar en B. Es un c\u00edrculo vicioso en el que Espa\u00f1a puede entrar sin problemas. Hay que vigilar, por tanto, este riesgo increscente.<\/p>\n<p>2. Si subimos los impuestos de los productos b\u00e1sicos (del 4% al 18%), se penalizar\u00e1 m\u00e1s a los pobres con respecto a los ricos. Puesto que Espa\u00f1a necesita recaudar m\u00e1s, es necesario crear un impuesto de lujo para aquellos art\u00edculos donde el comprador est\u00e1 dispuesto a pagar lo que sea para diferenciarse del resto. Joyas, coches, barcos, viviendas de determinado tama\u00f1o&#8230; La creaci\u00f3n de este impuesto de lujo volver\u00eda a crear diferencias impositivas entre ricos y pobres sin penalizar un negocio, el del lujo, donde el precio es precisamente b\u00e1sico para que lo que se venda sea exclusivo.<\/p>\n<p>Una de las repercusiones de esta medida ser\u00e1 una grav\u00edsima escalada del IPC. Ello implicar\u00e1 el deseo de los trabajadores de no perder poder adquisitivo, lo que supone un grave problema si la empresa no ha podido, igual que la inflaci\u00f3n, aumentar sus ingresos.<\/p>\n<p>Por \u00faltimo, es necesario tener en cuenta la par\u00e1bola de los impuestos. Un tasa no recauda nada cuando supone el 0% del precio del prodyucto\/servicios y cuando es del 100%. Entre medias, hay un punto m\u00e1ximo de recaudaci\u00f3n. Logrado ese punto, m\u00e1s impuesto desincentiva el consumo y menos tasas implica menos recaudaci\u00f3n. Para calcular esta par\u00e1bola hay que tener en cuenta la situaci\u00f3n actual de la econom\u00eda ya que es un tremendo error calcular el tipo impositivo seg\u00fan las necesidades de ingresos.<\/p>\n<p>S\u00edgueme en Twitter. <a href=\"http:\/\/www.twitter.es\/julianlarraz\" target=\"_blank\" rel=\"external nofollow\">@julianlarraz<\/a><\/p>\n<!-- AddThis Advanced Settings generic via filter on the_content --><!-- AddThis Share Buttons generic via filter on the_content -->","protected":false},"excerpt":{"rendered":"<p>La subida del IVA en los productos m\u00e1s comunes va a suponer un mazazo para la econom\u00eda dom\u00e9stica mientras que puede ayudar a arreglar las cuentas macro de Espa\u00f1a. Esta imposici\u00f3n de Europa, como ya cont\u00e9 el pasado 9 de junio en el post borrador del rescate, ataca a los productos con IVA superreducido (4%) [&hellip;]<!-- AddThis Advanced Settings generic via filter on get_the_excerpt --><!-- AddThis Share Buttons generic via filter on get_the_excerpt --><\/p>\n","protected":false},"author":17,"featured_media":0,"comment_status":"open","ping_status":"closed","sticky":false,"template":"","format":"standard","meta":[],"categories":[4],"tags":[313,340,344],"_links":{"self":[{"href":"https:\/\/blogs.lasprovincias.es\/nimioeconomia\/wp-json\/wp\/v2\/posts\/905"}],"collection":[{"href":"https:\/\/blogs.lasprovincias.es\/nimioeconomia\/wp-json\/wp\/v2\/posts"}],"about":[{"href":"https:\/\/blogs.lasprovincias.es\/nimioeconomia\/wp-json\/wp\/v2\/types\/post"}],"author":[{"embeddable":true,"href":"https:\/\/blogs.lasprovincias.es\/nimioeconomia\/wp-json\/wp\/v2\/users\/17"}],"replies":[{"embeddable":true,"href":"https:\/\/blogs.lasprovincias.es\/nimioeconomia\/wp-json\/wp\/v2\/comments?post=905"}],"version-history":[{"count":0,"href":"https:\/\/blogs.lasprovincias.es\/nimioeconomia\/wp-json\/wp\/v2\/posts\/905\/revisions"}],"wp:attachment":[{"href":"https:\/\/blogs.lasprovincias.es\/nimioeconomia\/wp-json\/wp\/v2\/media?parent=905"}],"wp:term":[{"taxonomy":"category","embeddable":true,"href":"https:\/\/blogs.lasprovincias.es\/nimioeconomia\/wp-json\/wp\/v2\/categories?post=905"},{"taxonomy":"post_tag","embeddable":true,"href":"https:\/\/blogs.lasprovincias.es\/nimioeconomia\/wp-json\/wp\/v2\/tags?post=905"}],"curies":[{"name":"wp","href":"https:\/\/api.w.org\/{rel}","templated":true}]}}