{"id":950,"date":"2013-03-11T20:35:41","date_gmt":"2013-03-11T20:35:41","guid":{"rendered":"http:\/\/blogs.lasprovincias.es\/nimioeconomia\/?p=950"},"modified":"2013-03-11T20:35:41","modified_gmt":"2013-03-11T20:35:41","slug":"mercadona-del-chino-a-los-1-600-euros","status":"publish","type":"post","link":"https:\/\/blogs.lasprovincias.es\/nimioeconomia\/2013\/03\/11\/mercadona-del-chino-a-los-1-600-euros\/","title":{"rendered":"Mercadona: del chino a los 1.600 euros"},"content":{"rendered":"<p>Mercadona ha sorprendido, gratamente, en su \u00faltima rueda de prensa. De su<a href=\"http:\/\/www.lasprovincias.es\/20130307\/economia\/mercadona-resultados-201303071136.html\" target=\"_blank\" rel=\"external nofollow\"> presentaci\u00f3n de resultados de 2012 <\/a>qued\u00f3 para las redes sociales (que ya interesan a Juan Roig) su comentario sobre los\u00a0chinos.\u00a0Este a\u00f1o ha triunfado (relativamente)\u00a0lo de los 1.600 euros.<\/p>\n<p>La menci\u00f3n a los\u00a0chinos lleg\u00f3 a las redes sociales <strong>como si Juan Roig quisiera que trabajaramos como chinos<\/strong> aunque realmente dijo que algo deber\u00edamos aprender de los &#8216;todo a 100&#8217; chinos, que venden el cubo de la fregona que tambi\u00e9n vende Mercadona. Este a\u00f1o uno de las frases que ha transcendido en la redes sociales es el sueldo medio de las cajeras, que se sit\u00faa en los <strong>1.600 euros, lo que supone un referente salarial ahora desconocido<\/strong>, aunque ya se han encargado muchos de decir que no es realmente el salario de una cajera (habr\u00e1 que descontar IRPF, pagas extras, primas&#8230;).<\/p>\n<p>Al margen de esto, el mensaje merece un an\u00e1lisis. Para empezar, la frase <strong>&#8220;me ofreces menos que a una cajera de Mercadona&#8221; se va a oir en los pr\u00f3ximos meses<\/strong>. Ese referente de 1.600 euros es especialmente importante hoy en d\u00eda cuando el mileurismo parece haberse convertido en cosa del pasado.<\/p>\n<p>Juan Roig centr\u00f3 su discurso el a\u00f1o pasado en\u00a0una cuesti\u00f3n cierta. <strong>La competitividad es necesaria<\/strong> para que la econom\u00eda crezca y, con ello, el empleo. Este a\u00f1o, por contra, ha previsto que las rentas de sus clientes (los espa\u00f1oles) van a bajar por lo que ha incorporado un <strong>nuevo referente salarial<\/strong> para aquellos que tengan la suerte de encontrar empleo.<\/p>\n<p>S\u00edgueme en Twitter. <a href=\"http:\/\/www.twitter.es\/julianlarraz\" target=\"_blank\" rel=\"external nofollow\">@julianlarraz<\/a><\/p>\n<!-- AddThis Advanced Settings generic via filter on the_content --><!-- AddThis Share Buttons generic via filter on the_content -->","protected":false},"excerpt":{"rendered":"<p>Mercadona ha sorprendido, gratamente, en su \u00faltima rueda de prensa. De su presentaci\u00f3n de resultados de 2012 qued\u00f3 para las redes sociales (que ya interesan a Juan Roig) su comentario sobre los\u00a0chinos.\u00a0Este a\u00f1o ha triunfado (relativamente)\u00a0lo de los 1.600 euros. La menci\u00f3n a los\u00a0chinos lleg\u00f3 a las redes sociales como si Juan Roig quisiera que [&hellip;]<!-- AddThis Advanced Settings generic via filter on get_the_excerpt --><!-- AddThis Share Buttons generic via filter on get_the_excerpt --><\/p>\n","protected":false},"author":17,"featured_media":0,"comment_status":"open","ping_status":"closed","sticky":false,"template":"","format":"standard","meta":[],"categories":[4],"tags":[348,391],"_links":{"self":[{"href":"https:\/\/blogs.lasprovincias.es\/nimioeconomia\/wp-json\/wp\/v2\/posts\/950"}],"collection":[{"href":"https:\/\/blogs.lasprovincias.es\/nimioeconomia\/wp-json\/wp\/v2\/posts"}],"about":[{"href":"https:\/\/blogs.lasprovincias.es\/nimioeconomia\/wp-json\/wp\/v2\/types\/post"}],"author":[{"embeddable":true,"href":"https:\/\/blogs.lasprovincias.es\/nimioeconomia\/wp-json\/wp\/v2\/users\/17"}],"replies":[{"embeddable":true,"href":"https:\/\/blogs.lasprovincias.es\/nimioeconomia\/wp-json\/wp\/v2\/comments?post=950"}],"version-history":[{"count":0,"href":"https:\/\/blogs.lasprovincias.es\/nimioeconomia\/wp-json\/wp\/v2\/posts\/950\/revisions"}],"wp:attachment":[{"href":"https:\/\/blogs.lasprovincias.es\/nimioeconomia\/wp-json\/wp\/v2\/media?parent=950"}],"wp:term":[{"taxonomy":"category","embeddable":true,"href":"https:\/\/blogs.lasprovincias.es\/nimioeconomia\/wp-json\/wp\/v2\/categories?post=950"},{"taxonomy":"post_tag","embeddable":true,"href":"https:\/\/blogs.lasprovincias.es\/nimioeconomia\/wp-json\/wp\/v2\/tags?post=950"}],"curies":[{"name":"wp","href":"https:\/\/api.w.org\/{rel}","templated":true}]}}