{"id":127,"date":"2011-04-07T15:31:14","date_gmt":"2011-04-07T15:31:14","guid":{"rendered":"http:\/\/firmas.lasprovincias.es\/noslohemosleido\/?p=127"},"modified":"2011-04-07T15:31:14","modified_gmt":"2011-04-07T15:31:14","slug":"viaje-al-infierno-interior","status":"publish","type":"post","link":"https:\/\/blogs.lasprovincias.es\/noslohemosleido\/2011\/04\/07\/viaje-al-infierno-interior\/","title":{"rendered":"Viaje al infierno interior"},"content":{"rendered":"<p><span style=\"font-size: x-small\"><\/p>\n<p style=\"text-align: right\">ILDEFONSO RODR\u00cdGUEZ<\/p>\n<p style=\"text-align: right\">Periodista y profesor de Filosof\u00eda del Cine en la Universidad Cat\u00f3lica de Valencia\u00a0\u00a0<\/p>\n<p>\u00a0<\/p>\n<p>CAPESIUS, EL FARMAC\u00c9UTICO DE AUSCHWITZ<\/p>\n<p><span lang=\"ES-MODERN\">Dieter Schlesak<\/p>\n<p><\/span><span lang=\"ES-MODERN\">Seix Barral<\/p>\n<p>400 p\u00e1ginas<\/p>\n<p>20 euros<\/p>\n<p><\/span><span lang=\"ES-MODERN\">Un nuevo viaje al infierno interior del ser humano. Un recorrido por la barbarie y la sinraz\u00f3n, un paseo estremecedor y escabroso por uno de los episodios m\u00e1s horribles de la historia de la humanidad y que sigue representando el nivel m\u00e1s bajo al que ha llegado el instinto asesino y la crueldad del hombre. Por mucho que hayamos le\u00eddo, escuchado o visto sobre los campos de exterminio organizados por los alemanes durante la Segunda Guerra Mundial, nunca deja de golpearnos el alma cualquier testimonio relacionado con aquella masacre de personas organizada y sistem\u00e1tica. En esta ocasi\u00f3n los ecos de tales sucesos nos llegan de la pluma de un escritor alem\u00e1n nacido en Transilvania que recoje a modo de reportaje los testimonios de personas involucradas en la vida y acontecimientos que tuvieron lugar en los campos de Auschwitz y Birkenau. Mediante el montaje y yuxtaposici\u00f3n de narraciones y d<a href=\"\/noslohemosleido\/wp-content\/uploads\/sites\/15\/2011\/04\/Capesius.jpg\"><img loading=\"lazy\" class=\"alignright size-medium wp-image-128\" src=\"\/noslohemosleido\/wp-content\/uploads\/sites\/15\/2011\/04\/Capesius.jpg\" alt=\"\" width=\"176\" height=\"300\" srcset=\"https:\/\/static-blogs.lasprovincias.es\/wp-content\/uploads\/sites\/15\/2011\/04\/Capesius.jpg 1174w, https:\/\/static-blogs.lasprovincias.es\/wp-content\/uploads\/sites\/15\/2011\/04\/Capesius-176x300.jpg 176w, https:\/\/static-blogs.lasprovincias.es\/wp-content\/uploads\/sites\/15\/2011\/04\/Capesius-768x1308.jpg 768w, https:\/\/static-blogs.lasprovincias.es\/wp-content\/uploads\/sites\/15\/2011\/04\/Capesius-601x1024.jpg 601w\" sizes=\"(max-width: 176px) 100vw, 176px\" \/><\/a>eclaraciones en el juicio de 1964 a algunos de los responsables de las matanzas, Schlesak cuenta lo sucedido a los jud\u00edos h\u00fangaros que fueron deportados, exterminados y torturados durante 1943 y 1944 en el citado campo de concentraci\u00f3n polaco. Como hilo conductor y nexo de uni\u00f3n elige al doctor Capesius, un alem\u00e1n de Transilvania, como el propio escritor, que se vio en la tesitura de mandar a los hornos crematorios a miles de sus paisanos que nada m\u00e1s desembarcar en el infierno vieron en \u00e9l un rostro amigo.<\/p>\n<p>Prisioneros, m\u00e9dicos, guardias SS, miembros del Sonderkommando, trabajadores del campo; entre todos ellos van tejiendo un relato monstruoso que convierten al ser humano en el m\u00e1s terrible de los habitantes de nuestro planeta. La lucha por la supervivencia donde no se pod\u00eda sobrevivir lleva al ser humano a su l\u00edmites, a unas fronteras oscuras y demenciales. Los propios prisioneros, condenados a morir en vida llegan a alegrarse por la muerte de sus semejantes porque significa m\u00e1s para cada uno, a participar en las torturas de sus amigos porque aporta un d\u00eda m\u00e1s de vida. Los m\u00e9dicos alemanes suspiran por trabajar en un laboratorio gigante con seres humanos con los que les est\u00e1 permitido realizar cualquier tipo de experimento. La muerte y exterminio de millones de personas significa el enriquecimiento de unos pocos, la puesta en marcha de toda una industria de la muerte que da de comer a familias enteras y que entra pues en una din\u00e1mica imposible de parar.<\/p>\n<p>Y todo ello desde la frialdad y el c\u00e1lculo cient\u00edfico y econ\u00f3mico de los matones, de los asesinos que a la hora de declarar en el juicio siguen hablando de n\u00fameros, de cifras, de porcentajes, de razas, como si no hubiera nada humano en todo aquello. Lo peor es que sabemos que aquello fue muy humano y fue perpetrado, maquinado y llevado a cabo por personas, personas con mujeres, hijos, familias. Buenos vecinos que cuando vieron regresar a los jud\u00edos de la muerte, escu\u00e1lidos, fam\u00e9licos, dementes, no les dejaron volver a sus casas porque ellos ya las hab\u00edan ocupado.<\/p>\n<p>Sin embargo, lo que m\u00e1s sorprende es comprobar como un gran n\u00famero de estos s\u00e1dicos torturadores se libr\u00f3 de la c\u00e1rcel o en su defecto pag\u00f3 con unos pocos a\u00f1os entre rejas.<\/p>\n<p>Schlesak toca tangencialmente un tema espinoso y escondido, el del destino de los millones de alemanes que viv\u00edan en Europa del Este cuando el Ej\u00e9rcito Rojo invadi\u00f3 aquellas tierras. Muchos ejecutados, otros deportados a los campos de trabajo en Siberia y el resto condenado a vivir en la indigencia y el vagabundeo por media Europa.<\/p>\n<p>El autor de este reportaje, por ejemplo, vive en Sttuttgart, muy lejos de su Siguisoara \/ Sch\u00e4ssburg (Rumania) natal.<\/p>\n<p><\/span><\/p>\n<p><\/span><\/p>\n<!-- AddThis Advanced Settings generic via filter on the_content --><!-- AddThis Share Buttons generic via filter on the_content -->","protected":false},"excerpt":{"rendered":"<p>ILDEFONSO RODR\u00cdGUEZ Periodista y profesor de Filosof\u00eda del Cine en la Universidad Cat\u00f3lica de Valencia\u00a0\u00a0 \u00a0 CAPESIUS, EL FARMAC\u00c9UTICO DE AUSCHWITZ Dieter Schlesak Seix Barral 400 p\u00e1ginas 20 euros Un nuevo viaje al infierno interior del ser humano. Un recorrido por la barbarie y la sinraz\u00f3n, un paseo estremecedor y escabroso por uno de los [&hellip;]<!-- AddThis Advanced Settings generic via filter on get_the_excerpt --><!-- AddThis Share Buttons generic via filter on get_the_excerpt --><\/p>\n","protected":false},"author":18,"featured_media":0,"comment_status":"open","ping_status":"closed","sticky":false,"template":"","format":"standard","meta":[],"categories":[4],"tags":[121,171,207,351,385,446,457,576,588,661,893,1115,1137,1141,1157],"_links":{"self":[{"href":"https:\/\/blogs.lasprovincias.es\/noslohemosleido\/wp-json\/wp\/v2\/posts\/127"}],"collection":[{"href":"https:\/\/blogs.lasprovincias.es\/noslohemosleido\/wp-json\/wp\/v2\/posts"}],"about":[{"href":"https:\/\/blogs.lasprovincias.es\/noslohemosleido\/wp-json\/wp\/v2\/types\/post"}],"author":[{"embeddable":true,"href":"https:\/\/blogs.lasprovincias.es\/noslohemosleido\/wp-json\/wp\/v2\/users\/18"}],"replies":[{"embeddable":true,"href":"https:\/\/blogs.lasprovincias.es\/noslohemosleido\/wp-json\/wp\/v2\/comments?post=127"}],"version-history":[{"count":0,"href":"https:\/\/blogs.lasprovincias.es\/noslohemosleido\/wp-json\/wp\/v2\/posts\/127\/revisions"}],"wp:attachment":[{"href":"https:\/\/blogs.lasprovincias.es\/noslohemosleido\/wp-json\/wp\/v2\/media?parent=127"}],"wp:term":[{"taxonomy":"category","embeddable":true,"href":"https:\/\/blogs.lasprovincias.es\/noslohemosleido\/wp-json\/wp\/v2\/categories?post=127"},{"taxonomy":"post_tag","embeddable":true,"href":"https:\/\/blogs.lasprovincias.es\/noslohemosleido\/wp-json\/wp\/v2\/tags?post=127"}],"curies":[{"name":"wp","href":"https:\/\/api.w.org\/{rel}","templated":true}]}}