{"id":135,"date":"2011-04-12T14:35:32","date_gmt":"2011-04-12T14:35:32","guid":{"rendered":"http:\/\/firmas.lasprovincias.es\/noslohemosleido\/?p=135"},"modified":"2011-04-12T14:35:32","modified_gmt":"2011-04-12T14:35:32","slug":"hacia-el-crepusculo","status":"publish","type":"post","link":"https:\/\/blogs.lasprovincias.es\/noslohemosleido\/2011\/04\/12\/hacia-el-crepusculo\/","title":{"rendered":"Hacia el crep\u00fasculo"},"content":{"rendered":"<p>EL RECLAMO<\/p>\n<p>Ra\u00fal del Pozo<\/p>\n<p>Espasa<\/p>\n<p>245 p\u00e1ginas<\/p>\n<p>La novela relata el retorno a los montes de Teruel de un maqui, la vuelta despu\u00e9s 60 a\u00f1os, y las sensaciones de Juli\u00e1n en relaci\u00f3n a c\u00f3mo ha cambiado el lugar, las circunstancias y su propia perspectiva de c\u00f3mo y por qu\u00e9 se ech\u00f3 al monte.\u00a0La historia que sirve de hilo para tales reflexiones es la investigaci\u00f3n que realiza el personaje\u00a0central sobre qu\u00e9 paso\u00a0con sus compa\u00f1eros de grupo guerrillero, ya que en todo momento el protagonista sospecha de que se produjo alg\u00fan tipo de traici\u00f3n entre la cuadrilla. Esa vuelta a Espa\u00f1a, desde Argentina,\u00a0con escala en Par\u00eds, se explica al principio de la novela por la intenci\u00f3n de un historiador estadounidense de recup<a href=\"\/noslohemosleido\/wp-content\/uploads\/sites\/15\/2011\/04\/Reclamo1.jpg\"><img loading=\"lazy\" class=\"alignright size-medium wp-image-137\" src=\"\/noslohemosleido\/wp-content\/uploads\/sites\/15\/2011\/04\/Reclamo1.jpg\" alt=\"\" width=\"198\" height=\"300\" srcset=\"https:\/\/static-blogs.lasprovincias.es\/wp-content\/uploads\/sites\/15\/2011\/04\/Reclamo1.jpg 1191w, https:\/\/static-blogs.lasprovincias.es\/wp-content\/uploads\/sites\/15\/2011\/04\/Reclamo1-198x300.jpg 198w, https:\/\/static-blogs.lasprovincias.es\/wp-content\/uploads\/sites\/15\/2011\/04\/Reclamo1-768x1163.jpg 768w, https:\/\/static-blogs.lasprovincias.es\/wp-content\/uploads\/sites\/15\/2011\/04\/Reclamo1-676x1024.jpg 676w\" sizes=\"(max-width: 198px) 100vw, 198px\" \/><\/a>erar la historia de Juli\u00e1n y el grupo con el que luchaba durante los a\u00f1os posteriores a la Guerra Civil.<\/p>\n<p><strong>VALORACI\u00d3N.<\/strong>\u00a0Una nueva historia de maquis. El tema no\u00a0es novedoso, pero el estilo es interesante. El autor le ha dado importancia al paisaje, a la vida en el campo y al ritmo de la naturaleza y su relaci\u00f3n con un hombre muy alejado de la urbanidad actual. Es un poquito de Delibes y de Cela, pero con un estilo afilado, el habitual del autor. No est\u00e1 mal porque no es pesada. El ego del autor ha sido, en esta ocasi\u00f3n, indulgente con los lectores y no endi\u00f1a las 400\/500 p\u00e1ginas de rigor, que actualmente nadie se sienta a escribir si no es para rellenar medio millar de cuartillas. Es lo que tienen los ordenadores, que ponen tan f\u00e1ciles las cosas que parece que escribir mucho es tan f\u00e1cil como escribir bien. Y no es as\u00ed. En este caso, la brevedad se agradece porque cuando tanto campo y tanta reflexi\u00f3n y tanto recuerdo\u00a0empiezan a dar pereza, la novela toma un giro, la trama se aprieta y deja el regusto a desencanto, desesperanza y sue\u00f1o truncado que el autor pretende ofrecer, un tono crepuscular, que tambi\u00e9n tiene su p\u00fablico. Resulta algo fallido la intenci\u00f3n de eliminar u ocultar a trav\u00e9s de giros extra\u00f1os (no veros\u00edmiles, por trat\u00e1rse de una narraci\u00f3n de un protagonista al que uno no le atribuye ese tipo de registro) el nombre de partidos pol\u00edticos y los personajes hist\u00f3ricos relacionados con la Guerra Civil y los propios maquis.<\/p>\n<p style=\"text-align: right\">BURGUERA<\/p>\n<!-- AddThis Advanced Settings generic via filter on the_content --><!-- AddThis Share Buttons generic via filter on the_content -->","protected":false},"excerpt":{"rendered":"<p>EL RECLAMO Ra\u00fal del Pozo Espasa 245 p\u00e1ginas La novela relata el retorno a los montes de Teruel de un maqui, la vuelta despu\u00e9s 60 a\u00f1os, y las sensaciones de Juli\u00e1n en relaci\u00f3n a c\u00f3mo ha cambiado el lugar, las circunstancias y su propia perspectiva de c\u00f3mo y por qu\u00e9 se ech\u00f3 al monte.\u00a0La historia [&hellip;]<!-- AddThis Advanced Settings generic via filter on get_the_excerpt --><!-- AddThis Share Buttons generic via filter on get_the_excerpt --><\/p>\n","protected":false},"author":18,"featured_media":0,"comment_status":"open","ping_status":"closed","sticky":false,"template":"","format":"standard","meta":[],"categories":[5],"tags":[206,296,324,541,545,773,833,1034,1178,1198],"_links":{"self":[{"href":"https:\/\/blogs.lasprovincias.es\/noslohemosleido\/wp-json\/wp\/v2\/posts\/135"}],"collection":[{"href":"https:\/\/blogs.lasprovincias.es\/noslohemosleido\/wp-json\/wp\/v2\/posts"}],"about":[{"href":"https:\/\/blogs.lasprovincias.es\/noslohemosleido\/wp-json\/wp\/v2\/types\/post"}],"author":[{"embeddable":true,"href":"https:\/\/blogs.lasprovincias.es\/noslohemosleido\/wp-json\/wp\/v2\/users\/18"}],"replies":[{"embeddable":true,"href":"https:\/\/blogs.lasprovincias.es\/noslohemosleido\/wp-json\/wp\/v2\/comments?post=135"}],"version-history":[{"count":0,"href":"https:\/\/blogs.lasprovincias.es\/noslohemosleido\/wp-json\/wp\/v2\/posts\/135\/revisions"}],"wp:attachment":[{"href":"https:\/\/blogs.lasprovincias.es\/noslohemosleido\/wp-json\/wp\/v2\/media?parent=135"}],"wp:term":[{"taxonomy":"category","embeddable":true,"href":"https:\/\/blogs.lasprovincias.es\/noslohemosleido\/wp-json\/wp\/v2\/categories?post=135"},{"taxonomy":"post_tag","embeddable":true,"href":"https:\/\/blogs.lasprovincias.es\/noslohemosleido\/wp-json\/wp\/v2\/tags?post=135"}],"curies":[{"name":"wp","href":"https:\/\/api.w.org\/{rel}","templated":true}]}}