{"id":477,"date":"2012-10-19T17:12:41","date_gmt":"2012-10-19T17:12:41","guid":{"rendered":"http:\/\/blogs.lasprovincias.es\/noslohemosleido\/?p=477"},"modified":"2012-10-19T17:12:41","modified_gmt":"2012-10-19T17:12:41","slug":"un-libro-de-cuentos","status":"publish","type":"post","link":"https:\/\/blogs.lasprovincias.es\/noslohemosleido\/2012\/10\/19\/un-libro-de-cuentos\/","title":{"rendered":"Un libro de cuentos"},"content":{"rendered":"<div>\n<p style=\"text-align: right;\">MIGUEL A. HOYOS<\/p>\n<p style=\"text-align: right;\">Periodista de RTVE<\/p>\n<p>CATALANES EN MADRID. 50 MIRADAS DESDE LA GRAN V\u00cdA<\/p>\n<p>Anabel Abril<\/p>\n<p>Lectio Ediciones<a href=\"\/noslohemosleido\/wp-content\/uploads\/sites\/15\/2012\/10\/9788415088608_small.jpg\"><img loading=\"lazy\" class=\"alignright size-full wp-image-478\" title=\"9788415088608_small\" src=\"\/noslohemosleido\/wp-content\/uploads\/sites\/15\/2012\/10\/9788415088608_small.jpg\" alt=\"\" width=\"200\" height=\"192\" \/><\/a><\/p>\n<p>108 p\u00e1ginas<\/p>\n<p>24 euros<\/p>\n<p>&nbsp;<\/p>\n<p>&#8216;Catalanes en Madrid. 50 miradas desde la Gran V\u00eda&#8217; es un libro de cuentos. L\u00e9anlo as\u00ed. Piensen que lo escribi\u00f3 Borges en un despiste de Mar\u00eda Kodama.<\/p>\n<p>Es un libro de cuentos ilustrados. En una ilustraci\u00f3n, una foto de la p\u00e1gina 81, Charlize Theron, en actitud sensual, acompa\u00f1a desde un cartel publicitario a un se\u00f1or de gorra y corbata absolutamente madrile\u00f1o. Tan pancho, tan adusto y tan seguro de estar donde tiene que estar. El hombre espera el autob\u00fas, seguramente, pero ese es su lugar en el mundo, sin duda. Y se dir\u00eda que Charlize, tan sensual, simplemente est\u00e1 con \u00e9l. Madrid hace tiempo que no es solo una ciudad de paso, es un lugar en el mundo. Y todos buscamos, a\u00f1oramos o nos cuestionamos, nuestro lugar en el mundo.<\/p>\n<p>Por eso &#8216;Catalanes en Madrid&#8217; es un libro de cuentos. Hay nostalgia, a\u00f1oranzas rom\u00e1nticas, personajes que se plantean la gran cuesti\u00f3n de la identidad, o del regreso, escenarios m\u00edticos, desde el &#8216;Pasapoga&#8217;, la cafeter\u00eda Manila, o el Chicote al Calentito o El Valverde. Y sobre todo la Gran V\u00eda, que como todo el mundo sabe, es un lugar que no existe. O en todo caso es, como dir\u00eda Unamuno, un estado de \u00e1nimo. &#8216;Catalanes en Madrid&#8217; es un libro de cuentos con interesantes protagonistas. Nos situamos ante la figura del h\u00e9roe, la fascinaci\u00f3n por el h\u00e9roe. Los 50 protagonistas, mujeres y hombres, son triunfadores en lo suyo y en muchos casos en lo de todos. Los protagonistas hablan en primera persona y, como querr\u00eda Todorov, se muestran dispuestos a reflexionar sobre su yo, a encarar sus entretelas, sus descosidos y su memoria.<\/p>\n<p>Y as\u00ed surgen las historias. Las grandes y las peque\u00f1as, tan deliciosas. Ese arrancar encarando la cuesti\u00f3n de la identidad ofrece grandes comienzos literarios: &#8216;Madrid es un campamento&#8217;, dice Enric Juliana, &#8216;Madrid ser\u00e1 un pecado juventud&#8217; recuerda Matilde Gurrera que le dec\u00eda Josep Tarradellas, &#8216;Madrid es un puerto de mar&#8217; arranca po\u00e9tico Antoni Lladr\u00e9n, &#8216;En Madrid juego al mus y en Catalu\u00f1a a la butifarra&#8217; dice Carlos Macaya en uno de los mejores comienzos narrativos que yo recuerde. Una met\u00e1fora que Macaya desarrolla literariamente.<\/p>\n<p>El yo, el quien soy en un sitio y en otro ofrece entra\u00f1ables episodios. Maria Casado aprendiendo a montar en bici en el retiro, donde Pere Pinyol ve a las parejas besarse en p\u00fablico, eso tan madrile\u00f1o ( por cierto, c\u00f3mo gusta el Retiro ), las vistas al mar de Silvia Mars\u00f3 y Carme Conesa, Eduard Rius adolescente alucinando a las dos de la ma\u00f1ana con una Gran V\u00eda atestada, el Caf\u00e9 Gij\u00f3n de Isidre Fain\u00e9, Jordi Bosch en aquel fr\u00edo enero del 86, en el entierro de Tierno Galv\u00e1n\u2026y Hemingway pasando por la plaza de Espa\u00f1a, cerca de la Gran pe\u00f1a, donde, como cuenta P\u00e9rez-Desoy, se urdi\u00f3 parte de la trama del 18 de julio. Como ven, en un buen libro de cuentos tampoco falta el escenario hist\u00f3rico.<\/p>\n<p>Y finalmente, o quiz\u00e1, seg\u00fan cre\u00ed que confesaba la autora, al principio de todo, est\u00e1n las historias de la memoria. Las peque\u00f1as grandes historias. Magistral la de Carmen Caffarel: &#8220;Mi padre era representante de ropa interior. Pero tambi\u00e9n era actor. Siempre \u00edbamos de aqu\u00ed para all\u00e1, por los pueblos, y los s\u00e1bados \u00edbamos a las funciones, a ver teatro. (\u2026) Un d\u00eda Marsillach lo vio y le ofreci\u00f3 alg\u00fan papel. (\u2026) As\u00ed que al final nos vinimos a Madrid toda la familia: mi madre, los tres hermanos y el perro&#8221;. O la de Josep Mar\u00eda Pou: &#8220;Mis padres en los a\u00f1os 30 para poder ver reci\u00e9n inaugurado (el edifico de Telef\u00f3nica) se vinieron a casar a Madrid&#8221;. La vida se mueve por azares. A menudo es m\u00e1s real el azar que la realidad.<\/p>\n<p><strong>VALORACI\u00d3N<\/strong>: &#8220;Catalanes en Madrid&#8221;, como libro de cuentos, ha tenido sin pretenderlo, el don de la oportunidad. Se publica en un momento en que son necesarias las miradas de ida y vuelta, las que tienden puentes. La autora consigue que hablen sus personajes y son grand\u00edsimos personajes de ficci\u00f3n, muy veros\u00edmiles. Con pinceladas peque\u00f1as pero muy significativas ellos se describen, y transcienden lo particular. Las ilustraciones de los cuentos son sutiles, acertad\u00edsimas, proponen casi un juego al lector: c\u00f3mo complementa cada ilustraci\u00f3n a su narraci\u00f3n.<\/p>\n<p>&#8216;Catalanes en Madrid&#8217; se llama as\u00ed pero podr\u00eda haberse llamado &#8216;Cuentos para no sentirse extranjero&#8217; o &#8216;El paradigma del forastero&#8217;. Y si a Borges no le hubiera dado tiempo a acabar de escribirlos en los m\u00ednimos instantes de libertad que le conced\u00eda Mar\u00eda Kodama, sin duda Monterroso o Ribeyro, habr\u00edan completado la colecci\u00f3n.<\/p>\n<p>&nbsp;<\/p>\n<p>A tener en cuenta tambi\u00e9n:<\/p>\n<p><a href=\"http:\/\/www.europapress.es\/cultura\/libros-00132\/noticia-catalanes-madrid-recoge-mirada-50-personalidades-calles-capital-20120930133742.html\" rel=\"external nofollow\">http:\/\/www.europapress.es\/cultura\/libros-00132\/noticia-catalanes-madrid-recoge-mirada-50-personalidades-calles-capital-20120930133742.html<\/a><\/p>\n<p><a href=\"https:\/\/blogs.lasprovincias.es\/noslohemosleido\/2012\/05\/25\/pulir-lentes-o-si-juliana-hubiera-sido-spinoza\/\">https:\/\/blogs.lasprovincias.es\/noslohemosleido\/2012\/05\/25\/pulir-lentes-o-si-juliana-hubiera-sido-spinoza\/<\/a><\/p>\n<p>&nbsp;<\/p>\n<\/div>\n<!-- AddThis Advanced Settings generic via filter on the_content --><!-- AddThis Share Buttons generic via filter on the_content -->","protected":false},"excerpt":{"rendered":"<p>MIGUEL A. HOYOS Periodista de RTVE CATALANES EN MADRID. 50 MIRADAS DESDE LA GRAN V\u00cdA Anabel Abril Lectio Ediciones 108 p\u00e1ginas 24 euros &nbsp; &#8216;Catalanes en Madrid. 50 miradas desde la Gran V\u00eda&#8217; es un libro de cuentos. L\u00e9anlo as\u00ed. Piensen que lo escribi\u00f3 Borges en un despiste de Mar\u00eda Kodama. Es un libro de [&hellip;]<!-- AddThis Advanced Settings generic via filter on get_the_excerpt --><!-- AddThis Share Buttons generic via filter on get_the_excerpt --><\/p>\n","protected":false},"author":18,"featured_media":0,"comment_status":"open","ping_status":"closed","sticky":false,"template":"","format":"standard","meta":[],"categories":[4,5],"tags":[197,227,313,408,425,492,654,655,748],"_links":{"self":[{"href":"https:\/\/blogs.lasprovincias.es\/noslohemosleido\/wp-json\/wp\/v2\/posts\/477"}],"collection":[{"href":"https:\/\/blogs.lasprovincias.es\/noslohemosleido\/wp-json\/wp\/v2\/posts"}],"about":[{"href":"https:\/\/blogs.lasprovincias.es\/noslohemosleido\/wp-json\/wp\/v2\/types\/post"}],"author":[{"embeddable":true,"href":"https:\/\/blogs.lasprovincias.es\/noslohemosleido\/wp-json\/wp\/v2\/users\/18"}],"replies":[{"embeddable":true,"href":"https:\/\/blogs.lasprovincias.es\/noslohemosleido\/wp-json\/wp\/v2\/comments?post=477"}],"version-history":[{"count":0,"href":"https:\/\/blogs.lasprovincias.es\/noslohemosleido\/wp-json\/wp\/v2\/posts\/477\/revisions"}],"wp:attachment":[{"href":"https:\/\/blogs.lasprovincias.es\/noslohemosleido\/wp-json\/wp\/v2\/media?parent=477"}],"wp:term":[{"taxonomy":"category","embeddable":true,"href":"https:\/\/blogs.lasprovincias.es\/noslohemosleido\/wp-json\/wp\/v2\/categories?post=477"},{"taxonomy":"post_tag","embeddable":true,"href":"https:\/\/blogs.lasprovincias.es\/noslohemosleido\/wp-json\/wp\/v2\/tags?post=477"}],"curies":[{"name":"wp","href":"https:\/\/api.w.org\/{rel}","templated":true}]}}