{"id":487,"date":"2012-10-29T20:04:32","date_gmt":"2012-10-29T20:04:32","guid":{"rendered":"http:\/\/blogs.lasprovincias.es\/noslohemosleido\/?p=487"},"modified":"2012-10-29T20:04:32","modified_gmt":"2012-10-29T20:04:32","slug":"menendez-salmon-te-pones-muy-pesado","status":"publish","type":"post","link":"https:\/\/blogs.lasprovincias.es\/noslohemosleido\/2012\/10\/29\/menendez-salmon-te-pones-muy-pesado\/","title":{"rendered":"Men\u00e9ndez Salm\u00f3n, te pones muy pesado"},"content":{"rendered":"<p>MEDUSA<\/p>\n<p>Ricardo Men\u00e9ndez Salm\u00f3n<\/p>\n<p>Seix Barral<a href=\"\/noslohemosleido\/wp-content\/uploads\/sites\/15\/2012\/10\/medusa_9788432210068.jpg\"><img loading=\"lazy\" class=\"alignright size-medium wp-image-488\" title=\"medusa_9788432210068\" src=\"\/noslohemosleido\/wp-content\/uploads\/sites\/15\/2012\/10\/medusa_9788432210068.jpg\" alt=\"\" width=\"174\" height=\"300\" \/><\/a><\/p>\n<p>152 p\u00e1ginas<\/p>\n<p>18 euros<\/p>\n<p>Relato sobre la vida y obra de Prohaska, un artista criado en una Alemania de entreguerras y que desarrolla buena parte de su aprendizaje y formaci\u00f3n como artista durante la Segunda Guerra Mundial. Los encargos del ej\u00e9rcito nazi marcan la actividad y la sensibilidad del artista, obsesionado con plasmar a trav\u00e9s de im\u00e1genes el horror y extremadamente reacio a que se conozca su propia imagen.<\/p>\n<p>VALORACI\u00d3N: Reflexiones sobre el mito y la historia, sobre el horror y su manera de mostrarlo, sobre el artista y su capacidad para distanciarse de la realidad que recibe y que despu\u00e9s plasma en su obra. Muchas reflexiones en la breve novela de Men\u00e9ndez Salm\u00f3n, que no renuncia a ese estilo metaf\u00f3rico, lirista, que se hace un poco (y un mucho, tambi\u00e9n) cargante. Ya me pas\u00f3 con su anterior novela (<a href=\"https:\/\/blogs.lasprovincias.es\/noslohemosleido\/2011\/11\/10\/barroco-hasta-decir-basta\/\">https:\/\/blogs.lasprovincias.es\/noslohemosleido\/2011\/11\/10\/barroco-hasta-decir-basta\/<\/a>) y en esta ocasi\u00f3n me ha ocurrido algo similar, si bien he de reconocer que el modelo narrativo utilizado, una mezcla de biograf\u00eda, ensayo, relato&#8230; le va m\u00e1s al barroqu\u00edsimo estilo del autor, que\u00a0para mi gusto carga cada frase con demasiada p\u00f3lvora, como si con cada ca\u00f1onazo verbal quisiese dejar sordo al lector. Eso s\u00ed, hay pasajes muy interesantes (&#8220;a menudo son las personas que pasan, y no las que permanecen, las que juegan un papel decisivo en nuestras vidas. \u00bfPor qu\u00e9? Precisamente porque la vida no las gast\u00f3, porque su memoria, para lo bueno o para lo malo, permanece a salvo del paso del tiempo, que todo lo ensucia&#8221;; &#8220;juzgar, permitirse un juicio, lo condenaba a la par\u00e1lisis&#8230; \u00bfse puede defender la obra de alguien que film\u00f3 ejecuciones con tiros en la sien?&#8221;; o &#8220;el arte constituye (&#8230;) una forma de conocimiento y una pr\u00e1ctica exhumatoria&#8221;), as\u00ed como otros\u00a0grandilocuentes y un punto pretenciosos porque, a veces, Men\u00e9ndez Salm\u00f3n, te pones muy pesado.<\/p>\n<p style=\"text-align: right;\">BURGUERA<\/p>\n<!-- AddThis Advanced Settings generic via filter on the_content --><!-- AddThis Share Buttons generic via filter on the_content -->","protected":false},"excerpt":{"rendered":"<p>MEDUSA Ricardo Men\u00e9ndez Salm\u00f3n Seix Barral 152 p\u00e1ginas 18 euros Relato sobre la vida y obra de Prohaska, un artista criado en una Alemania de entreguerras y que desarrolla buena parte de su aprendizaje y formaci\u00f3n como artista durante la Segunda Guerra Mundial. Los encargos del ej\u00e9rcito nazi marcan la actividad y la sensibilidad del [&hellip;]<!-- AddThis Advanced Settings generic via filter on get_the_excerpt --><!-- AddThis Share Buttons generic via filter on get_the_excerpt --><\/p>\n","protected":false},"author":18,"featured_media":0,"comment_status":"open","ping_status":"closed","sticky":false,"template":"","format":"standard","meta":[],"categories":[5],"tags":[42,99,170,316,409,540,565,592,691,847,867,1058,1106,1241],"_links":{"self":[{"href":"https:\/\/blogs.lasprovincias.es\/noslohemosleido\/wp-json\/wp\/v2\/posts\/487"}],"collection":[{"href":"https:\/\/blogs.lasprovincias.es\/noslohemosleido\/wp-json\/wp\/v2\/posts"}],"about":[{"href":"https:\/\/blogs.lasprovincias.es\/noslohemosleido\/wp-json\/wp\/v2\/types\/post"}],"author":[{"embeddable":true,"href":"https:\/\/blogs.lasprovincias.es\/noslohemosleido\/wp-json\/wp\/v2\/users\/18"}],"replies":[{"embeddable":true,"href":"https:\/\/blogs.lasprovincias.es\/noslohemosleido\/wp-json\/wp\/v2\/comments?post=487"}],"version-history":[{"count":0,"href":"https:\/\/blogs.lasprovincias.es\/noslohemosleido\/wp-json\/wp\/v2\/posts\/487\/revisions"}],"wp:attachment":[{"href":"https:\/\/blogs.lasprovincias.es\/noslohemosleido\/wp-json\/wp\/v2\/media?parent=487"}],"wp:term":[{"taxonomy":"category","embeddable":true,"href":"https:\/\/blogs.lasprovincias.es\/noslohemosleido\/wp-json\/wp\/v2\/categories?post=487"},{"taxonomy":"post_tag","embeddable":true,"href":"https:\/\/blogs.lasprovincias.es\/noslohemosleido\/wp-json\/wp\/v2\/tags?post=487"}],"curies":[{"name":"wp","href":"https:\/\/api.w.org\/{rel}","templated":true}]}}