{"id":489,"date":"2012-11-03T20:55:03","date_gmt":"2012-11-03T20:55:03","guid":{"rendered":"http:\/\/blogs.lasprovincias.es\/noslohemosleido\/?p=489"},"modified":"2012-11-03T20:55:03","modified_gmt":"2012-11-03T20:55:03","slug":"sanchez-pinol-entre-sandokan-y-vizcaino-casas","status":"publish","type":"post","link":"https:\/\/blogs.lasprovincias.es\/noslohemosleido\/2012\/11\/03\/sanchez-pinol-entre-sandokan-y-vizcaino-casas\/","title":{"rendered":"S\u00e1nchez Pi\u00f1ol: entre Sandok\u00e1n y Vizca\u00edno Casas"},"content":{"rendered":"<p>VICTUS<\/p>\n<p>Albert S\u00e1nchez Pi\u00f1ol<\/p>\n<p>Editorial La Campana<\/p>\n<p>608 p\u00e1ginas<a href=\"\/noslohemosleido\/wp-content\/uploads\/sites\/15\/2012\/11\/Victus.jpg\"><img loading=\"lazy\" class=\"alignright size-full wp-image-490\" title=\"Victus\" src=\"\/noslohemosleido\/wp-content\/uploads\/sites\/15\/2012\/11\/Victus.jpg\" alt=\"\" width=\"198\" height=\"280\" \/><\/a><\/p>\n<p>24 euros<\/p>\n<p>&nbsp;<\/p>\n<p>Mart\u00ed, protagonista de la historia, se acerca a los 100 a\u00f1os y recuerda a su escriba, desde su retiro en Viena,\u00a0su juventud, su formaci\u00f3n como ingeniero militar en Francia y su participaci\u00f3n en los dos bandos de la guerra de sucesi\u00f3n espa\u00f1ola que\u00a0en el siglo XVIII\u00a0confront\u00f3 a\u00a0Borbones y Habsburgos por reinar en Espa\u00f1a, lo que deriv\u00f3 en una contienda en la que los intereses de toda Europa se pusieron en juego.<\/p>\n<p><strong>VALORACI\u00d3N:<\/strong> Ojal\u00e1 fuese irland\u00e9s, escoc\u00e9s o flamenco. De esa manera, mi opini\u00f3n sobre esta novela ser\u00eda contemplada sin el prejuicio (l\u00f3gico o il\u00f3gico) de quien suponga que &#8216;Victus&#8217; no me gust\u00f3 por ser yo un espa\u00f1olazo y, adem\u00e1s, nacido en Valencia y castellanoparlante, lo que me convierte en carne botiflera de la peor especie. Si fuera irland\u00e9s, escoc\u00e9s o flamenco podr\u00eda se\u00f1alar abiertamente que S\u00e1nchez Pi\u00f1ol escribi\u00f3 una novela, la primera, &#8216;La piel fr\u00eda&#8217;, que recomendar\u00e9 toda mi vida. Leo estos d\u00edas por internet que &#8216;Victus&#8217; merece encontrarse entre las grandes novelas del a\u00f1o. Siendo 2012 terrible en muchos aspectos, deber\u00edamos soportar d\u00edas nefastos literariamente hablando para que esta novela pudiese considerarse como un texto destacado. Quiz\u00e1 entre las novelas sobre la Guerra de Sucesi\u00f3n espa\u00f1ola&#8230;\u00a0O no. \u00a0&#8216;La piel fr\u00eda&#8217; (2003), sin embargo, s\u00ed es una gran novela. No as\u00ed &#8216;Pandora en el Congo&#8217; (2005), una deriva y una decepci\u00f3n. Recuper\u00e9 la fe en S\u00e1nchez Pi\u00f1ol con los relatos reunidos en &#8216;Trece tristes trances&#8217;. En este vaiv\u00e9n, de nuevo toca la de arena. &#8216;Victus&#8217; se presenta as\u00ed:\u00a0&#8220;una novela hist\u00f3rica que nos narra la guerra de Sucesi\u00f3n&#8221;. Considerar\u00a0este texto como una novela hist\u00f3rica ser\u00eda como\u00a0querer certificar la existencia\u00a0real, y no novelesca, del Capit\u00e1n\u00a0Alatriste o a Sandok\u00e1n.\u00a0La lectura de &#8216;Victus&#8217; se debe\u00a0tomar como\u00a0una novela de aventuras en plan Sandok\u00e1n\u00a0m\u00e1s que\u00a0como una ficci\u00f3n que recrea fielmente una situaci\u00f3n\u00a0hist\u00f3rica. Hay explicaciones (como\u00a0el\u00a0realizado entre la p\u00e1gina 125\u00a0y la 130)\u00a0sobre la evoluci\u00f3n geopol\u00edtica de Espa\u00f1a, esa entelequia que, seg\u00fan el protagonista, &#8220;no existe&#8221;, que son peculiares, por calificar de manera benigna la eliminaci\u00f3n de la Corona de Arag\u00f3n y su sustituci\u00f3n por la &#8220;corona catalana&#8221;. Alg\u00fan experto en la materia\u00a0puede sufrir un colapso si\u00a0no est\u00e1 prevenido de que, al menos en mi opini\u00f3n, &#8216;Victus&#8217; maneja\u00a0los datos hist\u00f3ricos como\u00a0Rastelli, Cinquevalli,\u00a0Mayo y Brunn, un p\u00f3quer (hablando de r\u00e1nkings) que re\u00fane, seg\u00fan\u00a0algunos foros ( <a href=\"http:\/\/es.myhotarticles.appspot.com\/article\/the-4-most-famous-jugglers-ever-learn-from-them-you-could-be-next\" rel=\"external nofollow\">http:\/\/es.myhotarticles.appspot.com\/article\/the-4-most-famous-jugglers-ever-learn-from-them-you-could-be-next<\/a>\u00a0) a los cuatro mejores malabaristas de la historia. Al margen dejo\u00a0el modo\u00a0en que el autor, a trav\u00e9s del protagonista de la novela,\u00a0describe a catalanes, espa\u00f1oles, franceses e ingleses. No es nada nuevo.\u00a0P\u00e9rez Reverte tambi\u00e9n emplea ese estilo forofo a la hora de perfilar a sus personajes en virtud de su nacionalidad, lo que me recuerda a los t\u00f3picos que manejaba mi abuela, que cuando ve\u00eda a un alem\u00e1n por televisi\u00f3n siempre dec\u00eda: &#8220;un cabeza cuadrada&#8221;.\u00a0El modo de tratar la historia de S\u00e1nchez Pi\u00f1ol me traslada a Vizca\u00edno Casas y\u00a0lo que el\u00a0autor valenciano denominaba &#8216;historia-ficci\u00f3n&#8217;,\u00a0un saco donde\u00a0met\u00eda\u00a0\u2018&#8230;Y al tercer d\u00eda resucit\u00f3\u2019 o \u2018Las autonosuyas\u2019. El g\u00e9nero me desagrada, aunque luego\u00a0haya derivado hacia\u00a0el\u00a0&#8216;steampunk&#8217;. Las simplistas visiones maniqueas y el tratamiento de la historia sit\u00faan a S\u00e1nchez Pi\u00f1ol y Vizca\u00edno Casas en dos caras de una moneda\u00a0gastada, revanchista\u00a0y recurrente. La novela acaba con una moralina gracias a la resoluci\u00f3n de un enigma, una palabra, que el protagonista de la trama busca durante todo su periplo, un final que, como ocurre con muchos de esos misterios de la vida que pretenden resumirse en un destello, dejan un poco fr\u00edo a este\u00a0lector. \u00a0Si fuera irland\u00e9s, escoc\u00e9s o flamenco, dir\u00eda tambi\u00e9n que, como novela de aventuras, el personaje de la escriba alemana, Waltrud, rechina y que los pasajes donde menos carga dram\u00e1tica\u00a0aporta el autor (el sitio de Tortosa, por ejemplo) \u00a0son los m\u00e1s brillantes, pero sin exagerar.<\/p>\n<p>BURGUERA<\/p>\n<!-- AddThis Advanced Settings generic via filter on the_content --><!-- AddThis Share Buttons generic via filter on the_content -->","protected":false},"excerpt":{"rendered":"<p>VICTUS Albert S\u00e1nchez Pi\u00f1ol Editorial La Campana 608 p\u00e1ginas 24 euros &nbsp; Mart\u00ed, protagonista de la historia, se acerca a los 100 a\u00f1os y recuerda a su escriba, desde su retiro en Viena,\u00a0su juventud, su formaci\u00f3n como ingeniero militar en Francia y su participaci\u00f3n en los dos bandos de la guerra de sucesi\u00f3n espa\u00f1ola que\u00a0en [&hellip;]<!-- AddThis Advanced Settings generic via filter on get_the_excerpt --><!-- AddThis Share Buttons generic via filter on get_the_excerpt --><\/p>\n","protected":false},"author":18,"featured_media":0,"comment_status":"open","ping_status":"closed","sticky":false,"template":"","format":"standard","meta":[],"categories":[5],"tags":[36,125,227,425,538,565,692,893,934,1235],"_links":{"self":[{"href":"https:\/\/blogs.lasprovincias.es\/noslohemosleido\/wp-json\/wp\/v2\/posts\/489"}],"collection":[{"href":"https:\/\/blogs.lasprovincias.es\/noslohemosleido\/wp-json\/wp\/v2\/posts"}],"about":[{"href":"https:\/\/blogs.lasprovincias.es\/noslohemosleido\/wp-json\/wp\/v2\/types\/post"}],"author":[{"embeddable":true,"href":"https:\/\/blogs.lasprovincias.es\/noslohemosleido\/wp-json\/wp\/v2\/users\/18"}],"replies":[{"embeddable":true,"href":"https:\/\/blogs.lasprovincias.es\/noslohemosleido\/wp-json\/wp\/v2\/comments?post=489"}],"version-history":[{"count":0,"href":"https:\/\/blogs.lasprovincias.es\/noslohemosleido\/wp-json\/wp\/v2\/posts\/489\/revisions"}],"wp:attachment":[{"href":"https:\/\/blogs.lasprovincias.es\/noslohemosleido\/wp-json\/wp\/v2\/media?parent=489"}],"wp:term":[{"taxonomy":"category","embeddable":true,"href":"https:\/\/blogs.lasprovincias.es\/noslohemosleido\/wp-json\/wp\/v2\/categories?post=489"},{"taxonomy":"post_tag","embeddable":true,"href":"https:\/\/blogs.lasprovincias.es\/noslohemosleido\/wp-json\/wp\/v2\/tags?post=489"}],"curies":[{"name":"wp","href":"https:\/\/api.w.org\/{rel}","templated":true}]}}