{"id":500,"date":"2012-11-28T18:31:34","date_gmt":"2012-11-28T18:31:34","guid":{"rendered":"http:\/\/blogs.lasprovincias.es\/noslohemosleido\/?p=500"},"modified":"2012-11-28T18:31:34","modified_gmt":"2012-11-28T18:31:34","slug":"foenkinos-sabe-para-quien-escribe","status":"publish","type":"post","link":"https:\/\/blogs.lasprovincias.es\/noslohemosleido\/2012\/11\/28\/foenkinos-sabe-para-quien-escribe\/","title":{"rendered":"Foenkinos sabe para qui\u00e9n escribe"},"content":{"rendered":"<p>LOS RECUERDOS<\/p>\n<p>David Foenkinos<\/p>\n<p>Seix Barral<a href=\"\/noslohemosleido\/wp-content\/uploads\/sites\/15\/2012\/11\/los-recuerdos-9788432210198.jpg\"><img loading=\"lazy\" class=\"alignright size-medium wp-image-501\" title=\"los-recuerdos-9788432210198\" src=\"\/noslohemosleido\/wp-content\/uploads\/sites\/15\/2012\/11\/los-recuerdos-9788432210198.jpg\" alt=\"\" width=\"177\" height=\"300\" srcset=\"https:\/\/static-blogs.lasprovincias.es\/wp-content\/uploads\/sites\/15\/2012\/11\/los-recuerdos-9788432210198.jpg 764w, https:\/\/static-blogs.lasprovincias.es\/wp-content\/uploads\/sites\/15\/2012\/11\/los-recuerdos-9788432210198-607x1024.jpg 607w\" sizes=\"(max-width: 177px) 100vw, 177px\" \/><\/a><\/p>\n<p>283 p\u00e1ginas<\/p>\n<p>18,50 euros<\/p>\n<p>A partir de la muerte de su abuelo, un joven con aspiraciones de ser escritor comienza a acercarse a su familia, principalmente a su abuela y a su padre. Sin embargo, un d\u00eda la abuela se fuga y esa desaparici\u00f3n obliga a protagonista a una b\u00fasqueda que le empuja a conocer a una mujer, Louise.<\/p>\n<p>VALORACI\u00d3N: David Foenkinos construye de manera sencilla, pero muy interesante, una trama que se desarrolla de manera lineal pero que va interrumpi\u00e9ndose con recuerdos de personajes que aparecen en la novela. Ese doble enfoque permite\u00a0enriquecer la sensaci\u00f3n que genera la historia central, bastante convencional. Foenkinos logr\u00f3 un importante \u00e9xito con &#8216;La delicadeza&#8217;, una novela en la que imperan los sentimientos y que posteriormente se ha trasladado al cine (<a href=\"http:\/\/www.lasprovincias.es\/20120620\/ocio\/cine\/estrenos-cine-delicadeza-201206201341.html\" rel=\"external nofollow\">http:\/\/www.lasprovincias.es\/20120620\/ocio\/cine\/estrenos-cine-delicadeza-201206201341.html<\/a>). El autor reconoci\u00f3 ya con &#8216;La delicadeza&#8217; que muchas partes de la novela son del agrado de un lector que simpatiza con la exposici\u00f3n de sentimientos. Foenkinos no cae en la sensibler\u00eda ni aporta s\u00f3lamente un punto de vista de g\u00e9nero (m\u00e1sculino\u00a0o\u00a0femenino)., Parece tener capacidad para empatizar con las diversas partes de\u00a0una relaci\u00f3n sentimental,\u00a0amistosa o familiar. Es profundo sin ser denso. No es demasiado moralizante. S\u00ed aporta un cierto aire positivista, al estilo de\u00a0\u00a0Muriel Barbery. Ser\u00e1 que\u00a0yo, como lector,\u00a0sufro el s\u00edndrome de Paco Mart\u00ednez Soria cuando le compraba\u00a0una lavadora a su Florinda Chico y le dec\u00eda: &#8220;es alemana, es muy buena&#8221;. Quiz\u00e1 estos autores galos me gusten por tener (Krahe, dixit), el chic de lo franc\u00e9s. Foenkinos es inteligente, escribe con calidad, construye a un antih\u00e9roe c\u00e1lido. El personaje del &#8216;cajero aconsejador&#8217; es\u00a0brillante. Los an\u00e1lisis pseudopsicol\u00f3gicos recuerdan a Kundera. El due\u00f1o del\u00a0hotel que apadrina al protagonista es interesante. La novela es muy francesa, incluida la obligatoria angustia existencial.\u00a0La combinaci\u00f3n trama\/recuerdos es agradable. Quiz\u00e1 le ocurre como\u00a0le pasa a muchas historias que se basan en\u00a0sentimientos, que llega un momento en que la trama se alarga por inconsistente. La relaci\u00f3n de la pareja cansa y puede uno hasta aburrirse y preguntarse hacia d\u00f3nde te lleva el autor: Foenkinos,\u00a0te est\u00e1s buscando un final muy edulcorado, piensas cuando te acercas al \u00faltimo tramo de la historia. Sin embargo, al final, hay un nuevo giro, no radical, pero s\u00ed interesante, que\u00a0permite acabar la novela con una buena sensaci\u00f3n. El autor tampoco busca la\u00a0transgresi\u00f3n, pero s\u00ed logra ofrecer un entretenimiento suave y que transmite\u00a0tanta calidad como ganas de dejar un buen sabor de boca para que\u00a0el libro se recomiende de cara a Navidad.<\/p>\n<p style=\"text-align: right;\">BURGUERA<\/p>\n<!-- AddThis Advanced Settings generic via filter on the_content --><!-- AddThis Share Buttons generic via filter on the_content -->","protected":false},"excerpt":{"rendered":"<p>LOS RECUERDOS David Foenkinos Seix Barral 283 p\u00e1ginas 18,50 euros A partir de la muerte de su abuelo, un joven con aspiraciones de ser escritor comienza a acercarse a su familia, principalmente a su abuela y a su padre. Sin embargo, un d\u00eda la abuela se fuga y esa desaparici\u00f3n obliga a protagonista a una [&hellip;]<!-- AddThis Advanced Settings generic via filter on get_the_excerpt --><!-- AddThis Share Buttons generic via filter on get_the_excerpt --><\/p>\n","protected":false},"author":18,"featured_media":0,"comment_status":"open","ping_status":"closed","sticky":false,"template":"","format":"standard","meta":[],"categories":[5],"tags":[16,57,463,489,497,563,684,924,941,1036,1044,1110,1135,1225],"_links":{"self":[{"href":"https:\/\/blogs.lasprovincias.es\/noslohemosleido\/wp-json\/wp\/v2\/posts\/500"}],"collection":[{"href":"https:\/\/blogs.lasprovincias.es\/noslohemosleido\/wp-json\/wp\/v2\/posts"}],"about":[{"href":"https:\/\/blogs.lasprovincias.es\/noslohemosleido\/wp-json\/wp\/v2\/types\/post"}],"author":[{"embeddable":true,"href":"https:\/\/blogs.lasprovincias.es\/noslohemosleido\/wp-json\/wp\/v2\/users\/18"}],"replies":[{"embeddable":true,"href":"https:\/\/blogs.lasprovincias.es\/noslohemosleido\/wp-json\/wp\/v2\/comments?post=500"}],"version-history":[{"count":0,"href":"https:\/\/blogs.lasprovincias.es\/noslohemosleido\/wp-json\/wp\/v2\/posts\/500\/revisions"}],"wp:attachment":[{"href":"https:\/\/blogs.lasprovincias.es\/noslohemosleido\/wp-json\/wp\/v2\/media?parent=500"}],"wp:term":[{"taxonomy":"category","embeddable":true,"href":"https:\/\/blogs.lasprovincias.es\/noslohemosleido\/wp-json\/wp\/v2\/categories?post=500"},{"taxonomy":"post_tag","embeddable":true,"href":"https:\/\/blogs.lasprovincias.es\/noslohemosleido\/wp-json\/wp\/v2\/tags?post=500"}],"curies":[{"name":"wp","href":"https:\/\/api.w.org\/{rel}","templated":true}]}}