{"id":534,"date":"2013-01-07T16:33:56","date_gmt":"2013-01-07T16:33:56","guid":{"rendered":"http:\/\/blogs.lasprovincias.es\/noslohemosleido\/?p=534"},"modified":"2013-01-07T16:33:56","modified_gmt":"2013-01-07T16:33:56","slug":"cercas-lo-cuenta-bien","status":"publish","type":"post","link":"https:\/\/blogs.lasprovincias.es\/noslohemosleido\/2013\/01\/07\/cercas-lo-cuenta-bien\/","title":{"rendered":"Cercas lo cuenta bien"},"content":{"rendered":"<div>\n<div id=\"tituLibro\"><a href=\"\/noslohemosleido\/wp-content\/uploads\/sites\/15\/2013\/01\/las-leyes-de-la-frontera-9788439726883.jpg\"><img loading=\"lazy\" class=\"alignright size-medium wp-image-535\" title=\"las-leyes-de-la-frontera-9788439726883\" src=\"\/noslohemosleido\/wp-content\/uploads\/sites\/15\/2013\/01\/las-leyes-de-la-frontera-9788439726883.jpg\" alt=\"\" width=\"175\" height=\"300\" srcset=\"https:\/\/static-blogs.lasprovincias.es\/wp-content\/uploads\/sites\/15\/2013\/01\/las-leyes-de-la-frontera-9788439726883.jpg 650w, https:\/\/static-blogs.lasprovincias.es\/wp-content\/uploads\/sites\/15\/2013\/01\/las-leyes-de-la-frontera-9788439726883-599x1024.jpg 599w\" sizes=\"(max-width: 175px) 100vw, 175px\" \/><\/a>LAS LEYES DE LA FRONTERA<\/div>\n<div>Javier Cercas<\/div>\n<div>Mondadori<\/div>\n<div>384 p\u00e1ginas<\/div>\n<div>22 euros<\/div>\n<div><\/div>\n<div>Durante los a\u00f1os de la Transici\u00f3n, con la juventud en plena efervescencia social, la delincuencia juvenil alcanza un grado de protagonismo tan elevado que algunos &#8216;quinquis&#8217; se convierten en personajes famosos. La novela narra, en clave de cr\u00f3nica que recoge los recuerdos de los protagonistas de aquellos a\u00f1os y de sus secuelas, la historia de una banda, la del Zarco, y de c\u00f3mo un joven, Ignacio Ca\u00f1as, establece relaci\u00f3n con este mundo a lo largo de un verano. Varias d\u00e9cadas despu\u00e9s, un escritor reconstruye los hechos ocurridos en 1978 y la posterior relaci\u00f3n que se establece entre los miembros de la banda.<\/div>\n<div><\/div>\n<div><strong>VALORACI\u00d3N:<\/strong> Cuando empec\u00e9 la novela, no estaba nada convencido de que el m\u00e9todo narrativo utilizado (los recuerdos de algunos protagonistas y testigos de las correr\u00edas de una banda de ladronzuelos liderada por el Zarco) fuese el adecuado. Principalmente porque ese tipo de\u00a0narraci\u00f3n impide la\u00a0conexi\u00f3n directa con\u00a0los personajes, y propicia el\u00a0desenganche de la historia y\u00a0una falta de simpat\u00eda hacia los personajes. Reconozco que, a medida que pasa la historia, entiendo la opci\u00f3n de Cercas, que remata muy bien la novela. Me gusta mucho\u00a0que la disparidad narrativa implique tambi\u00e9n una diversidad de visiones respecto a los personajes. La novela tiene elementos muy atractivos. Empieza bien, se desarrolla con cierta irregularidad\u00a0pero tiene un final maduro, consecuente con lo que se ha querido contar, deja un buen sabor de boca porque acaba. El grado de dificultad de lectura es m\u00ednimo. La originalidad de la historia radica en los a\u00f1os que hace que no se escribe sobre este asunto. Al fin\u00a0y al cabo, en su momento se compusieron\u00a0muchas canciones ( <a href=\"http:\/\/letras.mus.br\/joaquin-sabina\/132260\/\" rel=\"external nofollow\">http:\/\/letras.mus.br\/joaquin-sabina\/132260\/<\/a>\u00a0)\u00a0hablando de un delicuente y de otro, se filmaron pel\u00edculas (\u00a0<a href=\"http:\/\/www.youtube.com\/watch?v=funNO9fHVuw\" rel=\"external nofollow\">http:\/\/www.youtube.com\/watch?v=funNO9fHVuw<\/a> ), varias, pero han pasado muchos a\u00f1os, y Cercas, consciente de ello, incluye ese &#8216;factor tiempo&#8217; en la novela. No me gusta el recurso de la serie del Liang Shang Po, me parece forzado por mucho que en su momento fuese un referente para\u00a0aquel mundo y en aquel momento. En el modo de escribir de Cercas,\u00a0ya me dio la sensaci\u00f3n en &#8216;Soldados de Salamina&#8217;,\u00a0hay un deseo de mostrar sencillez con el fin de hacer fluida la lectura; no obstante, me resulta un punto postizo, y algunas descripciones son poco \u00fatiles para la historia que cuenta, y el nivel de detalle al que llega no tiene una finalidad m\u00e1s all\u00e1 de eso, describir con detalle cosas mundanas (como lo que toman en un bar los personajes), un estilo que, en ocasiones, resulta aburrido. Es un buen libro, en cualquier caso, bien dominado por su autor.<\/div>\n<div style=\"text-align: right;\">BURGUERA<\/div>\n<div style=\"text-align: right;\">@Fausto6969<\/div>\n<\/div>\n<!-- AddThis Advanced Settings generic via filter on the_content --><!-- AddThis Share Buttons generic via filter on the_content -->","protected":false},"excerpt":{"rendered":"<p>LAS LEYES DE LA FRONTERA Javier Cercas Mondadori 384 p\u00e1ginas 22 euros Durante los a\u00f1os de la Transici\u00f3n, con la juventud en plena efervescencia social, la delincuencia juvenil alcanza un grado de protagonismo tan elevado que algunos &#8216;quinquis&#8217; se convierten en personajes famosos. La novela narra, en clave de cr\u00f3nica que recoge los recuerdos de [&hellip;]<!-- AddThis Advanced Settings generic via filter on get_the_excerpt --><!-- AddThis Share Buttons generic via filter on get_the_excerpt --><\/p>\n","protected":false},"author":18,"featured_media":0,"comment_status":"open","ping_status":"closed","sticky":false,"template":"","format":"standard","meta":[],"categories":[5],"tags":[71,327,634,699,1019,1036],"_links":{"self":[{"href":"https:\/\/blogs.lasprovincias.es\/noslohemosleido\/wp-json\/wp\/v2\/posts\/534"}],"collection":[{"href":"https:\/\/blogs.lasprovincias.es\/noslohemosleido\/wp-json\/wp\/v2\/posts"}],"about":[{"href":"https:\/\/blogs.lasprovincias.es\/noslohemosleido\/wp-json\/wp\/v2\/types\/post"}],"author":[{"embeddable":true,"href":"https:\/\/blogs.lasprovincias.es\/noslohemosleido\/wp-json\/wp\/v2\/users\/18"}],"replies":[{"embeddable":true,"href":"https:\/\/blogs.lasprovincias.es\/noslohemosleido\/wp-json\/wp\/v2\/comments?post=534"}],"version-history":[{"count":0,"href":"https:\/\/blogs.lasprovincias.es\/noslohemosleido\/wp-json\/wp\/v2\/posts\/534\/revisions"}],"wp:attachment":[{"href":"https:\/\/blogs.lasprovincias.es\/noslohemosleido\/wp-json\/wp\/v2\/media?parent=534"}],"wp:term":[{"taxonomy":"category","embeddable":true,"href":"https:\/\/blogs.lasprovincias.es\/noslohemosleido\/wp-json\/wp\/v2\/categories?post=534"},{"taxonomy":"post_tag","embeddable":true,"href":"https:\/\/blogs.lasprovincias.es\/noslohemosleido\/wp-json\/wp\/v2\/tags?post=534"}],"curies":[{"name":"wp","href":"https:\/\/api.w.org\/{rel}","templated":true}]}}