{"id":537,"date":"2013-01-09T15:23:17","date_gmt":"2013-01-09T15:23:17","guid":{"rendered":"http:\/\/blogs.lasprovincias.es\/noslohemosleido\/?p=537"},"modified":"2013-01-09T15:23:17","modified_gmt":"2013-01-09T15:23:17","slug":"campo-vidal-se-moja-por-suarez","status":"publish","type":"post","link":"https:\/\/blogs.lasprovincias.es\/noslohemosleido\/2013\/01\/09\/campo-vidal-se-moja-por-suarez\/","title":{"rendered":"Campo Vidal se moja por Su\u00e1rez"},"content":{"rendered":"<p>ADOLFO SU\u00c1REZ<\/p>\n<p>Manuel Campo Vidal<a href=\"\/noslohemosleido\/wp-content\/uploads\/sites\/15\/2013\/01\/adolfo-suarez-9788490063699.jpg\"><img loading=\"lazy\" class=\"alignright size-medium wp-image-538\" title=\"adolfo-suarez-9788490063699\" src=\"\/noslohemosleido\/wp-content\/uploads\/sites\/15\/2013\/01\/adolfo-suarez-9788490063699.jpg\" alt=\"\" width=\"200\" height=\"300\" srcset=\"https:\/\/static-blogs.lasprovincias.es\/wp-content\/uploads\/sites\/15\/2013\/01\/adolfo-suarez-9788490063699.jpg 400w, https:\/\/static-blogs.lasprovincias.es\/wp-content\/uploads\/sites\/15\/2013\/01\/adolfo-suarez-9788490063699-200x300.jpg 200w\" sizes=\"(max-width: 200px) 100vw, 200px\" \/><\/a><\/p>\n<p>RBA<\/p>\n<p>176 p\u00e1ginas<\/p>\n<p>23 euros<\/p>\n<p>Biograf\u00eda de Adollfo Su\u00e1rez\u00a0en la que se analiza su llegada a la presidencia del Gobierno\u00a0de Espa\u00f1a y\u00a0su estancia\u00a0entre 1976 y 1981 al frente del Ejecutivo, sus tiranteces en la UCD y su relaci\u00f3n con otros pol\u00edticos espa\u00f1oles.<\/p>\n<p><strong>VALORACI\u00d3N:<\/strong> Campo Vidal cuenta entresijos muy profundos de los d\u00edas m\u00e1s pol\u00edticos de la segunda mitad del siglo XX en Espa\u00f1a. Cuenta con su experiencia, la de \u00e9l, que fue testigo del asunto, y con testimonios muy potentes, mucho.\u00a0Y adem\u00e1s lo narra con ese estilo \u00e1gil de los periodistas que han trabajado en televisi\u00f3n. Es una cr\u00f3nica sin adornos literarios. En cualquier caso, es imprescindible, para alcanzar la p\u00e1gina 15 de este libro, que al lector le guste la pol\u00edtica y tenga cierta memoria hist\u00f3rica. Los menores de 30 a\u00f1os lo tendr\u00e1n complicado con el libro, pues la mayor\u00eda de los personajes aparecidos en \u00e9l se volatilizaron durante la d\u00e9cada de los 80. Quiz\u00e1 tambi\u00e9n es cierto que la mayor parte de lo relatado en el libro se conoc\u00eda, pero no todo.\u00a0Campo Vidal aporta su visi\u00f3n,\u00a0ajusta algunas cuentas (le recuerda en un par de ocasiones a &#8216;El Pa\u00eds&#8217; el editorial que public\u00f3 contra la decisi\u00f3n de convertir a Su\u00e1rez en presidente) y env\u00eda algunos dardos (a Javier Cercas, por ejemplo). La mirada del autor est\u00e1 totalmente\u00a0inclinada hacia el lado de Su\u00e1rez; sin embargo, no toca de o\u00eddas en buena parte de las cosas de las que escribe, pues cuenta con potentes fuentes y, adem\u00e1s, en muchos casos, Campo Vidal vivi\u00f3 el asunto en carne propia y en primera fila.<\/p>\n<p style=\"text-align: right;\">BURGUERA<\/p>\n<p style=\"text-align: right;\">@Fausto6969<\/p>\n<!-- AddThis Advanced Settings generic via filter on the_content --><!-- AddThis Share Buttons generic via filter on the_content -->","protected":false},"excerpt":{"rendered":"<p>ADOLFO SU\u00c1REZ Manuel Campo Vidal RBA 176 p\u00e1ginas 23 euros Biograf\u00eda de Adollfo Su\u00e1rez\u00a0en la que se analiza su llegada a la presidencia del Gobierno\u00a0de Espa\u00f1a y\u00a0su estancia\u00a0entre 1976 y 1981 al frente del Ejecutivo, sus tiranteces en la UCD y su relaci\u00f3n con otros pol\u00edticos espa\u00f1oles. VALORACI\u00d3N: Campo Vidal cuenta entresijos muy profundos de [&hellip;]<!-- AddThis Advanced Settings generic via filter on get_the_excerpt --><!-- AddThis Share Buttons generic via filter on get_the_excerpt --><\/p>\n","protected":false},"author":18,"featured_media":0,"comment_status":"open","ping_status":"closed","sticky":false,"template":"","format":"standard","meta":[],"categories":[5],"tags":[24,565,768,985,1026,1200],"_links":{"self":[{"href":"https:\/\/blogs.lasprovincias.es\/noslohemosleido\/wp-json\/wp\/v2\/posts\/537"}],"collection":[{"href":"https:\/\/blogs.lasprovincias.es\/noslohemosleido\/wp-json\/wp\/v2\/posts"}],"about":[{"href":"https:\/\/blogs.lasprovincias.es\/noslohemosleido\/wp-json\/wp\/v2\/types\/post"}],"author":[{"embeddable":true,"href":"https:\/\/blogs.lasprovincias.es\/noslohemosleido\/wp-json\/wp\/v2\/users\/18"}],"replies":[{"embeddable":true,"href":"https:\/\/blogs.lasprovincias.es\/noslohemosleido\/wp-json\/wp\/v2\/comments?post=537"}],"version-history":[{"count":0,"href":"https:\/\/blogs.lasprovincias.es\/noslohemosleido\/wp-json\/wp\/v2\/posts\/537\/revisions"}],"wp:attachment":[{"href":"https:\/\/blogs.lasprovincias.es\/noslohemosleido\/wp-json\/wp\/v2\/media?parent=537"}],"wp:term":[{"taxonomy":"category","embeddable":true,"href":"https:\/\/blogs.lasprovincias.es\/noslohemosleido\/wp-json\/wp\/v2\/categories?post=537"},{"taxonomy":"post_tag","embeddable":true,"href":"https:\/\/blogs.lasprovincias.es\/noslohemosleido\/wp-json\/wp\/v2\/tags?post=537"}],"curies":[{"name":"wp","href":"https:\/\/api.w.org\/{rel}","templated":true}]}}