{"id":257,"date":"2025-05-01T22:19:15","date_gmt":"2025-05-01T20:19:15","guid":{"rendered":"https:\/\/blogs.lasprovincias.es\/reinterpretandoelmapa\/?p=257"},"modified":"2025-05-01T22:19:17","modified_gmt":"2025-05-01T20:19:17","slug":"sevilla-ni-canta-ni-baila-pero-no-se-la-pierdan","status":"publish","type":"post","link":"https:\/\/blogs.lasprovincias.es\/reinterpretandoelmapa\/2025\/05\/01\/sevilla-ni-canta-ni-baila-pero-no-se-la-pierdan\/","title":{"rendered":"Sevilla: ni canta ni baila, pero no se la pierdan"},"content":{"rendered":"\n<p>No recordaba que ya hab\u00edan pasado cinco a\u00f1os (\u00a1se dice pronto!) sin escribir en este blog. Pero aqu\u00ed estoy de nuevo, escribiendo mientras preparo el equipaje para la inminente Feria de Abril de Sevilla. Esa ciudad, que huele a azahar y al fino derramado en las casetas, me ha recordado este espacio para hablar del mundo. El bullicio del Real de la Feria \u2014con sus farolillos, caballos engalanados y el son de la m\u00fasica\u2014 cuenta decenas de historias. En Sevilla la primavera se vive de noche tanto como de d\u00eda, y el tiempo se desvanece entre sevillanas y palmas.<\/p>\n\n\n\n<p>Pienso en recorrer las calles ef\u00edmeras del Real en el barrio de Los Remedios, un entramado de avenidas con nombres de toreros legendarios. Cada a\u00f1o, una nueva ciudad de casetas surge por una semana: arquitectura improvisada de lona y madera, llena de vida y tradici\u00f3n. A un lado se alza la portada majestuosa iluminada por miles de bombillas. Al otro lado, contrastando con las atracciones estridentes de la calle del Infierno, est\u00e1n las luces de la ciudad permanente: la silueta de la Giralda recortada contra el cielo violeta del atardecer y, un poco m\u00e1s lejos, la moderna Torre Sevilla insinuando que la ciudad sigue evolucionando mientras revive sus tradiciones.<\/p>\n\n\n\n<p>La Feria naci\u00f3 en 1847 como mercado de ganado, iniciativa de un vasco y un catal\u00e1n, y su primera edici\u00f3n se celebr\u00f3 en el Prado de San Sebasti\u00e1n. Pronto los comerciantes se quejaban de que los cantes y bailes interrump\u00edan las negociaciones, y la feria mercantil acab\u00f3 convirti\u00e9ndose en una fiesta popular. Con el tiempo se traslad\u00f3 al barrio de Los Remedios (1973) y creci\u00f3 hasta rebasar el millar de casetas, perdiendo el ambiente rural para ser plenamente urbana, aunque jinetes y enganches evocan su origen agr\u00edcola.<\/p>\n\n\n\n<p>Pienso en todo lo ocurrido en este largo par\u00e9ntesis. El mundo cambi\u00f3, hemos tenido pandemia, inundaci\u00f3n y hasta apag\u00f3n, pero la permanencia del ef\u00edmero Real nos recuerda la continuidad de la vida. La Feria de Abril, tras aquellos silencios forzosos de hace un lustro, sigue brillando. Al comp\u00e1s de un pasodoble, Sevilla susurra que nunca es tarde para retomar el camino. Bajo la luna de abril y entre farolillos, este blog vuelve a cobrar vida al calor festivo de una ciudad que baila, sue\u00f1a y no olvida.<\/p>\n<!-- AddThis Advanced Settings generic via filter on the_content --><!-- AddThis Share Buttons generic via filter on the_content -->","protected":false},"excerpt":{"rendered":"<p>No recordaba que ya hab\u00edan pasado cinco a\u00f1os (\u00a1se dice pronto!) sin escribir en este blog. Pero aqu\u00ed estoy de nuevo, escribiendo mientras preparo el equipaje para la inminente Feria de Abril de Sevilla. Esa ciudad, que huele a azahar y al fino derramado en las casetas, me ha recordado este espacio para hablar del [&hellip;]<!-- AddThis Advanced Settings generic via filter on get_the_excerpt --><!-- AddThis Share Buttons generic via filter on get_the_excerpt --><\/p>\n","protected":false},"author":47,"featured_media":0,"comment_status":"open","ping_status":"closed","sticky":false,"template":"","format":"standard","meta":[],"categories":[1],"tags":[],"_links":{"self":[{"href":"https:\/\/blogs.lasprovincias.es\/reinterpretandoelmapa\/wp-json\/wp\/v2\/posts\/257"}],"collection":[{"href":"https:\/\/blogs.lasprovincias.es\/reinterpretandoelmapa\/wp-json\/wp\/v2\/posts"}],"about":[{"href":"https:\/\/blogs.lasprovincias.es\/reinterpretandoelmapa\/wp-json\/wp\/v2\/types\/post"}],"author":[{"embeddable":true,"href":"https:\/\/blogs.lasprovincias.es\/reinterpretandoelmapa\/wp-json\/wp\/v2\/users\/47"}],"replies":[{"embeddable":true,"href":"https:\/\/blogs.lasprovincias.es\/reinterpretandoelmapa\/wp-json\/wp\/v2\/comments?post=257"}],"version-history":[{"count":1,"href":"https:\/\/blogs.lasprovincias.es\/reinterpretandoelmapa\/wp-json\/wp\/v2\/posts\/257\/revisions"}],"predecessor-version":[{"id":258,"href":"https:\/\/blogs.lasprovincias.es\/reinterpretandoelmapa\/wp-json\/wp\/v2\/posts\/257\/revisions\/258"}],"wp:attachment":[{"href":"https:\/\/blogs.lasprovincias.es\/reinterpretandoelmapa\/wp-json\/wp\/v2\/media?parent=257"}],"wp:term":[{"taxonomy":"category","embeddable":true,"href":"https:\/\/blogs.lasprovincias.es\/reinterpretandoelmapa\/wp-json\/wp\/v2\/categories?post=257"},{"taxonomy":"post_tag","embeddable":true,"href":"https:\/\/blogs.lasprovincias.es\/reinterpretandoelmapa\/wp-json\/wp\/v2\/tags?post=257"}],"curies":[{"name":"wp","href":"https:\/\/api.w.org\/{rel}","templated":true}]}}