{"id":107,"date":"2013-12-18T20:24:03","date_gmt":"2013-12-18T20:24:03","guid":{"rendered":"http:\/\/blogs.lasprovincias.es\/togadoyhundido\/?p=107"},"modified":"2013-12-18T20:24:03","modified_gmt":"2013-12-18T20:24:03","slug":"donde-terminaran-los-trajes-de-la-gurtel","status":"publish","type":"post","link":"https:\/\/blogs.lasprovincias.es\/togadoyhundido\/2013\/12\/18\/donde-terminaran-los-trajes-de-la-gurtel\/","title":{"rendered":"\u00bfD\u00f3nde terminar\u00e1n los trajes de la G\u00fcrtel?"},"content":{"rendered":"<p style=\"text-align: left;\"><strong><br \/>\n<\/strong><\/p>\n<div id=\"attachment_110\" style=\"width: 204px\" class=\"wp-caption alignleft\"><a href=\"\/togadoyhundido\/wp-content\/uploads\/sites\/20\/2013\/12\/betoret1.jpg\"><img aria-describedby=\"caption-attachment-110\" loading=\"lazy\" class=\" wp-image-110  \" title=\"DOCU_LP\" src=\"\/togadoyhundido\/wp-content\/uploads\/sites\/20\/2013\/12\/betoret1.jpg\" alt=\"\" width=\"194\" height=\"430\" srcset=\"https:\/\/static-blogs.lasprovincias.es\/wp-content\/uploads\/sites\/20\/2013\/12\/betoret1.jpg 2127w, https:\/\/static-blogs.lasprovincias.es\/wp-content\/uploads\/sites\/20\/2013\/12\/betoret1-135x300.jpg 135w, https:\/\/static-blogs.lasprovincias.es\/wp-content\/uploads\/sites\/20\/2013\/12\/betoret1-768x1706.jpg 768w, https:\/\/static-blogs.lasprovincias.es\/wp-content\/uploads\/sites\/20\/2013\/12\/betoret1-461x1024.jpg 461w\" sizes=\"(max-width: 194px) 100vw, 194px\" \/><\/a><p id=\"caption-attachment-110\" class=\"wp-caption-text\">Betoret, en traje, acude al TSJ.<\/p><\/div>\n<p style=\"text-align: left;\"><strong>\u00a0Rafael Betoret<\/strong>, exjefe de Gabinete de Turismo, no tiene mucha suerte en esto de la Justicia. \u00a0En aquellos d\u00edas de 2011 se vio atrapado entre la indecisi\u00f3n de declararse culpable de haber recibido regalos de la trama G\u00fcrtel o llegar a juicio, defenderse y tener algo de suerte. \u00a0Los jurados, salvo excepciones, suelen ser una loter\u00eda. Finalmente, claudic\u00f3 y reconoci\u00f3 los hechos: que hab\u00eda recibido trajes pagados por la muchachada de la G\u00fcrtel. Lo mismo hizo <strong>V\u00edctor Campos<\/strong>, exvicepresidente de la Generalitat, en los d\u00edas fren\u00e9ticos entre los cuatro implicados cuando el cruce de llamadas y los nervios fueron constantes. Campos explicar\u00eda posteriormente en el juicio, al que acudi\u00f3 como testigo, que acept\u00f3 la pena para terminar con una situaci\u00f3n que comenzaba a pasarle factura a la salud. No fueron pocos los que durante las vistas de los trajes tuvieron que recurrir a vitaminas para soportar el tostonazo. Por cierto, que el jurado que absolvi\u00f3 al expresidente Francisco Camps y al diputado Ricardo Costa cobr\u00f3 las dietas casi dos a\u00f1os despu\u00e9s del proceso. M\u00e1s vale tarde que nunca. (<a href=\"http:\/\/www.lasprovincias.es\/v\/20131105\/comunitat\/jurado-absolvio-camps-cobra-20131105.html\" rel=\"external nofollow\">Dos a\u00f1os para cobrar un juicio<\/a>).<\/p>\n<p style=\"text-align: left;\"><span style=\"text-align: center;\">Betoret, posteriormente, se llev\u00f3 la monumental sorpresa de que tanto <\/span><strong style=\"text-align: center;\">Camps<\/strong><span style=\"text-align: center;\"> como <\/span><strong style=\"text-align: center;\">Costa<\/strong><span style=\"text-align: center;\"> ir\u00edan a juicio. &#8220;Joder, estos me han dejado tirado&#8221;, debi\u00f3 pensar. Y quiz\u00e1 el asombro fue todav\u00eda mayor al comprobar meses m\u00e1s tarde el veredicto del jurado popular. Fue entonces, cuando suspir\u00f3 aquello de: <\/span><strong style=\"text-align: center;\">\u00a0&#8220;A pagarlo, pocarropa&#8221;<\/strong><span style=\"text-align: center;\">. \u00a0<\/span><\/p>\n<p style=\"text-align: left;\">En realidad, no es que tuviera poca ropa. Ten\u00eda bastante. Un fondo de armario interesante para algunos, quiz\u00e1 arriesgado para otros. No hay que olvidar que hab\u00eda sido jefe de protocolo de la Diputaci\u00f3n. Presum\u00eda de elegancia, en su caso, peculiar. Betoret llev\u00f3 al Tribunal Superior de Justicia once trajes, \u00a0tres americanas, dos abrigos y un pantal\u00f3n -se supone que todo limpio- para reducir algo la multa econ\u00f3mica. Campos, en cambio, argument\u00f3 que no ten\u00eda las prendas que le atribu\u00edan las acusaciones. \u00a0De tal forma que fue el exjefe de Turismo, el que qued\u00f3 como el \u00fanico de los cuatro acusados que realmente admiti\u00f3 los hechos y demostr\u00f3 tener la ropa. M\u00e1s claro, agua. La pela es la pela. Esta ropa contin\u00faa hoy, m\u00e1s de dos a\u00f1os despu\u00e9s del juicio, en las dependencias judiciales. Con el estado actual que presenta el TSJ a nadie le extra\u00f1ar\u00eda que acumularan m\u00e1s polvo que otra cosa. O que hubieran sido pasto de las polillas.<\/p>\n<p style=\"text-align: left;\"><strong>Juan Climent<\/strong> trasladar\u00e1 ahora a las partes qu\u00e9 hace con los modelitos. Una posibilidad es destruirlas. Otra, sin duda m\u00e1s solidaria, ser\u00eda entregarla a la beneficencia. A C\u00e1ritas o alguna oeneg\u00e9 que pueda hacer buen uso de ellas. El presidente del jurado de los trajes no pod\u00eda iniciar este tr\u00e1mite hasta que el proceso no quedara liquidado en el Tribunal Supremo. El \u00f3rgano judicial confirm\u00f3 la absoluci\u00f3n de los dos populares y de paso conden\u00f3 al PSPV al pago de las costas a mediados de este a\u00f1o.\u00a0<a href=\"http:\/\/www.lasprovincias.es\/v\/20130511\/politica\/supremo-condena-pspv-pago-20130511.html\" rel=\"external nofollow\"> (PSPV, condenado)<\/a>. \u00a0Ahora preguntar\u00e1 qu\u00e9 hace con las prendas de &#8216;pocarropa&#8217;. \u00a0Y recuerdo aqu\u00ed lo que escribi\u00f3 <a href=\"https:\/\/twitter.com\/Ramon_Palomar\" rel=\"external nofollow\">@Ramon_Palomar:<\/a> &#8220;Esos once trajes once no podr\u00e1n ornar las vitrinas de un museo porque nacen de una aventura cutrona. Tanto traje y ning\u00fan ch\u00e1ndal, qu\u00e9 finos \u00e9ramos&#8221;. \u00a0El problema es que quiz\u00e1 seguimos con la misma tonter\u00eda a cuestas.<\/p>\n<p>&nbsp;<\/p>\n<div class=\"mceTemp\"><\/div>\n<!-- AddThis Advanced Settings generic via filter on the_content --><!-- AddThis Share Buttons generic via filter on the_content -->","protected":false},"excerpt":{"rendered":"<p>\u00a0Rafael Betoret, exjefe de Gabinete de Turismo, no tiene mucha suerte en esto de la Justicia. \u00a0En aquellos d\u00edas de 2011 se vio atrapado entre la indecisi\u00f3n de declararse culpable de haber recibido regalos de la trama G\u00fcrtel o llegar a juicio, defenderse y tener algo de suerte. \u00a0Los jurados, salvo excepciones, suelen ser una [&hellip;]<!-- AddThis Advanced Settings generic via filter on get_the_excerpt --><!-- AddThis Share Buttons generic via filter on get_the_excerpt --><\/p>\n","protected":false},"author":28,"featured_media":0,"comment_status":"open","ping_status":"open","sticky":false,"template":"","format":"standard","meta":[],"categories":[2],"tags":[22,27,28,36,55,62,65,116,117],"_links":{"self":[{"href":"https:\/\/blogs.lasprovincias.es\/togadoyhundido\/wp-json\/wp\/v2\/posts\/107"}],"collection":[{"href":"https:\/\/blogs.lasprovincias.es\/togadoyhundido\/wp-json\/wp\/v2\/posts"}],"about":[{"href":"https:\/\/blogs.lasprovincias.es\/togadoyhundido\/wp-json\/wp\/v2\/types\/post"}],"author":[{"embeddable":true,"href":"https:\/\/blogs.lasprovincias.es\/togadoyhundido\/wp-json\/wp\/v2\/users\/28"}],"replies":[{"embeddable":true,"href":"https:\/\/blogs.lasprovincias.es\/togadoyhundido\/wp-json\/wp\/v2\/comments?post=107"}],"version-history":[{"count":0,"href":"https:\/\/blogs.lasprovincias.es\/togadoyhundido\/wp-json\/wp\/v2\/posts\/107\/revisions"}],"wp:attachment":[{"href":"https:\/\/blogs.lasprovincias.es\/togadoyhundido\/wp-json\/wp\/v2\/media?parent=107"}],"wp:term":[{"taxonomy":"category","embeddable":true,"href":"https:\/\/blogs.lasprovincias.es\/togadoyhundido\/wp-json\/wp\/v2\/categories?post=107"},{"taxonomy":"post_tag","embeddable":true,"href":"https:\/\/blogs.lasprovincias.es\/togadoyhundido\/wp-json\/wp\/v2\/tags?post=107"}],"curies":[{"name":"wp","href":"https:\/\/api.w.org\/{rel}","templated":true}]}}