{"id":124,"date":"2014-01-15T20:42:05","date_gmt":"2014-01-15T20:42:05","guid":{"rendered":"http:\/\/blogs.lasprovincias.es\/togadoyhundido\/?p=124"},"modified":"2014-01-15T20:42:05","modified_gmt":"2014-01-15T20:42:05","slug":"la-mujer-de-los-20-escoltas","status":"publish","type":"post","link":"https:\/\/blogs.lasprovincias.es\/togadoyhundido\/2014\/01\/15\/la-mujer-de-los-20-escoltas\/","title":{"rendered":"La mujer de los 20 escoltas"},"content":{"rendered":"<p><a href=\"\/togadoyhundido\/wp-content\/uploads\/sites\/20\/2014\/01\/gotzone.jpg\"><img loading=\"lazy\" class=\"alignleft size-medium wp-image-126\" title=\"DOCU_LP\" src=\"\/togadoyhundido\/wp-content\/uploads\/sites\/20\/2014\/01\/gotzone.jpg\" alt=\"\" width=\"192\" height=\"300\" srcset=\"https:\/\/static-blogs.lasprovincias.es\/wp-content\/uploads\/sites\/20\/2014\/01\/gotzone.jpg 2025w, https:\/\/static-blogs.lasprovincias.es\/wp-content\/uploads\/sites\/20\/2014\/01\/gotzone-768x1195.jpg 768w, https:\/\/static-blogs.lasprovincias.es\/wp-content\/uploads\/sites\/20\/2014\/01\/gotzone-658x1024.jpg 658w\" sizes=\"(max-width: 192px) 100vw, 192px\" \/><\/a>El juicio del <strong>caso Cooperaci\u00f3n<\/strong>\u00a0-o caso Blasco, como le gusta denominarlo a la coordinadora de las ONG- me ha recordado un personaje que tambi\u00e9n transit\u00f3 por aquella conselleria -la del absoluto descontrol en el reparto de subvenciones- \u00a0sin que nadie sepa muy bien qu\u00e9 hizo. \u00a0De hecho, termin\u00f3 siendo destituida.\u00a0Se trata de la exsecretaria auton\u00f3mica de Solidaridad y Ciudadan\u00eda,\u00a0<strong>Gotzone Mora<\/strong>.<strong> La mujer de los 20 escoltas<\/strong>. Aclaro. No es que permanentemente llevara este servicio de seguridad sino que a lo largo de su periplo en tierras valencianas (2007-20011) hasta una veintena de profesionales fueron relevados de su vigilancia. Resulta dif\u00edcil que olviden el nombre del perro de Gotzone, \u00a0ocupante ocasional del coche oficial camino del veterinario. Y algunas paradas en centros comerciales m\u00e1s o menos conocidos para diferentes &#8216;compritas&#8217;. O c\u00f3mo, a veces, los polic\u00edas iban como si fueran sardinas en lata en el coche tras el regreso de fin de semana. Cada domingo, parec\u00eda que hac\u00eda una mudanza, cuentan quienes fueron su sombra.<\/p>\n<p>Este n\u00famero de escoltas marc\u00f3 un <strong>r\u00e9cord Guinnes<\/strong> en la Generalitat que se antoja muy dif\u00edcil de superar. Dicen que lleg\u00f3 de la mano de Mayor Oreja, que le susurr\u00f3 a Camps su nombramiento y este se la coloc\u00f3 al conseller Blasco. Al principio, todo fueron sonrisitas y buen rollo. No pas\u00f3 demasiado tiempo hasta que la situaci\u00f3n se enfri\u00f3. A <strong>Blasco<\/strong> no le gustaba que <strong>Gotzone<\/strong> acaparara tanto protagonismo medi\u00e1tico y s\u00ed es cierto que, muy al principio de su mandato, tuvo algo de lustre en varios titulares. \u00a0Todo esto se difumin\u00f3 con el paso de los meses.<\/p>\n<p>Nadie de la Conselleria valor\u00f3 su trabajo por el que todos le pag\u00e1bamos m\u00e1s de<strong> 3.000 euritos limpios de polvo y paja.<\/strong> \u00a0Es m\u00e1s, se alegraron profundamente de su marcha. \u00a0Y muy especialmente su servicio de seguridad a los que prestaba un trato que no se puede calificar de cordial. \u00a0Los escoltas, sin perder el sentido del humor despu\u00e9s de tanto tiempo, todav\u00eda recuerdan el n\u00famero que ocuparon en el escalaf\u00f3n. Yo soy el cuarto, yo el octavo, yo fui el d\u00e9cimo quinto. O ped\u00edan el cambio o lo ped\u00eda ella. Aquello era una relaci\u00f3n imposible. En alguna ocasi\u00f3n, incluso cuentan que alg\u00fan cargo de la Generalitat le llam\u00f3 la atenci\u00f3n por el trato que dispensaba a estos profesionales. Los viajes a Madrid, a tertulias radiof\u00f3nicas, corr\u00edan a cargo del Consell. Ella dijo en su d\u00eda que era para ahorrar porque si se sumaba el billete del AVE de los escoltas, la factura a la Generalitat sal\u00eda m\u00e1s cara.<\/p>\n<p>Dos cositas de cola.<\/p>\n<p>a) Este post no es para criticar que Gotzone tuviera escoltas sino el trato que les dio.<\/p>\n<p>b) \u00bfDel asunto este de las ayudas, Tauroni y toda la muchachada, esta mujer no se enter\u00f3 del jaleo que hab\u00eda montado?<\/p>\n<!-- AddThis Advanced Settings generic via filter on the_content --><!-- AddThis Share Buttons generic via filter on the_content -->","protected":false},"excerpt":{"rendered":"<p>El juicio del caso Cooperaci\u00f3n\u00a0-o caso Blasco, como le gusta denominarlo a la coordinadora de las ONG- me ha recordado un personaje que tambi\u00e9n transit\u00f3 por aquella conselleria -la del absoluto descontrol en el reparto de subvenciones- \u00a0sin que nadie sepa muy bien qu\u00e9 hizo. \u00a0De hecho, termin\u00f3 siendo destituida.\u00a0Se trata de la exsecretaria auton\u00f3mica [&hellip;]<!-- AddThis Advanced Settings generic via filter on get_the_excerpt --><!-- AddThis Share Buttons generic via filter on get_the_excerpt --><\/p>\n","protected":false},"author":28,"featured_media":0,"comment_status":"open","ping_status":"open","sticky":false,"template":"","format":"standard","meta":[],"categories":[2],"tags":[17,23,51,61],"_links":{"self":[{"href":"https:\/\/blogs.lasprovincias.es\/togadoyhundido\/wp-json\/wp\/v2\/posts\/124"}],"collection":[{"href":"https:\/\/blogs.lasprovincias.es\/togadoyhundido\/wp-json\/wp\/v2\/posts"}],"about":[{"href":"https:\/\/blogs.lasprovincias.es\/togadoyhundido\/wp-json\/wp\/v2\/types\/post"}],"author":[{"embeddable":true,"href":"https:\/\/blogs.lasprovincias.es\/togadoyhundido\/wp-json\/wp\/v2\/users\/28"}],"replies":[{"embeddable":true,"href":"https:\/\/blogs.lasprovincias.es\/togadoyhundido\/wp-json\/wp\/v2\/comments?post=124"}],"version-history":[{"count":0,"href":"https:\/\/blogs.lasprovincias.es\/togadoyhundido\/wp-json\/wp\/v2\/posts\/124\/revisions"}],"wp:attachment":[{"href":"https:\/\/blogs.lasprovincias.es\/togadoyhundido\/wp-json\/wp\/v2\/media?parent=124"}],"wp:term":[{"taxonomy":"category","embeddable":true,"href":"https:\/\/blogs.lasprovincias.es\/togadoyhundido\/wp-json\/wp\/v2\/categories?post=124"},{"taxonomy":"post_tag","embeddable":true,"href":"https:\/\/blogs.lasprovincias.es\/togadoyhundido\/wp-json\/wp\/v2\/tags?post=124"}],"curies":[{"name":"wp","href":"https:\/\/api.w.org\/{rel}","templated":true}]}}