{"id":147,"date":"2014-05-14T20:36:39","date_gmt":"2014-05-14T20:36:39","guid":{"rendered":"http:\/\/blogs.lasprovincias.es\/togadoyhundido\/?p=147"},"modified":"2014-05-14T20:36:39","modified_gmt":"2014-05-14T20:36:39","slug":"el-lio-del-turno-de-oficio-2","status":"publish","type":"post","link":"https:\/\/blogs.lasprovincias.es\/togadoyhundido\/2014\/05\/14\/el-lio-del-turno-de-oficio-2\/","title":{"rendered":"El l\u00edo del turno de oficio"},"content":{"rendered":"<div id=\"attachment_151\" style=\"width: 259px\" class=\"wp-caption alignleft\"><a href=\"\/togadoyhundido\/wp-content\/uploads\/sites\/20\/2014\/05\/duran.jpg\"><img aria-describedby=\"caption-attachment-151\" loading=\"lazy\" class=\"size-medium wp-image-151\" title=\"DOCU_LP DOCU_LP DOCU_LP Mariano Duran Lalaguna\" src=\"\/togadoyhundido\/wp-content\/uploads\/sites\/20\/2014\/05\/duran.jpg\" alt=\"Mariano Dur\u00e1n\" width=\"249\" height=\"300\" srcset=\"https:\/\/static-blogs.lasprovincias.es\/wp-content\/uploads\/sites\/20\/2014\/05\/duran.jpg 1403w, https:\/\/static-blogs.lasprovincias.es\/wp-content\/uploads\/sites\/20\/2014\/05\/duran-249x300.jpg 249w, https:\/\/static-blogs.lasprovincias.es\/wp-content\/uploads\/sites\/20\/2014\/05\/duran-768x925.jpg 768w, https:\/\/static-blogs.lasprovincias.es\/wp-content\/uploads\/sites\/20\/2014\/05\/duran-851x1024.jpg 851w\" sizes=\"(max-width: 249px) 100vw, 249px\" \/><\/a><p id=\"caption-attachment-151\" class=\"wp-caption-text\">Mariano Dur\u00e1n<\/p><\/div>\n<div id=\"attachment_149\" style=\"width: 234px\" class=\"wp-caption alignright\"><a style=\"background-color: #f3f3f3; text-align: center;\" href=\"\/togadoyhundido\/wp-content\/uploads\/sites\/20\/2014\/05\/serafin.jpg\"><img aria-describedby=\"caption-attachment-149\" loading=\"lazy\" class=\"size-medium wp-image-149 \" title=\"DOCU_LP DOCU_LP Serafin Castellano.\" src=\"\/togadoyhundido\/wp-content\/uploads\/sites\/20\/2014\/05\/serafin.jpg\" alt=\"Serafin Castellano\" width=\"224\" height=\"300\" srcset=\"https:\/\/static-blogs.lasprovincias.es\/wp-content\/uploads\/sites\/20\/2014\/05\/serafin.jpg 585w, https:\/\/static-blogs.lasprovincias.es\/wp-content\/uploads\/sites\/20\/2014\/05\/serafin-225x300.jpg 225w\" sizes=\"(max-width: 224px) 100vw, 224px\" \/><\/a><p id=\"caption-attachment-149\" class=\"wp-caption-text\">Seraf\u00edn Castellano<\/p><\/div>\n<p><a href=\"\/togadoyhundido\/wp-content\/uploads\/sites\/20\/2014\/05\/julian-e1400097320270.jpg\"><br \/>\n<\/a><a href=\"\/togadoyhundido\/wp-content\/uploads\/sites\/20\/2014\/05\/tono.jpg\"><br \/>\n<\/a><\/p>\n<p>&nbsp;<\/p>\n<p>&nbsp;<\/p>\n<p>&nbsp;<\/p>\n<p>&nbsp;<\/p>\n<p>&nbsp;<\/p>\n<p>&nbsp;<\/p>\n<p>&nbsp;<\/p>\n<p>&nbsp;<\/p>\n<p>&nbsp;<\/p>\n<p>El <strong>turno de oficio<\/strong> es un problema cr\u00f3nico, especialmente grave en la Comunitat. Existen dos grandes males. Por un lado, los <strong>retrasos en los pagos<\/strong>, aunque esto ha mejorado considerablemente. El segundo es el malestar entre los letrados por el <strong>tijeretazo<\/strong> que hace m\u00e1s de un a\u00f1o -con Jorge Cabr\u00e9 al frente de la conselleria- se peg\u00f3 a la asistencia gratuita. \u00a0La reducci\u00f3n fue aproximadamente de un 40% de media en los baremos. Una magnitud considerable si lo comparamos con otros sectores que tambi\u00e9n se han visto afectados por la crisis. El decano de los abogados de Valencia, <strong>Mariano Dur\u00e1n<\/strong>, suele exhibir un car\u00e1cter tranquilo, comedido en las formas. Un motor di\u00e9sel, alejado de reacciones virulentas. Pero la pasada semana se revolucion\u00f3. Insisti\u00f3, por segunda vez en apenas unos d\u00edas, en pedir la dimisi\u00f3n del director general de Justicia, <strong>Juli\u00e1n Gonz\u00e1lez<\/strong>, y del secretario auton\u00f3mico, <strong>Antonio Gastaldi<\/strong>. Protagoniz\u00f3, de esta forma, un hecho ciertamente extra\u00f1o: por primera vez un conseller se salvaba de las cr\u00edticas y estas apuntaban directamente hacia sus subordinados. Dur\u00e1n fue m\u00e1s que aro: <strong>&#8220;Hablar con ellos era como hacerlo con una pared&#8221;<\/strong>. \u00a0As\u00ed pon\u00eda<\/p>\n<div class=\"mceTemp\"><\/div>\n<p>punto y final -al menos de momento- a su relaci\u00f3n con los dos altos cargos responsables de la gesti\u00f3n del turno de oficio.<\/p>\n<p>Sin embargo, a continuaci\u00f3n, anunciaba que el lunes pr\u00f3ximo (d\u00eda 12) se reunir\u00eda con <strong>Castellano<\/strong> para desbloquear este asunto. \u00a0 Llama m\u00e1s la atenci\u00f3n si contextualizamos este hecho en que justo la semana anterior, tras una comparecencia de <strong>Gastaldi<\/strong> en Les Corts, Dur\u00e1n pidiera la cabeza de ambos. \u00bfSali\u00f3 Castellano a respaldarlos? Pues no. Al d\u00eda siguiente, los titulares cargaban contra ellos que supuestamente siguen las directrices de su jefe. &#8220;No s\u00e9 lo que ocurre dentro&#8221;, contest\u00f3 maliciosamente Dur\u00e1n al ser preguntado acerca de si estos dos jugaban por libre. La defensa del conseller \u00fanicamente lleg\u00f3 tras la rueda de prensa del decano con quien previamente ya hab\u00eda concertado la reuni\u00f3n del pasado lunes.<strong> &#8220;Est\u00e1n haciendo un gran trabajo&#8221;,<\/strong>aclar\u00f3 el conseller a los medios s\u00f3lo al ser preguntado. En el caso de Dur\u00e1n, por su forma de ser, sorprendi\u00f3 en ciertos c\u00edrculos la dureza de las cr\u00edticas. Puede deberse al hartazgo de la situaci\u00f3n, sin duda. Otros apuntan a que el turno se ha convertido en su gran caballo de batalla, que existen grupos de presi\u00f3n que empiezan a hacer ruido y que censuran que el Colegio no defiende sus intereses. \u00bfNecesitaba Dur\u00e1n ese golpe en la mesa para defenderse del fuego amigo?<\/p>\n<div id=\"attachment_148\" style=\"width: 264px\" class=\"wp-caption aligncenter\"><a href=\"\/togadoyhundido\/wp-content\/uploads\/sites\/20\/2014\/05\/julian-e1400097320270.jpg\"><img aria-describedby=\"caption-attachment-148\" loading=\"lazy\" class=\"size-medium wp-image-148\" title=\"Juli\u00e1n Gonz\u00e1lez\" src=\"\/togadoyhundido\/wp-content\/uploads\/sites\/20\/2014\/05\/julian-e1400097320270.jpg\" alt=\"\" width=\"254\" height=\"300\" srcset=\"https:\/\/static-blogs.lasprovincias.es\/wp-content\/uploads\/sites\/20\/2014\/05\/julian-e1400097320270.jpg 2082w, https:\/\/static-blogs.lasprovincias.es\/wp-content\/uploads\/sites\/20\/2014\/05\/julian-e1400097320270-254x300.jpg 254w, https:\/\/static-blogs.lasprovincias.es\/wp-content\/uploads\/sites\/20\/2014\/05\/julian-e1400097320270-768x906.jpg 768w, https:\/\/static-blogs.lasprovincias.es\/wp-content\/uploads\/sites\/20\/2014\/05\/julian-e1400097320270-868x1024.jpg 868w\" sizes=\"(max-width: 254px) 100vw, 254px\" \/><\/a><p id=\"caption-attachment-148\" class=\"wp-caption-text\">Juli\u00e1n Gonz\u00e1lez<\/p><\/div>\n<p><a href=\"\/togadoyhundido\/wp-content\/uploads\/sites\/20\/2014\/05\/tono.jpg\"><img loading=\"lazy\" class=\"alignleft size-medium wp-image-150\" title=\"DOCU_LP DOCU_VERDAD DM-REGISTRO.CIVIL\" src=\"\/togadoyhundido\/wp-content\/uploads\/sites\/20\/2014\/05\/tono.jpg\" alt=\"Jorge Cabr\u00e9 y Antonio Gastaldi\" width=\"300\" height=\"201\" srcset=\"https:\/\/static-blogs.lasprovincias.es\/wp-content\/uploads\/sites\/20\/2014\/05\/tono.jpg 2896w, https:\/\/static-blogs.lasprovincias.es\/wp-content\/uploads\/sites\/20\/2014\/05\/tono-300x201.jpg 300w, https:\/\/static-blogs.lasprovincias.es\/wp-content\/uploads\/sites\/20\/2014\/05\/tono-768x516.jpg 768w, https:\/\/static-blogs.lasprovincias.es\/wp-content\/uploads\/sites\/20\/2014\/05\/tono-1024x687.jpg 1024w\" sizes=\"(max-width: 300px) 100vw, 300px\" \/><\/a>Tambi\u00e9n se puede hacer otra lectura. \u00bfY si el que realmente necesitaba aquellos titulares era el propio Castellano? Conocido es por todos que cuando un conseller llega a su puesto, suele rodearse de su gente. Y m\u00e1s en el caso de Castellano. Ni <strong>Gonz\u00e1lez ni Gastaldi<\/strong> son de su grupo. Se trata de la herencia de la etapa de Cabr\u00e9 y sus predecesores. Gastaldi ya intent\u00f3 jugar sus cartas para terminar de vocal del Poder Judicial. Pero no llevaba la mejor mano.<\/p>\n<p>Bueno, \u00bfy qu\u00e9 depar\u00f3 la reuni\u00f3n del pasado lunes? Pues poquita cosa. Del expediente electr\u00f3nico se ha o\u00eddo hablar desde hace casi dos a\u00f1os. Bueno, s\u00ed. Algo se logr\u00f3. Se pari\u00f3 una fecha: los trabajos de la comisi\u00f3n para mejorar el turno estar\u00e1n terminados antes del 1 de julio. Grande. Para ese viaje no se necesitaban alforjas.<\/p>\n<p>&nbsp;<\/p>\n<p>&nbsp;<\/p>\n<!-- AddThis Advanced Settings generic via filter on the_content --><!-- AddThis Share Buttons generic via filter on the_content -->","protected":false},"excerpt":{"rendered":"<p>&nbsp; &nbsp; &nbsp; &nbsp; &nbsp; &nbsp; &nbsp; &nbsp; &nbsp; El turno de oficio es un problema cr\u00f3nico, especialmente grave en la Comunitat. Existen dos grandes males. Por un lado, los retrasos en los pagos, aunque esto ha mejorado considerablemente. El segundo es el malestar entre los letrados por el tijeretazo que hace m\u00e1s de un [&hellip;]<!-- AddThis Advanced Settings generic via filter on get_the_excerpt --><!-- AddThis Share Buttons generic via filter on get_the_excerpt --><\/p>\n","protected":false},"author":28,"featured_media":0,"comment_status":"open","ping_status":"open","sticky":false,"template":"","format":"standard","meta":[],"categories":[2],"tags":[58,70,72,79,101,111,118],"_links":{"self":[{"href":"https:\/\/blogs.lasprovincias.es\/togadoyhundido\/wp-json\/wp\/v2\/posts\/147"}],"collection":[{"href":"https:\/\/blogs.lasprovincias.es\/togadoyhundido\/wp-json\/wp\/v2\/posts"}],"about":[{"href":"https:\/\/blogs.lasprovincias.es\/togadoyhundido\/wp-json\/wp\/v2\/types\/post"}],"author":[{"embeddable":true,"href":"https:\/\/blogs.lasprovincias.es\/togadoyhundido\/wp-json\/wp\/v2\/users\/28"}],"replies":[{"embeddable":true,"href":"https:\/\/blogs.lasprovincias.es\/togadoyhundido\/wp-json\/wp\/v2\/comments?post=147"}],"version-history":[{"count":0,"href":"https:\/\/blogs.lasprovincias.es\/togadoyhundido\/wp-json\/wp\/v2\/posts\/147\/revisions"}],"wp:attachment":[{"href":"https:\/\/blogs.lasprovincias.es\/togadoyhundido\/wp-json\/wp\/v2\/media?parent=147"}],"wp:term":[{"taxonomy":"category","embeddable":true,"href":"https:\/\/blogs.lasprovincias.es\/togadoyhundido\/wp-json\/wp\/v2\/categories?post=147"},{"taxonomy":"post_tag","embeddable":true,"href":"https:\/\/blogs.lasprovincias.es\/togadoyhundido\/wp-json\/wp\/v2\/tags?post=147"}],"curies":[{"name":"wp","href":"https:\/\/api.w.org\/{rel}","templated":true}]}}