{"id":154,"date":"2014-05-28T07:49:16","date_gmt":"2014-05-28T07:49:16","guid":{"rendered":"http:\/\/blogs.lasprovincias.es\/togadoyhundido\/?p=154"},"modified":"2014-05-28T07:49:16","modified_gmt":"2014-05-28T07:49:16","slug":"blasco-siete-veces-conseller-y-una-condenado","status":"publish","type":"post","link":"https:\/\/blogs.lasprovincias.es\/togadoyhundido\/2014\/05\/28\/blasco-siete-veces-conseller-y-una-condenado\/","title":{"rendered":"Blasco, siete veces conseller y una condenado"},"content":{"rendered":"<div class=\"mceTemp\">\n<div id=\"attachment_157\" style=\"width: 310px\" class=\"wp-caption alignright\"><a href=\"\/togadoyhundido\/wp-content\/uploads\/sites\/20\/2014\/05\/Blasco1.jpg\"><img aria-describedby=\"caption-attachment-157\" loading=\"lazy\" class=\" wp-image-157 \" title=\"DOCU_LP ULTIMA JORNADA CASO COPERACI\u00d3N\" src=\"\/togadoyhundido\/wp-content\/uploads\/sites\/20\/2014\/05\/Blasco1.jpg\" alt=\"\" width=\"300\" height=\"380\" \/><\/a><p id=\"caption-attachment-157\" class=\"wp-caption-text\">Blasco, en el \u00faltimo d\u00eda de juicio.<\/p><\/div>\n<\/div>\n<p><strong>Rafael Blasco<\/strong>\u00a0acaba de conocer su destino. Ocho a\u00f1os de prisi\u00f3n. \u00a0La noche habr\u00e1 sido dura para todos. \u00a0La incertidumbre en la Fiscal\u00eda y los abogados de los acusados ha ido creciendo desde que terminara el juicio. Todos pensando en su suerte y la de sus clientes. Lo primero, sin duda, qu\u00e9 decidir\u00eda el tribunal y lo segundo, cu\u00e1ndo. Quiz\u00e1 m\u00e1s de uno no haya pegado ojo durante la pasada noche. Como el escolar que espera las notas de su curso, para ver c\u00f3mo lo ha hecho. Salvando las distancias, claro. Porque aqu\u00ed, en la escuela del TSJ, los suspensos te pueden llevar a la c\u00e1rcel.<\/p>\n<p>El siete veces conseller con todos los Gobiernos auton\u00f3micos menos con <strong>Alberto Fabra<\/strong> a\u00f1ade a sus 69 a\u00f1os de edad una nueva nota -la menos decorosa- a su curriculum vitae. \u00a0A estas alturas, si alguien debe actualizar su hoja de servicios, es porque recibe un premio o se jubila. Si no se da ninguna de las circunstancias anteriores, no ser\u00e1 para a\u00f1adir m\u00e9ritos. Todo lo contrario. As\u00ed que aqu\u00ed cumple la m\u00e1xima: condenado por desviar fondos de la Generalitat, destinados al Tercer Mundo, para el beneficio de su amigo Augusto C\u00e9sar Tauroni, el cabecilla de la trama fuera de la Conselleria de Solidaridad y Ciudadan\u00eda.<\/p>\n<p>Blasco recurrir\u00e1. Eso lo sabe cualquiera. Uno se puede jugar un brazo sin el menor riesgo a perderlo. Al otrora conocido como &#8216;Pitbull&#8217; por sus ansias por salir en la televisi\u00f3n auton\u00f3mica, prensa y radio ya se le van acabando las jugadas. Con la sentencia de hoy quiz\u00e1 termina el discurso de los tr\u00e1mites, una variante avanzada del &#8216;imputado contento&#8217;. Estas son dos herramientas que manejan los pol\u00edticos con irritante indecencia. La primera de las modalidades consiste en que todo es mero tr\u00e1mite. Que investigan a tu conselleria por ayudas. Un tr\u00e1mite. Que terminas imputado. Otro tr\u00e1mite m\u00e1s. Que tras la instrucci\u00f3n te procesan. Pues oiga usted, de lo m\u00e1s normal. Que nadie se ponga nervioso. Lo dicho; un tr\u00e1mite m\u00e1s de la Administraci\u00f3n de Justicia. Que te abren juicio&#8230; Pues eso, lo que tocaba. Nada por lo que preocuparse. Tranquilidad. El paso que ya todos conoc\u00edan. \u00bfQue te rechazan todos los recursos? Pues m\u00e1s que previsible. Lo esperado. No se alteren. Y ahora, tras la <strong>condena<\/strong>, \u00bfqu\u00e9 pasar\u00e1? Pues eso, otro tr\u00e1mite m\u00e1s porque el tribunal no ha entendido la defensa y, adem\u00e1s, todo est\u00e1 viciado desde el origen. Al final, caeremos en el rid\u00edculo y entrar en una prisi\u00f3n a cumplir la pena ser\u00e1 eso. Otro tr\u00e1mite. \u00a0Eso s\u00ed, este hace mal. Los anteriores lo \u00fanico que te generan son titulares de prensa adversos. Y eso, para estos hombres curtidos en el fango, son picaduras de mosquito. En resumen, tr\u00e1mites asociados a los otros tr\u00e1mites. Y todo lo anterior s\u00f3lo hasta la llegada de <strong>Alberto Fabra<\/strong> y su dichosa -y curvosa- l\u00ednea roja para los imputados. Estos ahora son desalojados de los cargos p\u00fablicos. Bueno, todos no. Algunos diputados ah\u00ed est\u00e1n. La doctrina Fabra ha terminado empuj\u00e1ndolo al abismo. Tiene gracia que una propuesta propia se te vuelva en contra. Como el que se toma un antibi\u00f3tico y enferma.<\/p>\n<p>Blasco supo desde el primer momento que terminar\u00eda imputado. Aqu\u00ed lo contamos hace alg\u00fan tiempo. El t\u00edtulo del post: <strong>&#8216;El conejo, atrapado&#8217;<\/strong>. \u00a0Lo que ahora reproducimos se escribi\u00f3 tras el levantamiento del secreto, en una \u00e9poca en la que Blasco vend\u00eda optimismo como el que tiene un puesto en el mercado y vende fruta. \u00a0<span style=\"font-size: large;\">&#8220;No hace falta jugar a ser juez instructor ni tener una cabeza prodigiosa para que, de una lectura del sumario, se concluya que ah\u00ed hay gato encerrado. O conejo, aplicado a la jerga Tauroni. Pero hay un hecho todav\u00eda m\u00e1s llamativo.\u00a0Imaginemos que la juez considerara que no hay indicios de delito de Blasco, \u00bflo normal no ser\u00eda que lo hubiera citado como testigo, al igual que lo fueron otros trabajadores de la Conselleria, para que diera su versi\u00f3n de los hechos? Porque lo que resultar\u00eda inaudito, y m\u00e1s con las conversaciones que constan en el sumario, es que el m\u00e1ximo responsable del departamento no diera su testimonio acerca del presunto desv\u00edo de fondos. Si no le han citado como testigo en esta causa,\u00a0ya se puede intuir\u00a0lo que terminar\u00e1 siendo&#8221;.\u00a0<\/span><\/p>\n<p>Y no tard\u00f3 mucho en gozar de su nueva condici\u00f3n. Entonces lleg\u00f3 eso que coment\u00e1bamos antes. Lo del diputado contento. Perd\u00f3n, imputado. Los diputados imagino que siempre est\u00e1n contentos con el chollo de Les Corts. Se trata de una pirueta mortal para alimentar el hartazgo ciudadano. Luego nos extra\u00f1amos que <strong>Pablo Iglesias, el de Podemos y el de la coleta<\/strong>, saque m\u00e1s de un mill\u00f3n de votos. No, no estamos asustados ni avergonzados por vernos en un asunto de esta \u00edndole. Estamos felices de poder defendernos. \u00a1\u00a1\u00a1Viva la imputaci\u00f3n!!! Este es el lema al que se suma la tropa. Sin complejos. A lo bruto.<\/p>\n<div id=\"attachment_158\" style=\"width: 310px\" class=\"wp-caption alignleft\"><a href=\"\/togadoyhundido\/wp-content\/uploads\/sites\/20\/2014\/05\/fiscales.jpg\"><img aria-describedby=\"caption-attachment-158\" loading=\"lazy\" class=\"size-medium wp-image-158\" title=\"DOCU_LP Caso Cooperacion.\" src=\"\/togadoyhundido\/wp-content\/uploads\/sites\/20\/2014\/05\/fiscales.jpg\" alt=\"\" width=\"300\" height=\"199\" srcset=\"https:\/\/static-blogs.lasprovincias.es\/wp-content\/uploads\/sites\/20\/2014\/05\/fiscales.jpg 1763w, https:\/\/static-blogs.lasprovincias.es\/wp-content\/uploads\/sites\/20\/2014\/05\/fiscales-300x200.jpg 300w, https:\/\/static-blogs.lasprovincias.es\/wp-content\/uploads\/sites\/20\/2014\/05\/fiscales-768x512.jpg 768w, https:\/\/static-blogs.lasprovincias.es\/wp-content\/uploads\/sites\/20\/2014\/05\/fiscales-1024x682.jpg 1024w\" sizes=\"(max-width: 300px) 100vw, 300px\" \/><\/a><p id=\"caption-attachment-158\" class=\"wp-caption-text\">Los fiscales Anticorrupci\u00f3n.<\/p><\/div>\n<p>&nbsp;<\/p>\n<p>La Fiscal\u00eda se la jugaba con el Conejo. Sus \u00faltimas visitas al TSJ hab\u00edan terminado en derrota. Salieron indemnes Ricardo Costa y Francisco Camps por la causa de los trajes. Tambi\u00e9n qued\u00f3 absuelto Jorge Bellver en el asunto de los Jardines de Monforte y la construcci\u00f3n de un aparcamiento. Y ahora llegaba Blasco, otra pieza gorda del n\u00facleo pepero. \u00bfC\u00f3mo podr\u00edan justificar una tercera absoluci\u00f3n en un asunto en el que ejercieron la acusaci\u00f3n? Queda fuera lo del alcalde de Torrevieja, este s\u00ed que fue condenado a tres a\u00f1os de prisi\u00f3n. Blasco ya dej\u00f3 claro que su defensa era nula cuando en una entrevista en una televisi\u00f3n madrile\u00f1a -le cost\u00f3 su puesto en el grupo popular- utiliz\u00f3 este argumento para decir que hay no hab\u00eda nada. Como en el caso Cooperaci\u00f3n se juntaban ambos responsables del Ministerio P\u00fablico, \u00e9l, en un an\u00e1lisis de gintonic despu\u00e9s de la paella, conclu\u00eda que su asunto terminar\u00eda como el de sus compa\u00f1eros. Tauroni, en una entrevista con LAS PROVINCIAS, tambi\u00e9n apost\u00f3 por esa v\u00eda con diferente titular: &#8220;Todo es una caza de brujas contra Blasco&#8221;.<\/p>\n<p><a href=\"\/togadoyhundido\/wp-content\/uploads\/sites\/20\/2014\/05\/LF2E3SH1-1.jpg\"><img loading=\"lazy\" class=\"alignright size-medium wp-image-159\" title=\"DOCU_LP DECLARACION MARCIAL LOPEZ\" src=\"\/togadoyhundido\/wp-content\/uploads\/sites\/20\/2014\/05\/LF2E3SH1-1.jpg\" alt=\"\" width=\"300\" height=\"207\" srcset=\"https:\/\/static-blogs.lasprovincias.es\/wp-content\/uploads\/sites\/20\/2014\/05\/LF2E3SH1-1.jpg 550w, https:\/\/static-blogs.lasprovincias.es\/wp-content\/uploads\/sites\/20\/2014\/05\/LF2E3SH1-1-300x207.jpg 300w\" sizes=\"(max-width: 300px) 100vw, 300px\" \/><\/a><\/p>\n<p>Y, \u00bfqu\u00e9 paso con el desv\u00edo de fondos?. La realidad, y as\u00ed quedo claro tras el juicio, es que ah\u00ed se repart\u00edan diez millones de euros con escaso control. Y en esto ten\u00eda raz\u00f3n Blasco y el resto de las defensas. Por suerte, ahora se habr\u00e1n incrementado los controles. Porque si uno revisa todo el juicio -no recomendable ni para solteros en domingos de lluvia- aquello era una fiesta. Faltaba una vigilancia y una supervisi\u00f3n mayor para repartir esos buenos millones. Quiz\u00e1 por eso vio Blasco el coladero que pod\u00eda ser para su amigo de Alzira, Augusto C\u00e9sar Tauroni, seguidor de los pasos del conseller all\u00ed donde tocaba poder. \u00a0Te meto por aqu\u00ed, te doy una subvenci\u00f3n y te facturas el 25%. Luego ya veremos c\u00f3mo me llega a m\u00ed este dinerito. Porque eso si que no ha quedado probado. No hay pruebas de que Blasco cobrara de la trama. Pero eso, tal y como aclararon los fiscales, no significa que no sea delito. El hecho de crear las condiciones y permitir que eso se produzca te conduce al il\u00edcito. Blasco ten\u00eda pocos argumentos de defensa. Los t\u00e9cnicos de la Conselleria le dejaron de rodillas cuando admitieron las presiones a las que se vieron sometidos para dar ayudas sin cumplir los requisitos. Por el conseller y otros responsables que tambi\u00e9n se sentaron en el banquillo. Ojito al papel de su mano derecha, Tina Sanju\u00e1n, en toda esta historia. Un mill\u00f3n de euros se destinaron a la compra de pisos en Ausias March por parte del presidente de la Fundaci\u00f3n Cyes, Marcial L\u00f3pez. \u00a0Y gracias a este jugada poco h\u00e1bil se descubri\u00f3 toda esta historia tan sucia en la que un conseller qued\u00f3 atrapado como un conejo.<\/p>\n<p>&nbsp;<\/p>\n<p>&nbsp;<\/p>\n<p>&nbsp;<\/p>\n<p>&nbsp;<\/p>\n<!-- AddThis Advanced Settings generic via filter on the_content --><!-- AddThis Share Buttons generic via filter on the_content -->","protected":false},"excerpt":{"rendered":"<p>Rafael Blasco\u00a0acaba de conocer su destino. Ocho a\u00f1os de prisi\u00f3n. \u00a0La noche habr\u00e1 sido dura para todos. \u00a0La incertidumbre en la Fiscal\u00eda y los abogados de los acusados ha ido creciendo desde que terminara el juicio. Todos pensando en su suerte y la de sus clientes. Lo primero, sin duda, qu\u00e9 decidir\u00eda el tribunal y [&hellip;]<!-- AddThis Advanced Settings generic via filter on get_the_excerpt --><!-- AddThis Share Buttons generic via filter on get_the_excerpt --><\/p>\n","protected":false},"author":28,"featured_media":0,"comment_status":"open","ping_status":"open","sticky":false,"template":"","format":"standard","meta":[],"categories":[2],"tags":[23,28,35,37,81,103,104,107,117],"_links":{"self":[{"href":"https:\/\/blogs.lasprovincias.es\/togadoyhundido\/wp-json\/wp\/v2\/posts\/154"}],"collection":[{"href":"https:\/\/blogs.lasprovincias.es\/togadoyhundido\/wp-json\/wp\/v2\/posts"}],"about":[{"href":"https:\/\/blogs.lasprovincias.es\/togadoyhundido\/wp-json\/wp\/v2\/types\/post"}],"author":[{"embeddable":true,"href":"https:\/\/blogs.lasprovincias.es\/togadoyhundido\/wp-json\/wp\/v2\/users\/28"}],"replies":[{"embeddable":true,"href":"https:\/\/blogs.lasprovincias.es\/togadoyhundido\/wp-json\/wp\/v2\/comments?post=154"}],"version-history":[{"count":0,"href":"https:\/\/blogs.lasprovincias.es\/togadoyhundido\/wp-json\/wp\/v2\/posts\/154\/revisions"}],"wp:attachment":[{"href":"https:\/\/blogs.lasprovincias.es\/togadoyhundido\/wp-json\/wp\/v2\/media?parent=154"}],"wp:term":[{"taxonomy":"category","embeddable":true,"href":"https:\/\/blogs.lasprovincias.es\/togadoyhundido\/wp-json\/wp\/v2\/categories?post=154"},{"taxonomy":"post_tag","embeddable":true,"href":"https:\/\/blogs.lasprovincias.es\/togadoyhundido\/wp-json\/wp\/v2\/tags?post=154"}],"curies":[{"name":"wp","href":"https:\/\/api.w.org\/{rel}","templated":true}]}}