{"id":165,"date":"2014-06-18T18:50:24","date_gmt":"2014-06-18T18:50:24","guid":{"rendered":"http:\/\/blogs.lasprovincias.es\/togadoyhundido\/?p=165"},"modified":"2014-06-18T18:50:24","modified_gmt":"2014-06-18T18:50:24","slug":"la-audiencia-y-los-conductores-ebrios","status":"publish","type":"post","link":"https:\/\/blogs.lasprovincias.es\/togadoyhundido\/2014\/06\/18\/la-audiencia-y-los-conductores-ebrios\/","title":{"rendered":"Un mal trago en la Audiencia"},"content":{"rendered":"<p>Los magistrados de la Audiencia de Valencia se reunieron hace tres a\u00f1os para unificar criterios. Esta misma semana lo han vuelto a hacer, pero en el sentido contrario al que lo hicieron en su d\u00eda. Donde dije digo; digo Diego. Pero bueno, que lo de rectificar es de sabios. En 2011, la Audiencia consider\u00f3 que era excesivamente duro condenar por circular ebrio y por negarse a realizar la prueba de alcoholemia. Decidieron entonces que s\u00f3lo impondr\u00edan las penas por el m\u00e1s grave de los delitos: el de la negativa. En la pr\u00e1ctica esto supon\u00eda una rebaja de la pena por muy duros que fueran los magistrados a la hora de elegir entre la horquilla de seis meses a un a\u00f1o de prisi\u00f3n y privaci\u00f3n del derecho a conducir veh\u00edculos de uno hasta cuatro a\u00f1os, que es lo que marca el 383 del C\u00f3digo Penal. La presidenta de la Audiencia y hoy tambi\u00e9n vocal del Poder Judicial, <strong>Carmen Llombart<\/strong>, vendi\u00f3 esta unificaci\u00f3n de criterios -no s\u00f3lo el tema de las alcoholemias sino el conjunto de los acuerdos- como un \u00e9xito.<\/p>\n<p><a href=\"\/togadoyhundido\/wp-content\/uploads\/sites\/20\/2014\/06\/portada-Las-Provincias.jpg\"><img loading=\"lazy\" class=\"alignright size-large wp-image-167\" title=\"portada Las Provincias\" src=\"\/togadoyhundido\/wp-content\/uploads\/sites\/20\/2014\/06\/portada-Las-Provincias.jpg\" alt=\"\" width=\"740\" height=\"1024\" srcset=\"https:\/\/static-blogs.lasprovincias.es\/wp-content\/uploads\/sites\/20\/2014\/06\/portada-Las-Provincias.jpg 1111w, https:\/\/static-blogs.lasprovincias.es\/wp-content\/uploads\/sites\/20\/2014\/06\/portada-Las-Provincias-217x300.jpg 217w, https:\/\/static-blogs.lasprovincias.es\/wp-content\/uploads\/sites\/20\/2014\/06\/portada-Las-Provincias-768x1062.jpg 768w, https:\/\/static-blogs.lasprovincias.es\/wp-content\/uploads\/sites\/20\/2014\/06\/portada-Las-Provincias-741x1024.jpg 741w\" sizes=\"(max-width: 740px) 100vw, 740px\" \/><\/a><\/p>\n<p>La <strong>Fiscal\u00eda<\/strong>, en cambio, se mantuvo en su postura. Consult\u00f3 la cuesti\u00f3n a Madrid y sigui\u00f3 acusando por los dos delitos porque entend\u00edan que se trataba de dos acciones distintas y exig\u00edan, por tanto, su pena individualizada. De hecho, la noticia de 2011 sorprendi\u00f3 entonces a los responsables del<strong> Ministerio P\u00fablico<\/strong>. Las asociaciones de v\u00edctimas de accidentes protestaron y pidieron que se volviera a la situaci\u00f3n anterior. Pero la rectificaci\u00f3n ha llegado a los tres a\u00f1os. Adem\u00e1s, la unificaci\u00f3n que adoptaron los magistrados era una excepci\u00f3n entre el resto de tribunales. Apenas una Audiencia m\u00e1s en toda Espa\u00f1a respond\u00eda de igual forma que la valenciana. Se dio la circunstancia pues de que resultaba m\u00e1s beneficioso para el condenado recurrir la sentencia de lo Penal conocedor de que la Audiencia s\u00f3lo condenar\u00eda por uno. Incluso sal\u00eda peor parado el infractor si se conformaba en la guardia. No eran pocos los abogados que, conociendo esta situaci\u00f3n, aconsejaban a sus representados que no se conformaran y acudieran a juicio. Resulta complicado averiguar cu\u00e1ntos recursos por circular ebrio y negarse a realizar la prueba han resuelto las secciones de Penal. \u00a0En cualquier caso, s\u00f3lo con uno sirve para la comparaci\u00f3n. \u00bfQu\u00e9 pasar\u00e1 ahora con los nuevos recursos? Es m\u00e1s, \u00bfy si alg\u00fan letrado confiaba en apelar a la <strong>Audiencia<\/strong> y aconsej\u00f3 durante los \u00faltimos meses no conformarse en la guardia? Peor no le puede haber salido la jugada. Habr\u00e1 diferente trato para hechos id\u00e9nticos.<\/p>\n<p>Las alarmas volvieron a saltar, en determinados \u00e1mbitos judiciales, el pasado viernes. Una de las ideas que los magistrados iban a llevar a votaci\u00f3n, tal y como public\u00f3 LAS PROVINCIAS, era la de no castigar la cesi\u00f3n de veh\u00edculo a un familiar para que este aprenda a conducir siempre que la situaci\u00f3n no generara un riesgo para la seguridad vial. \u00a0Esto equivaldr\u00eda, en la pr\u00e1ctica, a consentir -s\u00f3lo ser\u00eda una multa- ciertas &#8216;practicas clandestinas&#8217; en pol\u00edgonos, aparcamientos y otras zonas con escaso o nulo tr\u00e1fico. \u00a0Una circunstancia que incluso las autoescuelas han criticado en fechas m\u00e1s o menos recientes. Diferentes fuentes judiciales, &#8211; de fuera de la Audiencia, claro- calificaron de barbaridad esta interpretaci\u00f3n. Consideraban que se trataba de un delito de conducci\u00f3n sin permiso y con esta iniciativa se establec\u00eda una clara injusticia respecto a otros que son cazados sin haber tenido nunca el permiso. Al fin y al cabo, ambos circulan sin poder hacerlo. Finalmente, no se lleg\u00f3 a votar. El punto se sac\u00f3 del orden del d\u00eda. En este caso, no hubo que esperar tres a\u00f1os.<\/p>\n<p><a href=\"\/togadoyhundido\/wp-content\/uploads\/sites\/20\/2014\/06\/carne-audiencia.jpg\"><img loading=\"lazy\" class=\"aligncenter size-large wp-image-168\" title=\"carne audiencia\" src=\"\/togadoyhundido\/wp-content\/uploads\/sites\/20\/2014\/06\/carne-audiencia.jpg\" alt=\"\" width=\"780\" height=\"1024\" srcset=\"https:\/\/static-blogs.lasprovincias.es\/wp-content\/uploads\/sites\/20\/2014\/06\/carne-audiencia.jpg 1111w, https:\/\/static-blogs.lasprovincias.es\/wp-content\/uploads\/sites\/20\/2014\/06\/carne-audiencia-229x300.jpg 229w, https:\/\/static-blogs.lasprovincias.es\/wp-content\/uploads\/sites\/20\/2014\/06\/carne-audiencia-768x1007.jpg 768w, https:\/\/static-blogs.lasprovincias.es\/wp-content\/uploads\/sites\/20\/2014\/06\/carne-audiencia-781x1024.jpg 781w\" sizes=\"(max-width: 780px) 100vw, 780px\" \/><\/a><\/p>\n<!-- AddThis Advanced Settings generic via filter on the_content --><!-- AddThis Share Buttons generic via filter on the_content -->","protected":false},"excerpt":{"rendered":"<p>Los magistrados de la Audiencia de Valencia se reunieron hace tres a\u00f1os para unificar criterios. Esta misma semana lo han vuelto a hacer, pero en el sentido contrario al que lo hicieron en su d\u00eda. Donde dije digo; digo Diego. Pero bueno, que lo de rectificar es de sabios. En 2011, la Audiencia consider\u00f3 que [&hellip;]<!-- AddThis Advanced Settings generic via filter on get_the_excerpt --><!-- AddThis Share Buttons generic via filter on get_the_excerpt --><\/p>\n","protected":false},"author":28,"featured_media":0,"comment_status":"open","ping_status":"open","sticky":false,"template":"","format":"standard","meta":[],"categories":[2],"tags":[6,9,14,16,32,47,74,100],"_links":{"self":[{"href":"https:\/\/blogs.lasprovincias.es\/togadoyhundido\/wp-json\/wp\/v2\/posts\/165"}],"collection":[{"href":"https:\/\/blogs.lasprovincias.es\/togadoyhundido\/wp-json\/wp\/v2\/posts"}],"about":[{"href":"https:\/\/blogs.lasprovincias.es\/togadoyhundido\/wp-json\/wp\/v2\/types\/post"}],"author":[{"embeddable":true,"href":"https:\/\/blogs.lasprovincias.es\/togadoyhundido\/wp-json\/wp\/v2\/users\/28"}],"replies":[{"embeddable":true,"href":"https:\/\/blogs.lasprovincias.es\/togadoyhundido\/wp-json\/wp\/v2\/comments?post=165"}],"version-history":[{"count":0,"href":"https:\/\/blogs.lasprovincias.es\/togadoyhundido\/wp-json\/wp\/v2\/posts\/165\/revisions"}],"wp:attachment":[{"href":"https:\/\/blogs.lasprovincias.es\/togadoyhundido\/wp-json\/wp\/v2\/media?parent=165"}],"wp:term":[{"taxonomy":"category","embeddable":true,"href":"https:\/\/blogs.lasprovincias.es\/togadoyhundido\/wp-json\/wp\/v2\/categories?post=165"},{"taxonomy":"post_tag","embeddable":true,"href":"https:\/\/blogs.lasprovincias.es\/togadoyhundido\/wp-json\/wp\/v2\/tags?post=165"}],"curies":[{"name":"wp","href":"https:\/\/api.w.org\/{rel}","templated":true}]}}