{"id":170,"date":"2014-07-10T19:06:15","date_gmt":"2014-07-10T19:06:15","guid":{"rendered":"http:\/\/blogs.lasprovincias.es\/togadoyhundido\/?p=170"},"modified":"2014-07-10T19:06:15","modified_gmt":"2014-07-10T19:06:15","slug":"carmen-llombart-consellera-de-justicia","status":"publish","type":"post","link":"https:\/\/blogs.lasprovincias.es\/togadoyhundido\/2014\/07\/10\/carmen-llombart-consellera-de-justicia\/","title":{"rendered":"Carmen Llombart, \u00bfconsellera de Justicia?"},"content":{"rendered":"<div id=\"attachment_171\" style=\"width: 310px\" class=\"wp-caption aligncenter\"><a href=\"\/togadoyhundido\/wp-content\/uploads\/sites\/20\/2014\/07\/llombart.jpg\"><img aria-describedby=\"caption-attachment-171\" loading=\"lazy\" class=\"size-medium wp-image-171\" title=\"DOCU_LP CARMEN LLOMBART\" src=\"\/togadoyhundido\/wp-content\/uploads\/sites\/20\/2014\/07\/llombart.jpg\" alt=\"\" width=\"300\" height=\"203\" srcset=\"https:\/\/static-blogs.lasprovincias.es\/wp-content\/uploads\/sites\/20\/2014\/07\/llombart.jpg 720w, https:\/\/static-blogs.lasprovincias.es\/wp-content\/uploads\/sites\/20\/2014\/07\/llombart-300x204.jpg 300w\" sizes=\"(max-width: 300px) 100vw, 300px\" \/><\/a><p id=\"caption-attachment-171\" class=\"wp-caption-text\">Carmen Llombart. \/EFE<\/p><\/div>\n<p><strong>Carmen Llombart<\/strong> preside la Audiencia Provincial de Valencia y es vocal del Poder Judicial. Pero, en ocasiones, &#8216;ejerce&#8217; tambi\u00e9n de consellera de Justicia. Se desconoce el motivo de semejante transformaci\u00f3n. \u00a0<strong>Llombart<\/strong>\u00a0excede el retrato de lo pol\u00edticamente correcto. \u00a0Se sit\u00faa un escaloncito por encima y, de ah\u00ed, que el pasado martes, durante su comparecencia ante los medios, se la hubiera podido confundir perfectamente\u00a0con el conseller. El nuevo responsable,<strong> Luis Santamar\u00eda<\/strong>, seguro que agradeci\u00f3 el capotazo de la propia presidenta de la Audiencia. \u00a0Es m\u00e1s, le vino de perlas para disimular dos deslices de menor importancia, propios del reci\u00e9n aterrizado en el cargo. \u00a0Se lleg\u00f3 a dar una situaci\u00f3n incluso c\u00f3mica. Santamar\u00eda admiti\u00f3 los problemas de la Ciudad de la Justicia y Llombart, en cambio, presumi\u00f3 de edificio. Minimiz\u00f3 las deficiencias y lo solvent\u00f3 con una frase de las de manual: &#8220;como los de cualquier casa particular&#8221;. \u00a0Esto puede llevar a pensar que es frecuente que en las comunidades de vecinos de Valencia se caigan fragmentos de la fachada, que no funcione el ascensor, que la climatizaci\u00f3n sea un desastre -y que se pongan a repararla en pleno verano-, que los ordenadores no arranquen, que se haya tenido que cambiar el suelo porque las losetas saltaban o que el 20% de los ba\u00f1os no se puedan utilizar. Bueno, eso en la mayor\u00eda de fincas no pasa. Y como bien sabe Llombart, en la suya menos.<\/p>\n<p>La an\u00e9cdota del pasado martes es ilustrativa acerca de la posici\u00f3n que ha adoptado Llombart en las relaciones con la Conselleria de Justicia. Se trata de la tercera cara visible en Valencia cuanto a responsables judiciales se refiere. Por un lado, est\u00e1 el juez decano, <strong>Pedro Viguer<\/strong>. El m\u00e1s reivindicativo, sin duda. Tiene un buen discurso y no se corta. Goza de un apoyo un\u00e1nime de sus compa\u00f1eros. Abandon\u00f3 la conservadora Asociaci\u00f3n Profesional de la Magistratura (APM) y eso todav\u00eda abrillant\u00f3 m\u00e1s su imagen de &#8216;decano de todos&#8217;. \u00a0Desde hace a\u00f1os denuncia la carencia de medios humanos y materiales en la Administraci\u00f3n de Justicia. La presidenta del TSJ, <strong>Pilar de la Oliva<\/strong>, llena un espacio m\u00e1s institucional. No se prodiga ante los medios y evita pisar en esos charcos. No obstante, sintoniza en esa l\u00ednea de que hace falta que la Conselleria ponga m\u00e1s recursos. Se puede observar en alguno de sus contados discursos. Lo conoce de primera mano porque lo del TSJ es de traca. Y luego aparece Carmen Llombart, cuya elecci\u00f3n como presidenta de la Audiencia estuvo impulsada por el entonces vicepresidente del Poder Judicial, <strong>Fernando de Rosa. \u00a0En la hemeroteca no se recuerda ninguna frase cr\u00edtica contra la Conselleria.\u00a0<\/strong><strong>\u00a0<\/strong>En alguna reuni\u00f3n de la Comisi\u00f3n Mixta, alguno de los presentes se ha visto sorprendido cuando Viguer y la presidenta de la Audiencia no iban en la misma l\u00ednea. Id\u00e9ntica profesi\u00f3n, pero diferentes objetivos.<\/p>\n<!-- AddThis Advanced Settings generic via filter on the_content --><!-- AddThis Share Buttons generic via filter on the_content -->","protected":false},"excerpt":{"rendered":"<p>Carmen Llombart preside la Audiencia Provincial de Valencia y es vocal del Poder Judicial. Pero, en ocasiones, &#8216;ejerce&#8217; tambi\u00e9n de consellera de Justicia. Se desconoce el motivo de semejante transformaci\u00f3n. \u00a0Llombart\u00a0excede el retrato de lo pol\u00edticamente correcto. \u00a0Se sit\u00faa un escaloncito por encima y, de ah\u00ed, que el pasado martes, durante su comparecencia ante los [&hellip;]<!-- AddThis Advanced Settings generic via filter on get_the_excerpt --><!-- AddThis Share Buttons generic via filter on get_the_excerpt --><\/p>\n","protected":false},"author":28,"featured_media":0,"comment_status":"open","ping_status":"open","sticky":false,"template":"","format":"standard","meta":[],"categories":[2],"tags":[],"_links":{"self":[{"href":"https:\/\/blogs.lasprovincias.es\/togadoyhundido\/wp-json\/wp\/v2\/posts\/170"}],"collection":[{"href":"https:\/\/blogs.lasprovincias.es\/togadoyhundido\/wp-json\/wp\/v2\/posts"}],"about":[{"href":"https:\/\/blogs.lasprovincias.es\/togadoyhundido\/wp-json\/wp\/v2\/types\/post"}],"author":[{"embeddable":true,"href":"https:\/\/blogs.lasprovincias.es\/togadoyhundido\/wp-json\/wp\/v2\/users\/28"}],"replies":[{"embeddable":true,"href":"https:\/\/blogs.lasprovincias.es\/togadoyhundido\/wp-json\/wp\/v2\/comments?post=170"}],"version-history":[{"count":0,"href":"https:\/\/blogs.lasprovincias.es\/togadoyhundido\/wp-json\/wp\/v2\/posts\/170\/revisions"}],"wp:attachment":[{"href":"https:\/\/blogs.lasprovincias.es\/togadoyhundido\/wp-json\/wp\/v2\/media?parent=170"}],"wp:term":[{"taxonomy":"category","embeddable":true,"href":"https:\/\/blogs.lasprovincias.es\/togadoyhundido\/wp-json\/wp\/v2\/categories?post=170"},{"taxonomy":"post_tag","embeddable":true,"href":"https:\/\/blogs.lasprovincias.es\/togadoyhundido\/wp-json\/wp\/v2\/tags?post=170"}],"curies":[{"name":"wp","href":"https:\/\/api.w.org\/{rel}","templated":true}]}}