{"id":174,"date":"2014-07-30T20:51:31","date_gmt":"2014-07-30T20:51:31","guid":{"rendered":"http:\/\/blogs.lasprovincias.es\/togadoyhundido\/?p=174"},"modified":"2014-07-30T20:51:31","modified_gmt":"2014-07-30T20:51:31","slug":"otros-fugados-en-el-juicio-a-los-neonazis","status":"publish","type":"post","link":"https:\/\/blogs.lasprovincias.es\/togadoyhundido\/2014\/07\/30\/otros-fugados-en-el-juicio-a-los-neonazis\/","title":{"rendered":"Otros fugados en el juicio a los neonazis"},"content":{"rendered":"<div id=\"attachment_175\" style=\"width: 1034px\" class=\"wp-caption aligncenter\"><a href=\"\/togadoyhundido\/wp-content\/uploads\/sites\/20\/2014\/07\/pol\u00edticos.jpg\"><img aria-describedby=\"caption-attachment-175\" loading=\"lazy\" class=\"size-large wp-image-175\" title=\"pol\u00edticos\" src=\"\/togadoyhundido\/wp-content\/uploads\/sites\/20\/2014\/07\/pol\u00edticos.jpg\" alt=\"\" width=\"1024\" height=\"367\" srcset=\"https:\/\/static-blogs.lasprovincias.es\/wp-content\/uploads\/sites\/20\/2014\/07\/pol\u00edticos.jpg 3063w, https:\/\/static-blogs.lasprovincias.es\/wp-content\/uploads\/sites\/20\/2014\/07\/pol\u00edticos-300x108.jpg 300w, https:\/\/static-blogs.lasprovincias.es\/wp-content\/uploads\/sites\/20\/2014\/07\/pol\u00edticos-768x275.jpg 768w, https:\/\/static-blogs.lasprovincias.es\/wp-content\/uploads\/sites\/20\/2014\/07\/pol\u00edticos-1024x367.jpg 1024w\" sizes=\"(max-width: 1024px) 100vw, 1024px\" \/><\/a><p id=\"caption-attachment-175\" class=\"wp-caption-text\">Responsables del ER, PSPV, EU y Comprom\u00eds, entre otros, durante la rueda de prensa.<\/p><\/div>\n<p>El juicio contra los miembros del grupo neonazi <strong>Frente Antisistema, <\/strong>\u00a0que ha terminado en una sentencia absolutoria, comenz\u00f3 el pasado lunes 14 de julio. Justo tres d\u00edas antes, un viernes, las entidades que integran la acusaci\u00f3n popular, convocaron a los medios de comunicaci\u00f3n. \u00a0Las asociaciones eran Movimiento contra la Intolerancia, Acci\u00f3 Cultural del Pa\u00eds Valenci\u00e0, Ca Revolta, Cear-PV, Jarit, Esquerra Unida y Esquerra Republicana, seg\u00fan consta en la convocatoria, recuperada para este post. All\u00ed, durante al menos hora y media, explicaron la importancia de que la Audiencia de Valencia condenara a los acusados y que la sentencia fuera ejemplar. Digo lo de hora y media porque el que esto escribe abandon\u00f3 el lugar transcurrido ese tiempo. Ya era suficiente. Dudo que en Valencia, este a\u00f1o, una comparecencia superara ese tiempo. Todo un r\u00e9cord, pero el asunto lo merec\u00eda. Los participantes denunciaron el incremento de agresiones por motivos ideol\u00f3gicos y racistas, en especial, en la Comunitat. \u00a0Todos quer\u00edan su cuota de protagonismo. Se iban turnando ante el micr\u00f3fono. Recuerdo que Toni Gisbert, de Acci\u00f3 Cultural del Pa\u00eds Valencia, fue de los primeros. Tambi\u00e9n hizo declaraciones <strong>Marga Sanz<\/strong>, de Esquerra Unida, <strong>Jos\u00e9 Luis \u00c1balos<\/strong> (PSPV), J<strong>ordi Sebasti\u00e0 y el famoso Baldov\u00ed<\/strong> (Comprom\u00eds) y <strong>\u00a0Joan Tard\u00e0<\/strong> (Esquerra Republicana). Vamos, que el caso vieron que era importante. Una docena de responsables para salir en la fotito. Gente comprometida, en primera l\u00ednea, valientes. Esto siempre es de agradecer en los tiempos que corren.<\/p>\n<p>La sorpresa lleg\u00f3 el lunes. Primer d\u00eda de juicio y por la sala en la que se celebr\u00f3 la vista, no apareci\u00f3 ninguno de los que tanto inter\u00e9s mostraron tres d\u00edas antes. Las agendas de estos pol\u00edticos, que siempre est\u00e1n a tope. Amaneci\u00f3 el martes y tampoco encontraron hueco. Y as\u00ed d\u00eda tras d\u00eda. Quiz\u00e1 fueron alertados del calor que hac\u00eda en la sala porque no iba el aire acondicionado. Hay gente que su compromiso se limita a lugares con climatizaci\u00f3n, a darle un Me Gusta en Facebook o a una foto en medios. Bueno, y lo del Twitter. Eso tambi\u00e9n mola. Por las tardes, en una muestra m\u00e1s de su gran implicaci\u00f3n con el caso, a trav\u00e9s de una nota de prensa comentaban la jugada, es decir, c\u00f3mo hab\u00eda ido la ma\u00f1ana.<\/p>\n<p>No hubiera estado de m\u00e1s algo de apoyo para el letrado que hab\u00edan contratado para este delicado asunto. Seg\u00fan explic\u00f3 el propio &#8216;afectado&#8217; s\u00f3lo hab\u00eda tenido nueve d\u00edas para mirarse la causa. Insuficiente para ejercer una acusaci\u00f3n con garant\u00edas. A esto hay que sumar, que sus interrogatorios dejaron mucho que desear. Algunos errores fueron de bulto, en especial, en la fase de informes. El Tribunal de la secci\u00f3n cuarta se apiad\u00f3 de \u00e9l. El letrado tuvo que ser acompa\u00f1ado por miembros de la Guardia Civil tras finalizar las sesiones del juicio ante las amenazas de algunos de los acusados. \u00bfQui\u00e9n estaba all\u00ed para apoyarle? De los suyos, nadie. Contrasta la ausencia de esta tropa politiquera, con el apoyo con el que contaron los acusados. En especial, los primeros d\u00edas, cuando aproximadamente una docena de j\u00f3venes se presentaron &#8216;modo batall\u00f3n&#8217; en la puerta de la Sala. <strong>Jos\u00e9 Luis Roberto,<\/strong> l\u00edder del partido de extrema derecha Espa\u00f1a 2000, fue de los de asiento fijo en la sala.<\/p>\n<p>La investigaci\u00f3n de la Guardia Civil fue deficiente. No hab\u00eda indicios que permitieran los pinchazos telef\u00f3nicos que fueron autorizados por la juez. \u00a0La Sala anul\u00f3 estas escuchas al igual que, en otras ocasiones, ha eliminado las intervenciones telef\u00f3nicas en casos de narcotraficantes. Siempre por el mismo motivo. La presencia de los pol\u00edticos no hubiera cambiado el sentido del fallo. Pero, por lo menos, hubiera servido para exhibir cierta preocupaci\u00f3n por el asunto. Lo ten\u00edan f\u00e1cil. En este caso, s\u00f3lo con sentarse all\u00ed. Se trataba de algo tan sencillo como aparentar. Pero claro, no hab\u00eda fot\u00f3grafo. Y el micr\u00f3fono es para los acusados.<\/p>\n<p>&nbsp;<\/p>\n<p>&nbsp;<\/p>\n<p>&nbsp;<\/p>\n<!-- AddThis Advanced Settings generic via filter on the_content --><!-- AddThis Share Buttons generic via filter on the_content -->","protected":false},"excerpt":{"rendered":"<p>El juicio contra los miembros del grupo neonazi Frente Antisistema, \u00a0que ha terminado en una sentencia absolutoria, comenz\u00f3 el pasado lunes 14 de julio. Justo tres d\u00edas antes, un viernes, las entidades que integran la acusaci\u00f3n popular, convocaron a los medios de comunicaci\u00f3n. \u00a0Las asociaciones eran Movimiento contra la Intolerancia, Acci\u00f3 Cultural del Pa\u00eds Valenci\u00e0, [&hellip;]<!-- AddThis Advanced Settings generic via filter on get_the_excerpt --><!-- AddThis Share Buttons generic via filter on get_the_excerpt --><\/p>\n","protected":false},"author":28,"featured_media":0,"comment_status":"open","ping_status":"open","sticky":false,"template":"","format":"standard","meta":[],"categories":[2],"tags":[7,15,19,66,78,80,82,95],"_links":{"self":[{"href":"https:\/\/blogs.lasprovincias.es\/togadoyhundido\/wp-json\/wp\/v2\/posts\/174"}],"collection":[{"href":"https:\/\/blogs.lasprovincias.es\/togadoyhundido\/wp-json\/wp\/v2\/posts"}],"about":[{"href":"https:\/\/blogs.lasprovincias.es\/togadoyhundido\/wp-json\/wp\/v2\/types\/post"}],"author":[{"embeddable":true,"href":"https:\/\/blogs.lasprovincias.es\/togadoyhundido\/wp-json\/wp\/v2\/users\/28"}],"replies":[{"embeddable":true,"href":"https:\/\/blogs.lasprovincias.es\/togadoyhundido\/wp-json\/wp\/v2\/comments?post=174"}],"version-history":[{"count":0,"href":"https:\/\/blogs.lasprovincias.es\/togadoyhundido\/wp-json\/wp\/v2\/posts\/174\/revisions"}],"wp:attachment":[{"href":"https:\/\/blogs.lasprovincias.es\/togadoyhundido\/wp-json\/wp\/v2\/media?parent=174"}],"wp:term":[{"taxonomy":"category","embeddable":true,"href":"https:\/\/blogs.lasprovincias.es\/togadoyhundido\/wp-json\/wp\/v2\/categories?post=174"},{"taxonomy":"post_tag","embeddable":true,"href":"https:\/\/blogs.lasprovincias.es\/togadoyhundido\/wp-json\/wp\/v2\/tags?post=174"}],"curies":[{"name":"wp","href":"https:\/\/api.w.org\/{rel}","templated":true}]}}