{"id":179,"date":"2014-09-10T20:08:41","date_gmt":"2014-09-10T20:08:41","guid":{"rendered":"http:\/\/blogs.lasprovincias.es\/togadoyhundido\/?p=179"},"modified":"2014-09-10T20:08:41","modified_gmt":"2014-09-10T20:08:41","slug":"trafico-de-tickets-de-la-ora-en-los-juzgados","status":"publish","type":"post","link":"https:\/\/blogs.lasprovincias.es\/togadoyhundido\/2014\/09\/10\/trafico-de-tickets-de-la-ora-en-los-juzgados\/","title":{"rendered":"Tr\u00e1fico de tickets de la ORA en los juzgados"},"content":{"rendered":"<p><a href=\"\/togadoyhundido\/wp-content\/uploads\/sites\/20\/2014\/09\/ORA.jpg\"><img loading=\"lazy\" class=\"aligncenter size-full wp-image-180\" title=\"ORA\" src=\"\/togadoyhundido\/wp-content\/uploads\/sites\/20\/2014\/09\/ORA.jpg\" alt=\"\" width=\"801\" height=\"645\" srcset=\"https:\/\/static-blogs.lasprovincias.es\/wp-content\/uploads\/sites\/20\/2014\/09\/ORA.jpg 801w, https:\/\/static-blogs.lasprovincias.es\/wp-content\/uploads\/sites\/20\/2014\/09\/ORA-300x242.jpg 300w, https:\/\/static-blogs.lasprovincias.es\/wp-content\/uploads\/sites\/20\/2014\/09\/ORA-768x618.jpg 768w\" sizes=\"(max-width: 801px) 100vw, 801px\" \/><\/a>Regresa<strong> togado y hundido<\/strong> tras el par\u00f3n de agosto. Los primeros d\u00edas de septiembre se parecen a los \u00faltimos de julio: calma chicha en la sauna de la <strong>Ciudad de la Justicia.<\/strong> Lo del aire acondicionado quiz\u00e1 est\u00e9 listo para el pr\u00f3ximo verano. Faltan unas piezas de Alemania -expertos en esto de aclimatar- para que el sistema funcione. A estas alturas de la corrida nadie conserva la esperanza de que esto se solucione.<\/p>\n<p>Pero bueno, tras el aparte, al tema. Aparcar en la Ciudad de la Justicia resulta complicado. Los jueces, secretarios, fiscales y algunos funcionarios disponen del parking de la Ciudad de la Justicia. Unas 400 plazas aproximadamente. No pagan ni un euro. El exconseller de Justicia <strong>Jorge Cabr\u00e9<\/strong> quiso ponerlo de pago. Me pareci\u00f3 una buena idea. A los m\u00e9dicos de La FE, por ejemplo, no les queda otra. Se estableci\u00f3 un precio inferior al de mercado; se habl\u00f3 de entre 30 y 40 euros al mes. Una cantidad asequible para jueces y fiscales si se trata de dejar el coche a cubierto. \u00a0A Cabr\u00e9 lo ech\u00f3 <strong>Alberto Fabra <\/strong>y se reincorpor\u00f3 a la Fiscal\u00eda de Valencia. \u00a0Lleg\u00f3 <strong>Seraf\u00edn Castellano a Justicia<\/strong>, y en su af\u00e1n por no molestar a nadie y transitar sin hacer ruido, le recomendaron que enterrara esa idea. As\u00ed lo hizo. Seguro que Cabr\u00e9 est\u00e1 contento ahora que no tiene que pagar por algo que propuso \u00e9l.<\/p>\n<p>La ORA, en cambio, se ha extendido por los alrededores. Como en el resto de Valencia. Y por si no fuera suficiente el importe del ticket (1,50 euros por dos horas no es precisamente econ\u00f3mico), en ocasiones, \u00a0hay que cumplir con el gorrilla. Tres o cuatro personas, dependiendo del d\u00eda, se reparten la calle principal y la avenida cercana a los juzgados. Siempre son los mismos. A los habituales de la &#8216;City&#8217; ya los conocen. Es frecuente verlos saludar a los que buscan sitio. La realidad es que su comportamiento es infinitamente m\u00e1s correcto que los aparcacoches de otras zonas de la ciudad. \u00a0Si no das, por lo menos, no se enfada.<\/p>\n<p>El otro d\u00eda, uno de ellos me sorprendi\u00f3.<\/p>\n<p>-&#8220;Eh, espera!!. \u00bfCu\u00e1nto tiempo te vas a quedar?&#8221;.<\/p>\n<p>-No lo s\u00e9. M\u00ednimo media hora&#8221;, respond\u00ed. \u00a0(Hab\u00eda acudido a reponer el 1,50 inicial)<\/p>\n<p>A continuaci\u00f3n, extrajo un ramillete de tickets de la ORA. Por lo menos seis o siete, procedentes de otros conductores que abandonaron su estacionamiento antes de que se cumpliera el tiempo. \u00a0Ten\u00eda para todo: estancias cortas e incluso alguna de mayor recorrido temporal. \u00a0&#8220;Ale, para d\u00e1rselo a la m\u00e1quina me lo das a m\u00ed&#8221;. La verdad es que el tipo, aparte de morro, tiene cierta gracia. \u00a0Completa su recaudaci\u00f3n diaria con la &#8216;venta&#8217; de tickets.<\/p>\n<p>En cuanto a los estacionamientos, la Polic\u00eda Local termin\u00f3 con una de las grandes injusticias que durante a\u00f1os se ha producido en los alrededores. La calle peatonal, en la parte trasera del edificio, era un sitio para los privilegiados. La gr\u00faa -y s\u00f3lo en contad\u00edsimas ocasiones- se llevaba el coche del &#8216;pringao&#8217; de turno. El resto, los de los cartelitos y conocidos y el que ven\u00eda para cinco minutos que luego son veinte, \u00a0nada de nada. Finalmente, el problema se solucion\u00f3 con unos bolardos. A veces, cuesta tan poco&#8230; L\u00e1stima que lo de la climatizaci\u00f3n del edificio no se solvente con bolardos.<\/p>\n<p>&nbsp;<\/p>\n<!-- AddThis Advanced Settings generic via filter on the_content --><!-- AddThis Share Buttons generic via filter on the_content -->","protected":false},"excerpt":{"rendered":"<p>Regresa togado y hundido tras el par\u00f3n de agosto. Los primeros d\u00edas de septiembre se parecen a los \u00faltimos de julio: calma chicha en la sauna de la Ciudad de la Justicia. Lo del aire acondicionado quiz\u00e1 est\u00e9 listo para el pr\u00f3ximo verano. Faltan unas piezas de Alemania -expertos en esto de aclimatar- para que [&hellip;]<!-- AddThis Advanced Settings generic via filter on get_the_excerpt --><!-- AddThis Share Buttons generic via filter on get_the_excerpt --><\/p>\n","protected":false},"author":28,"featured_media":0,"comment_status":"open","ping_status":"open","sticky":false,"template":"","format":"standard","meta":[],"categories":[2],"tags":[26,55,72,73,83,101],"_links":{"self":[{"href":"https:\/\/blogs.lasprovincias.es\/togadoyhundido\/wp-json\/wp\/v2\/posts\/179"}],"collection":[{"href":"https:\/\/blogs.lasprovincias.es\/togadoyhundido\/wp-json\/wp\/v2\/posts"}],"about":[{"href":"https:\/\/blogs.lasprovincias.es\/togadoyhundido\/wp-json\/wp\/v2\/types\/post"}],"author":[{"embeddable":true,"href":"https:\/\/blogs.lasprovincias.es\/togadoyhundido\/wp-json\/wp\/v2\/users\/28"}],"replies":[{"embeddable":true,"href":"https:\/\/blogs.lasprovincias.es\/togadoyhundido\/wp-json\/wp\/v2\/comments?post=179"}],"version-history":[{"count":0,"href":"https:\/\/blogs.lasprovincias.es\/togadoyhundido\/wp-json\/wp\/v2\/posts\/179\/revisions"}],"wp:attachment":[{"href":"https:\/\/blogs.lasprovincias.es\/togadoyhundido\/wp-json\/wp\/v2\/media?parent=179"}],"wp:term":[{"taxonomy":"category","embeddable":true,"href":"https:\/\/blogs.lasprovincias.es\/togadoyhundido\/wp-json\/wp\/v2\/categories?post=179"},{"taxonomy":"post_tag","embeddable":true,"href":"https:\/\/blogs.lasprovincias.es\/togadoyhundido\/wp-json\/wp\/v2\/tags?post=179"}],"curies":[{"name":"wp","href":"https:\/\/api.w.org\/{rel}","templated":true}]}}