{"id":18,"date":"2012-02-17T16:46:23","date_gmt":"2012-02-17T16:46:23","guid":{"rendered":"http:\/\/blogs.lasprovincias.es\/togadoyhundido\/?p=18"},"modified":"2012-02-17T16:46:23","modified_gmt":"2012-02-17T16:46:23","slug":"los-jueces-y-la-ortografia","status":"publish","type":"post","link":"https:\/\/blogs.lasprovincias.es\/togadoyhundido\/2012\/02\/17\/los-jueces-y-la-ortografia\/","title":{"rendered":"Los jueces y la ortograf\u00eda"},"content":{"rendered":"<p><a href=\"\/togadoyhundido\/wp-content\/uploads\/sites\/20\/2012\/02\/fallo-sentencia2.jpg\"><img loading=\"lazy\" class=\"size-medium wp-image-19 alignright\" title=\"fallo sentencia\" src=\"\/togadoyhundido\/wp-content\/uploads\/sites\/20\/2012\/02\/fallo-sentencia2.jpg\" alt=\"\" width=\"300\" height=\"225\" srcset=\"https:\/\/static-blogs.lasprovincias.es\/wp-content\/uploads\/sites\/20\/2012\/02\/fallo-sentencia2.jpg 1600w, https:\/\/static-blogs.lasprovincias.es\/wp-content\/uploads\/sites\/20\/2012\/02\/fallo-sentencia2-300x225.jpg 300w, https:\/\/static-blogs.lasprovincias.es\/wp-content\/uploads\/sites\/20\/2012\/02\/fallo-sentencia2-768x576.jpg 768w, https:\/\/static-blogs.lasprovincias.es\/wp-content\/uploads\/sites\/20\/2012\/02\/fallo-sentencia2-1024x768.jpg 1024w\" sizes=\"(max-width: 300px) 100vw, 300px\" \/><\/a>Recuerdo todav\u00eda c\u00f3mo algunos compa\u00f1eros de profesi\u00f3n se indignaban al conocer que el jurado del caso de los trajes hab\u00eda cometido faltas de ortograf\u00eda al sustentar su veredicto. A m\u00ed no me caus\u00f3 una sorpresa infinita, de esas que resultan dif\u00edcil de digerir. En Espa\u00f1a se habla mal y se escribe peor.\u00a0 Y las nueve personas del tribunal popular no eran m\u00e1s que una representaci\u00f3n, en este caso, de la provincia de Valencia.\u00a0 El mismo escaso asombro me hubiera causado si el jurado fuera de otro lugar. Quej\u00e9monos pues de la Educaci\u00f3n,\u00a0 del nulo inter\u00e9s por expresarse con correcci\u00f3n, pero veo absurdo clamar ahora contra esa gente. Quien est\u00e9 libre de pecado que tire la primera piedra. Tambi\u00e9n entre los periodistas se cuela de vez en cuando un fallo de este tipo. Nadie est\u00e1 a salvo. Pero frente al jurado, \u00bfqu\u00e9 ocurre con los jueces y magistrados, fiscales y abogados?\u00a0 Pues que tambi\u00e9n ellos cometen faltas.\u00a0 En algunos casos resultan impensables teniendo en cuenta la formaci\u00f3n de estos profesionales. Esta semana s\u00f3lo he le\u00eddo una sentencia y me he topado con el gazapo: &#8220;ingerencia&#8221; (sic). Hace algunos meses hall\u00e9 una todav\u00eda m\u00e1s grave: &#8220;achazo&#8221; (sic). De la segunda no conservo prueba alguna, pero s\u00ed adjunto de la primera. Cuento el pecado, pero no el pecador. No tiene sentido personalizar.<\/p>\n<p>Pd. S\u00f3lo falta que haya cometido alguna falta en este post.<\/p>\n<p>&nbsp;<\/p>\n<!-- AddThis Advanced Settings generic via filter on the_content --><!-- AddThis Share Buttons generic via filter on the_content -->","protected":false},"excerpt":{"rendered":"<p>Recuerdo todav\u00eda c\u00f3mo algunos compa\u00f1eros de profesi\u00f3n se indignaban al conocer que el jurado del caso de los trajes hab\u00eda cometido faltas de ortograf\u00eda al sustentar su veredicto. A m\u00ed no me caus\u00f3 una sorpresa infinita, de esas que resultan dif\u00edcil de digerir. En Espa\u00f1a se habla mal y se escribe peor.\u00a0 Y las nueve [&hellip;]<!-- AddThis Advanced Settings generic via filter on get_the_excerpt --><!-- AddThis Share Buttons generic via filter on get_the_excerpt --><\/p>\n","protected":false},"author":28,"featured_media":0,"comment_status":"open","ping_status":"closed","sticky":false,"template":"","format":"standard","meta":[],"categories":[2],"tags":[],"_links":{"self":[{"href":"https:\/\/blogs.lasprovincias.es\/togadoyhundido\/wp-json\/wp\/v2\/posts\/18"}],"collection":[{"href":"https:\/\/blogs.lasprovincias.es\/togadoyhundido\/wp-json\/wp\/v2\/posts"}],"about":[{"href":"https:\/\/blogs.lasprovincias.es\/togadoyhundido\/wp-json\/wp\/v2\/types\/post"}],"author":[{"embeddable":true,"href":"https:\/\/blogs.lasprovincias.es\/togadoyhundido\/wp-json\/wp\/v2\/users\/28"}],"replies":[{"embeddable":true,"href":"https:\/\/blogs.lasprovincias.es\/togadoyhundido\/wp-json\/wp\/v2\/comments?post=18"}],"version-history":[{"count":0,"href":"https:\/\/blogs.lasprovincias.es\/togadoyhundido\/wp-json\/wp\/v2\/posts\/18\/revisions"}],"wp:attachment":[{"href":"https:\/\/blogs.lasprovincias.es\/togadoyhundido\/wp-json\/wp\/v2\/media?parent=18"}],"wp:term":[{"taxonomy":"category","embeddable":true,"href":"https:\/\/blogs.lasprovincias.es\/togadoyhundido\/wp-json\/wp\/v2\/categories?post=18"},{"taxonomy":"post_tag","embeddable":true,"href":"https:\/\/blogs.lasprovincias.es\/togadoyhundido\/wp-json\/wp\/v2\/tags?post=18"}],"curies":[{"name":"wp","href":"https:\/\/api.w.org\/{rel}","templated":true}]}}