{"id":182,"date":"2014-11-05T19:52:22","date_gmt":"2014-11-05T19:52:22","guid":{"rendered":"http:\/\/blogs.lasprovincias.es\/togadoyhundido\/?p=182"},"modified":"2014-11-05T19:52:22","modified_gmt":"2014-11-05T19:52:22","slug":"a-quien-le-interesa-la-apertura-del-ano-judicial","status":"publish","type":"post","link":"https:\/\/blogs.lasprovincias.es\/togadoyhundido\/2014\/11\/05\/a-quien-le-interesa-la-apertura-del-ano-judicial\/","title":{"rendered":"\u00bfA qui\u00e9n le interesa la apertura del A\u00f1o Judicial?"},"content":{"rendered":"<p>A\u00f1o tras a\u00f1o, la cita es ineludible. \u00a1Oh, la apertura del A\u00f1o Judicial! Puede que haya estado ya cinco o seis veces en este acto tan solemne y en los \u00faltimos a\u00f1os, cada vez que aquello termina, pienso lo mismo: &#8220;Esto no le interesa a nadie. Ni siquiera a los que trabajan en la Justicia&#8221;. En esta edici\u00f3n se opt\u00f3 por el sal\u00f3n de actos de la Ciudad de la Justicia en vez del edificio del Tribunal Superior de Justicia. Por cuestiones de espacio, un acierto. El calor de las dependencias del Parterre y la falta de espacio pon\u00eda de morros, todos los a\u00f1os, a m\u00e1s de uno. &#8220;Yo quiero estar ah\u00ed&#8221;, &#8220;Pero si no tengo sitio!&#8221;, &#8220;Mira d\u00f3nde han puesto a este&#8221;. El mundillo de la Justicia es especialmente sensible en estas cuestiones. La misma descripci\u00f3n sirve para los pol\u00edticos.<\/p>\n<p>Una vez todos sentaditos, echas un ojo a la sala. Si quitas al hijo del<strong> expresidente del TSJ, Juan Luis de la R\u00faa<\/strong>, cuesta encontrar a alguien de menos de 40 a\u00f1os en el auditorio. \u00bfY gente sin cargo? \u00bfo excargo? Juas! Da pena, la verdad. Y m\u00e1s todav\u00eda cuando los posibles asistentes se encuentran uno, dos o tres pisos m\u00e1s arriba del sal\u00f3n. All\u00ed no bajan ni por equivocaci\u00f3n. La excusa de los a\u00f1os anteriores (el problema de ir al TSJ) este a\u00f1o no serv\u00eda. Falt\u00f3 mucha gente en la Apertura del A\u00f1o Judicial. Luego, claro, te das una vuelta por la Fiscal\u00eda \u00a0y ves mesas llenas de papel -algunas m\u00e1s que otras- y, en algunos casos, se comprende. \u00a0Algo similar ocurre con los jueces. Luego est\u00e1 otro problema. Tal y como est\u00e1 el patio de las corruptelas, puede llegar un d\u00eda en que uno de los pol\u00edticos que asiste sea investigado por un fiscal y juez de los all\u00ed presentes. Mal rollo eso de que te hagan una foto en un saludo de cortes\u00eda. Las hemerotecas las carga el diablo.<\/p>\n<p>Destac\u00f3 y para mal, el discurso del <strong>Fiscal Superior del TSJ, Antonio Montabes.<\/strong>\u00a0El de la presidenta del TSJ, <strong>Pilar de la Oliva<\/strong>, estuvo varios escalones por encima. En un tono algo menos paternalista que en ocasiones precedentes abord\u00f3 los asuntos clave. Si el TSJ debe enjuiciar a los pol\u00edticos, la falta de medios, la dedicaci\u00f3n y el esfuerzo de sus compa\u00f1eros. Bueno, por lo menos la alocuci\u00f3n equivale tres o cuatro palmaditas en la espalda. Menos da una piedra. Lo de Montabes, en cambio, fue una sucesi\u00f3n de estad\u00edsticas. N\u00fameros y m\u00e1s n\u00fameros. Y procedimientos abiertos y clasificados por tipos y que si Extranjer\u00eda, que si contra la propiedad, que si&#8230; Un mareo de cifras de la memoria. \u00bfTanto costaba lanzar un mensaje a sus compa\u00f1eros?\u00a0Vale que eran pocos, pero a lo mejor hubiera corrido el boca a boca. El mensaje de \u00e1nimo, claro. Hace poco me lo dejaban caer por los pasillos de la &#8216;city&#8217;. &#8220;Noto mucha desmotivaci\u00f3n en la gente&#8221;.<\/p>\n<p>Esa misma tarde, a eso de las dos y media, coincid\u00ed con un fiscal. Oye, que no te he visto por la Apertura del A\u00f1o Judicial&#8230; &#8220;Ah! \u00bfEra hoy?&#8221;. Pues eso, la tropa pasa. Hasta arriba de trabajo.<\/p>\n<p>&nbsp;<\/p>\n<!-- AddThis Advanced Settings generic via filter on the_content --><!-- AddThis Share Buttons generic via filter on the_content -->","protected":false},"excerpt":{"rendered":"<p>A\u00f1o tras a\u00f1o, la cita es ineludible. \u00a1Oh, la apertura del A\u00f1o Judicial! Puede que haya estado ya cinco o seis veces en este acto tan solemne y en los \u00faltimos a\u00f1os, cada vez que aquello termina, pienso lo mismo: &#8220;Esto no le interesa a nadie. Ni siquiera a los que trabajan en la Justicia&#8221;. [&hellip;]<!-- AddThis Advanced Settings generic via filter on get_the_excerpt --><!-- AddThis Share Buttons generic via filter on get_the_excerpt --><\/p>\n","protected":false},"author":28,"featured_media":0,"comment_status":"open","ping_status":"open","sticky":false,"template":"","format":"standard","meta":[],"categories":[2],"tags":[],"_links":{"self":[{"href":"https:\/\/blogs.lasprovincias.es\/togadoyhundido\/wp-json\/wp\/v2\/posts\/182"}],"collection":[{"href":"https:\/\/blogs.lasprovincias.es\/togadoyhundido\/wp-json\/wp\/v2\/posts"}],"about":[{"href":"https:\/\/blogs.lasprovincias.es\/togadoyhundido\/wp-json\/wp\/v2\/types\/post"}],"author":[{"embeddable":true,"href":"https:\/\/blogs.lasprovincias.es\/togadoyhundido\/wp-json\/wp\/v2\/users\/28"}],"replies":[{"embeddable":true,"href":"https:\/\/blogs.lasprovincias.es\/togadoyhundido\/wp-json\/wp\/v2\/comments?post=182"}],"version-history":[{"count":0,"href":"https:\/\/blogs.lasprovincias.es\/togadoyhundido\/wp-json\/wp\/v2\/posts\/182\/revisions"}],"wp:attachment":[{"href":"https:\/\/blogs.lasprovincias.es\/togadoyhundido\/wp-json\/wp\/v2\/media?parent=182"}],"wp:term":[{"taxonomy":"category","embeddable":true,"href":"https:\/\/blogs.lasprovincias.es\/togadoyhundido\/wp-json\/wp\/v2\/categories?post=182"},{"taxonomy":"post_tag","embeddable":true,"href":"https:\/\/blogs.lasprovincias.es\/togadoyhundido\/wp-json\/wp\/v2\/tags?post=182"}],"curies":[{"name":"wp","href":"https:\/\/api.w.org\/{rel}","templated":true}]}}