{"id":191,"date":"2015-02-11T13:22:53","date_gmt":"2015-02-11T13:22:53","guid":{"rendered":"http:\/\/blogs.lasprovincias.es\/togadoyhundido\/?p=191"},"modified":"2015-02-11T13:22:53","modified_gmt":"2015-02-11T13:22:53","slug":"comida-de-despedida-a-torres-dulce-75-euros-por-barba","status":"publish","type":"post","link":"https:\/\/blogs.lasprovincias.es\/togadoyhundido\/2015\/02\/11\/comida-de-despedida-a-torres-dulce-75-euros-por-barba\/","title":{"rendered":"Comida de despedida a Torres-Dulce, 75 euros por barba"},"content":{"rendered":"<p><a href=\"\/togadoyhundido\/wp-content\/uploads\/sites\/20\/2015\/02\/LF2HCIM1-1.jpg\"><img loading=\"lazy\" class=\"aligncenter size-large wp-image-193\" title=\"DOCU_LP\" src=\"\/togadoyhundido\/wp-content\/uploads\/sites\/20\/2015\/02\/LF2HCIM1-1.jpg\" alt=\"\" width=\"1024\" height=\"677\" srcset=\"https:\/\/static-blogs.lasprovincias.es\/wp-content\/uploads\/sites\/20\/2015\/02\/LF2HCIM1-1.jpg 4000w, https:\/\/static-blogs.lasprovincias.es\/wp-content\/uploads\/sites\/20\/2015\/02\/LF2HCIM1-1-300x199.jpg 300w, https:\/\/static-blogs.lasprovincias.es\/wp-content\/uploads\/sites\/20\/2015\/02\/LF2HCIM1-1-768x508.jpg 768w, https:\/\/static-blogs.lasprovincias.es\/wp-content\/uploads\/sites\/20\/2015\/02\/LF2HCIM1-1-1024x678.jpg 1024w\" sizes=\"(max-width: 1024px) 100vw, 1024px\" \/><\/a>Los fiscales han recibido recientemente la invitaci\u00f3n a la comida de despedida del anterior Fiscal General del Estado, Eduardo Torres-Dulce. Suele ser habitual la organizaci\u00f3n de este tipo de eventos para celebrar -puede ser tambi\u00e9n para lamentar- \u00a0una despedida, jubilaci\u00f3n y\/o cambios de destino de jueces y fiscales. La colaboraci\u00f3n para este \u00faltimo sarao, que se celebrar\u00e1 en un hotel de Madrid, es de 75 euros por barba. No se espera una asistencia masiva desde Valencia. El importe es ligeramente superior a las \u2018reuniones\u2019 en la Comunitat, suelen rondar los 50 euros. El importe incluye un regalito para el homenajeado. \u00daltimamente se imponen las tabletas. En Valencia, por citar los ejemplos m\u00e1s destacados, se han celebrado comidas con la jubilaci\u00f3n de <strong>Juan Luis de la R\u00faa<\/strong>, de <strong>Jos\u00e9 Flors<\/strong>, instructor de la causa de los trajes, la del magistrado<strong> Eduardo Bosc\u00e0<\/strong>, la marcha del fiscal <strong>Antonio Montabes<\/strong> al Tribunal Superior de Justicia&#8230; Hubo un caso, la jubilaci\u00f3n del fiscal superior <strong>Ricard Cabedo<\/strong> en el que se eligi\u00f3 para el almuerzo el restaurante del Club de Tenis Valencia. Precisamente el mismo lugar que frecuentaba el expresidente <strong>Camps<\/strong> para intercambiar unos golpes. En la pista, claro. Menudo c\u00f3ctel para compartir sala.<\/p>\n<p>A veces resulta tan importante qui\u00e9n se va como qui\u00e9n llega. En este sentido, la Fiscal\u00eda de Valencia recibir\u00e1 en breve a la exvocal y exportavoz del Poder Judicial, la fiscal Gabriela Bravo. Tras su etapa en el Consejo se qued\u00f3 en la secretar\u00eda t\u00e9cnica de la FGE. Un puesto que muchos responsables consideran m\u00e1s que interesante. La llegada de<strong> Consuelo Madrigal<\/strong>, sin embargo, supuso un movimiento de fichas en el departamento. Bravo y otros responsables han salido hacia sus destinos. La fiscal no regresar\u00e1 a la secci\u00f3n de Menores sino lo m\u00e1s probable es que recale en Penal. Afirma estar muy contenta de volver a ponerse la toga.<\/p>\n<p>Tambi\u00e9n circula el comentario de que el actual secretario auton\u00f3mico de Justicia, <strong>Antonio Gastaldi<\/strong>, prepara su regreso al ministerio p\u00fablico. El eterno aspirante a las m\u00e1s altas cotas de la conselleria lleva anclado en el segundo escal\u00f3n desde que inici\u00f3 su carrera pol\u00edtica. Cada oportunidad -seis consellers han desfilado por su departamento- iba acompa\u00f1ada de una decepci\u00f3n. Las elecciones no auguran nada bueno para el PP. Gastaldi ya ha sondeado las posibilidades de este regreso con la fiscal jefa de Valencia, <strong>Teresa Gisbert<\/strong>. En su vuelta se encontrar\u00eda con quien fuera conseller del PP, <strong>Jorge Cabr\u00e9<\/strong>, ya reincorporado a la vida judicial.<\/p>\n<p>\u00bfCu\u00e1l podr\u00eda ser la pr\u00f3xima celebraci\u00f3n? En el horizonte aparece la renovaci\u00f3n de la Audiencia. Es muy probable que haya comida de despedida a <strong>Carmen Llombart<\/strong> que no puede presentarse a la reelecci\u00f3n. En marzo tambi\u00e9n sale a concurso la plaza de teniente fiscal del TSJ. El actual responsable es<strong> Gonzalo L\u00f3pez Ebri<\/strong>. Confiaba en que nadie intentara disputarle el puesto. \u00a0Sin embargo,<strong> Fernando Cabedo<\/strong>\u00a0planea optar a la plaza.<\/p>\n<p>&nbsp;<\/p>\n<p>&nbsp;<\/p>\n<!-- AddThis Advanced Settings generic via filter on the_content --><!-- AddThis Share Buttons generic via filter on the_content -->","protected":false},"excerpt":{"rendered":"<p>Los fiscales han recibido recientemente la invitaci\u00f3n a la comida de despedida del anterior Fiscal General del Estado, Eduardo Torres-Dulce. Suele ser habitual la organizaci\u00f3n de este tipo de eventos para celebrar -puede ser tambi\u00e9n para lamentar- \u00a0una despedida, jubilaci\u00f3n y\/o cambios de destino de jueces y fiscales. La colaboraci\u00f3n para este \u00faltimo sarao, que [&hellip;]<!-- AddThis Advanced Settings generic via filter on get_the_excerpt --><!-- AddThis Share Buttons generic via filter on get_the_excerpt --><\/p>\n","protected":false},"author":28,"featured_media":0,"comment_status":"open","ping_status":"open","sticky":false,"template":"","format":"standard","meta":[],"categories":[2],"tags":[28,56,57,106,108,113],"_links":{"self":[{"href":"https:\/\/blogs.lasprovincias.es\/togadoyhundido\/wp-json\/wp\/v2\/posts\/191"}],"collection":[{"href":"https:\/\/blogs.lasprovincias.es\/togadoyhundido\/wp-json\/wp\/v2\/posts"}],"about":[{"href":"https:\/\/blogs.lasprovincias.es\/togadoyhundido\/wp-json\/wp\/v2\/types\/post"}],"author":[{"embeddable":true,"href":"https:\/\/blogs.lasprovincias.es\/togadoyhundido\/wp-json\/wp\/v2\/users\/28"}],"replies":[{"embeddable":true,"href":"https:\/\/blogs.lasprovincias.es\/togadoyhundido\/wp-json\/wp\/v2\/comments?post=191"}],"version-history":[{"count":0,"href":"https:\/\/blogs.lasprovincias.es\/togadoyhundido\/wp-json\/wp\/v2\/posts\/191\/revisions"}],"wp:attachment":[{"href":"https:\/\/blogs.lasprovincias.es\/togadoyhundido\/wp-json\/wp\/v2\/media?parent=191"}],"wp:term":[{"taxonomy":"category","embeddable":true,"href":"https:\/\/blogs.lasprovincias.es\/togadoyhundido\/wp-json\/wp\/v2\/categories?post=191"},{"taxonomy":"post_tag","embeddable":true,"href":"https:\/\/blogs.lasprovincias.es\/togadoyhundido\/wp-json\/wp\/v2\/tags?post=191"}],"curies":[{"name":"wp","href":"https:\/\/api.w.org\/{rel}","templated":true}]}}