{"id":196,"date":"2015-04-22T19:12:40","date_gmt":"2015-04-22T19:12:40","guid":{"rendered":"http:\/\/blogs.lasprovincias.es\/togadoyhundido\/?p=196"},"modified":"2015-04-22T19:12:40","modified_gmt":"2015-04-22T19:12:40","slug":"acusados-con-ipad-en-el-juicio","status":"publish","type":"post","link":"https:\/\/blogs.lasprovincias.es\/togadoyhundido\/2015\/04\/22\/acusados-con-ipad-en-el-juicio\/","title":{"rendered":"Acusados con Ipad en el juicio"},"content":{"rendered":"<p>La eclosi\u00f3n de casos de corrupci\u00f3n ha generado la aparici\u00f3n de nuevos personajes. Por ejemplo, el del imputado feliz. Su versi\u00f3n es mostrarse orgulloso de que por fin goza de esta condici\u00f3n para poder defenderse en los tribunales. El mundo al rev\u00e9s.Existen varios precedentes que son capaces de interpretar la realidad con c\u00f3digos tan poco habituales. De igual modo, prolifera en los \u00faltimos tiempos el caso de imputados con jefes de prensa. Incluso procesados y acusados cuentan con personal para gestionar su imagen en los medios y las explicaciones que quiz\u00e1 no hayan quedado claras en la sala. Con el juicio por la trama de facturas falsas, que salpic\u00f3 la construcci\u00f3n de Terra Mitica, ha aparecido otro perfil hasta la fecha desconocido: el acusado con tableta mientras est\u00e1 siendo juzgado. Se trata de uno de los hijos del empresario Vicente Conesa, que no hay d\u00eda que se le olvide el aparato. La presidenta del tribunal advirti\u00f3 al inicio del juicio de que no se pod\u00edan utilizar m\u00f3viles ni otros dispositivos. Lo l\u00f3gico es pensar que los Ipads est\u00e1n incluidos. La distancia del tribunal con los acusados en la sala habilitada para la celebraci\u00f3n del juicio impide controlar estas conductas. Tambi\u00e9n se desconoce si el acusado est\u00e1 navegando, aunque no tendr\u00eda mucho sentido cargar todos los d\u00edas con el equipo para no utilizarlo. Quiz\u00e1 s\u00f3lo tome notas de lo que all\u00ed acontece. Salvando las distancias, el caso recuerda al comportamiento de <strong>Francisco Camps<\/strong> en el juicio de los trajes en el que fue declarado no culpable. Nunca antes, al menos en los juicios de relevancia medi\u00e1tica, se hab\u00eda visto al acusado lector. Camps populariz\u00f3 esta figura con \u00a0<strong>&#8220;La ruta antigua de los hombres perversos&#8221;<\/strong>, obra de un historiador franc\u00e9s que relata la traici\u00f3n que sufri\u00f3 el santo Job. Tambi\u00e9n el expresidente de la Generalitat, en un juicio que dur\u00f3 cerca de un mes y medio, mand\u00f3 mensajes desde su tel\u00e9fono m\u00f3vil e incluso lanz\u00f3 besos y saludos al p\u00fablico. El juez Climent le recrimin\u00f3 su actitud en repetidas ocasiones.<\/p>\n<div id=\"attachment_197\" style=\"width: 778px\" class=\"wp-caption alignright\"><a href=\"\/togadoyhundido\/wp-content\/uploads\/sites\/20\/2015\/04\/ipad-e1429728985192.jpg\"><img aria-describedby=\"caption-attachment-197\" loading=\"lazy\" class=\"size-large wp-image-197\" title=\"ipad\" src=\"\/togadoyhundido\/wp-content\/uploads\/sites\/20\/2015\/04\/ipad-e1429728985192.jpg\" alt=\"\" width=\"768\" height=\"1024\" srcset=\"https:\/\/static-blogs.lasprovincias.es\/wp-content\/uploads\/sites\/20\/2015\/04\/ipad-e1429728985192.jpg 1224w, https:\/\/static-blogs.lasprovincias.es\/wp-content\/uploads\/sites\/20\/2015\/04\/ipad-e1429728985192-225x300.jpg 225w, https:\/\/static-blogs.lasprovincias.es\/wp-content\/uploads\/sites\/20\/2015\/04\/ipad-e1429728985192-768x1024.jpg 768w\" sizes=\"(max-width: 768px) 100vw, 768px\" \/><\/a><p id=\"caption-attachment-197\" class=\"wp-caption-text\">Uno de los acusados, con su tableta durante el juicio.<\/p><\/div>\n<!-- AddThis Advanced Settings generic via filter on the_content --><!-- AddThis Share Buttons generic via filter on the_content -->","protected":false},"excerpt":{"rendered":"<p>La eclosi\u00f3n de casos de corrupci\u00f3n ha generado la aparici\u00f3n de nuevos personajes. Por ejemplo, el del imputado feliz. Su versi\u00f3n es mostrarse orgulloso de que por fin goza de esta condici\u00f3n para poder defenderse en los tribunales. El mundo al rev\u00e9s.Existen varios precedentes que son capaces de interpretar la realidad con c\u00f3digos tan poco [&hellip;]<!-- AddThis Advanced Settings generic via filter on get_the_excerpt --><!-- AddThis Share Buttons generic via filter on get_the_excerpt --><\/p>\n","protected":false},"author":28,"featured_media":0,"comment_status":"open","ping_status":"open","sticky":false,"template":"","format":"standard","meta":[],"categories":[2],"tags":[14,28,34,36,59,109,120],"_links":{"self":[{"href":"https:\/\/blogs.lasprovincias.es\/togadoyhundido\/wp-json\/wp\/v2\/posts\/196"}],"collection":[{"href":"https:\/\/blogs.lasprovincias.es\/togadoyhundido\/wp-json\/wp\/v2\/posts"}],"about":[{"href":"https:\/\/blogs.lasprovincias.es\/togadoyhundido\/wp-json\/wp\/v2\/types\/post"}],"author":[{"embeddable":true,"href":"https:\/\/blogs.lasprovincias.es\/togadoyhundido\/wp-json\/wp\/v2\/users\/28"}],"replies":[{"embeddable":true,"href":"https:\/\/blogs.lasprovincias.es\/togadoyhundido\/wp-json\/wp\/v2\/comments?post=196"}],"version-history":[{"count":0,"href":"https:\/\/blogs.lasprovincias.es\/togadoyhundido\/wp-json\/wp\/v2\/posts\/196\/revisions"}],"wp:attachment":[{"href":"https:\/\/blogs.lasprovincias.es\/togadoyhundido\/wp-json\/wp\/v2\/media?parent=196"}],"wp:term":[{"taxonomy":"category","embeddable":true,"href":"https:\/\/blogs.lasprovincias.es\/togadoyhundido\/wp-json\/wp\/v2\/categories?post=196"},{"taxonomy":"post_tag","embeddable":true,"href":"https:\/\/blogs.lasprovincias.es\/togadoyhundido\/wp-json\/wp\/v2\/tags?post=196"}],"curies":[{"name":"wp","href":"https:\/\/api.w.org\/{rel}","templated":true}]}}