{"id":28,"date":"2012-03-09T11:51:05","date_gmt":"2012-03-09T11:51:05","guid":{"rendered":"http:\/\/blogs.lasprovincias.es\/togadoyhundido\/?p=28"},"modified":"2012-03-09T11:51:05","modified_gmt":"2012-03-09T11:51:05","slug":"el-cese-de-diez-minutos-del-imputado-felip","status":"publish","type":"post","link":"https:\/\/blogs.lasprovincias.es\/togadoyhundido\/2012\/03\/09\/el-cese-de-diez-minutos-del-imputado-felip\/","title":{"rendered":"El anterior cese de diez minutos del imputado Felip"},"content":{"rendered":"<p><a href=\"\/togadoyhundido\/wp-content\/uploads\/sites\/20\/2012\/03\/felip.jpg\"><img loading=\"lazy\" class=\"alignleft size-medium wp-image-29\" title=\"DOCU_LP DETENIDO UN ALTO CARGO DE LA GENERALITAT VALENCIANA POR MALVERSACI\u00d3N Y FRAUDE\" src=\"\/togadoyhundido\/wp-content\/uploads\/sites\/20\/2012\/03\/felip.jpg\" alt=\"Josep Maria Felip\" width=\"165\" height=\"300\" \/><\/a>\u00a0<\/p>\n<p>Lo de las oeneg\u00e9s y Cooperaci\u00f3n huele mal. M\u00e1s que un ligero tufillo, lo que ocurre es que apesta. Se juega presuntamente con el dinero que, en teor\u00eda, era para ayudar a los m\u00e1s desfavorecidos. Y ah\u00ed la desverg\u00fcenza de la corrupci\u00f3n es todav\u00eda mayor.<\/p>\n<p>La desconfianza hacia alguno de los implicados en este asunto viene de tiempo atr\u00e1s. El ahora imputado y cesado -conviene concretar que por este orden- <strong>Josep Maria Felip<\/strong> ya fue cesado en otra ocasi\u00f3n,<br \/>\naunque recuper\u00f3 el cargo en apenas diez minutos, seg\u00fan cuentan fuentes cercanas a los acontecimientos. Felip recibi\u00f3 una llamada en su m\u00f3vil del por aquel entonces reci\u00e9n nombrado conseller de Justicia, <strong>Jorge Cabr\u00e9<\/strong>. Tampoco llevaba muchas semanas en el cargo. &#8220;No contamos contigo&#8221;, fue el resumen de aquella comunicaci\u00f3n. Dicen que ya ten\u00eda hasta un sustituto pensado, cuyo nombre no ha trascendido. Pero no se qued\u00f3 ah\u00ed la cuesti\u00f3n. En esos diez minutos, Felip hizo una llamada o quiz\u00e1 fueron varias. A buen seguro que <strong>Blasco<\/strong> fue su interlocutor en alguna de esas conversaciones. Por aquel entonces no era conseller, pero s\u00ed que asist\u00eda al Pleno de los viernes como uno m\u00e1s pese a que &#8216;s\u00f3lo&#8217; era portavoz en Les Corts. Pero bueno, esto de Blasco extra\u00f1a bien poco.<\/p>\n<p>Y cuentan que el m\u00f3vil del conseller Cabr\u00e9 volvi\u00f3 a sonar. Las fuentes ya no desvelan qui\u00e9n estaba al otro lado del aparato, pero s\u00ed apuntan a &#8220;altas instancias&#8221;. Blasco queda fuera de ese grupo, insisten quienes conocen la sucesi\u00f3n de estas llamadas. Y Felip volvi\u00f3 a recuperar su puesto. Y aqu\u00ed paz y despu\u00e9s gloria. Que cada cual le ponga apellido a estas &#8216;instancias&#8217;. El que pongo yo est\u00e1 entre los primeros del abecedario. As\u00ed de bonito es esto de la pol\u00edtica, se\u00f1ores.<\/p>\n<!-- AddThis Advanced Settings generic via filter on the_content --><!-- AddThis Share Buttons generic via filter on the_content -->","protected":false},"excerpt":{"rendered":"<p>\u00a0 Lo de las oeneg\u00e9s y Cooperaci\u00f3n huele mal. M\u00e1s que un ligero tufillo, lo que ocurre es que apesta. Se juega presuntamente con el dinero que, en teor\u00eda, era para ayudar a los m\u00e1s desfavorecidos. Y ah\u00ed la desverg\u00fcenza de la corrupci\u00f3n es todav\u00eda mayor. La desconfianza hacia alguno de los implicados en este [&hellip;]<!-- AddThis Advanced Settings generic via filter on get_the_excerpt --><!-- AddThis Share Buttons generic via filter on get_the_excerpt --><\/p>\n","protected":false},"author":28,"featured_media":0,"comment_status":"open","ping_status":"closed","sticky":false,"template":"","format":"standard","meta":[],"categories":[2],"tags":[],"_links":{"self":[{"href":"https:\/\/blogs.lasprovincias.es\/togadoyhundido\/wp-json\/wp\/v2\/posts\/28"}],"collection":[{"href":"https:\/\/blogs.lasprovincias.es\/togadoyhundido\/wp-json\/wp\/v2\/posts"}],"about":[{"href":"https:\/\/blogs.lasprovincias.es\/togadoyhundido\/wp-json\/wp\/v2\/types\/post"}],"author":[{"embeddable":true,"href":"https:\/\/blogs.lasprovincias.es\/togadoyhundido\/wp-json\/wp\/v2\/users\/28"}],"replies":[{"embeddable":true,"href":"https:\/\/blogs.lasprovincias.es\/togadoyhundido\/wp-json\/wp\/v2\/comments?post=28"}],"version-history":[{"count":0,"href":"https:\/\/blogs.lasprovincias.es\/togadoyhundido\/wp-json\/wp\/v2\/posts\/28\/revisions"}],"wp:attachment":[{"href":"https:\/\/blogs.lasprovincias.es\/togadoyhundido\/wp-json\/wp\/v2\/media?parent=28"}],"wp:term":[{"taxonomy":"category","embeddable":true,"href":"https:\/\/blogs.lasprovincias.es\/togadoyhundido\/wp-json\/wp\/v2\/categories?post=28"},{"taxonomy":"post_tag","embeddable":true,"href":"https:\/\/blogs.lasprovincias.es\/togadoyhundido\/wp-json\/wp\/v2\/tags?post=28"}],"curies":[{"name":"wp","href":"https:\/\/api.w.org\/{rel}","templated":true}]}}