{"id":43,"date":"2012-05-31T18:57:06","date_gmt":"2012-05-31T18:57:06","guid":{"rendered":"http:\/\/blogs.lasprovincias.es\/togadoyhundido\/?p=43"},"modified":"2012-05-31T18:57:06","modified_gmt":"2012-05-31T18:57:06","slug":"el-conejo-atrapado","status":"publish","type":"post","link":"https:\/\/blogs.lasprovincias.es\/togadoyhundido\/2012\/05\/31\/el-conejo-atrapado\/","title":{"rendered":"El conejo, atrapado"},"content":{"rendered":"<p><a class=\"twitter-share-button\" href=\"https:\/\/twitter.com\/share\" data-lang=\"es\" data-via=\"a_rallo\" data-url=\"https:\/\/blogs.lasprovincias.es\/togadoyhundido\/2012\/04\/24\/a-300-euritos-la-hora-en-emarsa\/\" rel=\"external nofollow\">Twittear<\/a><br \/>\n<script type=\"text\/javascript\">\/\/ <![CDATA[\n   !function(d,s,id){var js,fjs=d.getElementsByTagName(s)[0];if(!d.getElementById(id)){js=d.createElement(s);js.id=id;js.src=\"\/\/platform.twitter.com\/widgets.js\";fjs.parentNode.insertBefore(js,fjs);}}(document,\"script\",\"twitter-wjs\");\n\/\/ ]]><\/script><br \/>\n<a class=\"twitter-follow-button\" href=\"https:\/\/twitter.com\/a_rallo\" data-lang=\"es\" data-size=\"large\" data-show-count=\"false\" rel=\"external nofollow\">Seguir a @a_rallo<\/a><br \/>\n<script type=\"text\/javascript\">\/\/ <![CDATA[\n !function(d,s,id){var js,fjs=d.getElementsByTagName(s)[0];if(!d.getElementById(id)){js=d.createElement(s);js.id=id;js.src=\"\/\/platform.twitter.com\/widgets.js\";fjs.parentNode.insertBefore(js,fjs);}}(document,\"script\",\"twitter-wjs\");\n\/\/ ]]><\/script><br \/>\n<script type=\"text\/javascript\">\/\/ <![CDATA[\n  !function(d,s,id){var js,fjs=d.getElementsByTagName(s)[0];if(!d.getElementById(id)){js=d.createElement(s);js.id=id;js.src=\"\/\/platform.twitter.com\/widgets.js\";fjs.parentNode.insertBefore(js,fjs);}}(document,\"script\",\"twitter-wjs\");\n\/\/ ]]><\/script><\/p>\n<p>El exconseller y ahora portavoz del PP en Les Corts, Rafael Blasco, era conocido entre los miembros de la trama de las ONG\u00b4s como &#8220;El Conejo&#8221;.\u00a0No era el \u00fanico apodo con el que se conoc\u00eda al m\u00e1ximo responsable de la conselleria, al que tambi\u00e9n llamaban &#8220;Pitbull&#8221;. Se desconoce si por la agresividad que debi\u00f3 demostrar en aquella reuni\u00f3n en la que enfureci\u00f3 cuando los t\u00e9cnicos se negaban a firmar proyectos a favor de entidades sin experiencia.<\/p>\n<p>Los tiempos de la Justicia no son los de la pol\u00edtica. Y en muchos supuestos, una sincronizaci\u00f3n de los dos \u00e1mbitos resolver\u00eda m\u00e1s de un problema a quien debe tomar las decisiones en la Generalitat. Fin de las excusas con argumentos de peso. El secretismo con el que se llev\u00f3 la investigaci\u00f3n en Fiscal\u00eda y posteriormente en el juzgado era una de las m\u00e1ximas, conocedores los responsables de los contactos e intentos del entorno cercano a Blasco por obtener informaci\u00f3n acerca de las pesquisas.<\/p>\n<p>El levantamiento del secreto de sumario supuso una alegr\u00eda, al menos en apariencia, para el dirigente popular. Se dedic\u00f3 a vender optimismo, tan dif\u00edcil en la \u00e9poca actual.\u00a0Y Blasco, que durante las semanas anteriores deslizaba que le iban a imputar tratando de restar importancia a lo que se avecinaba, cambi\u00f3 de registro. Entonces, la m\u00e1xima era que nada ten\u00eda que ver en aquello porque no estaba imputado. Pero, \u00bfc\u00f3mo iba a estarlo? En ese caso, el juzgado tendr\u00eda que haber hecho una exposici\u00f3n motivada y enviar el asunto al TSJ porque se trata de un aforado.\u00a0Cierto que eso no se ha producido todav\u00eda, aunque todas las fuentes coinciden en que es lo m\u00e1s probable.\u00a0Tampoco se demorar\u00e1 en exceso, a\u00f1aden.\u00a0La juez ha solicitado un refuerzo de\u00a0forma transitoria para concentrarse en la causa.<\/p>\n<p>No hace falta jugar a ser juez instructor ni tener una cabeza prodigiosa para que, de una lectura del sumario, se concluya que ah\u00ed hay gato encerrado. O conejo, aplicado a la jerga Tauroni. Pero hay un hecho todav\u00eda m\u00e1s llamativo.\u00a0Imaginemos que la juez considerara que no hay indicios de delito de Blasco, \u00bflo normal no ser\u00eda que lo hubiera citado como testigo, al igual que lo fueron otros trabajadores de la Conselleria, para que diera su versi\u00f3n de los hechos? Porque lo que resultar\u00eda inaudito, y m\u00e1s con las conversaciones que constan en el sumario, es que el m\u00e1ximo responsable del departamento no diera su testimonio acerca del presunto desv\u00edo de fondos. Si no le han citado como testigo en esta causa,\u00a0ya se puede intuir\u00a0lo que terminar\u00e1 siendo.<\/p>\n<!-- AddThis Advanced Settings generic via filter on the_content --><!-- AddThis Share Buttons generic via filter on the_content -->","protected":false},"excerpt":{"rendered":"<p>Twittear Seguir a @a_rallo El exconseller y ahora portavoz del PP en Les Corts, Rafael Blasco, era conocido entre los miembros de la trama de las ONG\u00b4s como &#8220;El Conejo&#8221;.\u00a0No era el \u00fanico apodo con el que se conoc\u00eda al m\u00e1ximo responsable de la conselleria, al que tambi\u00e9n llamaban &#8220;Pitbull&#8221;. Se desconoce si por la [&hellip;]<!-- AddThis Advanced Settings generic via filter on get_the_excerpt --><!-- AddThis Share Buttons generic via filter on get_the_excerpt --><\/p>\n","protected":false},"author":28,"featured_media":0,"comment_status":"open","ping_status":"closed","sticky":false,"template":"","format":"standard","meta":[],"categories":[2],"tags":[23,35,36,102,103,107],"_links":{"self":[{"href":"https:\/\/blogs.lasprovincias.es\/togadoyhundido\/wp-json\/wp\/v2\/posts\/43"}],"collection":[{"href":"https:\/\/blogs.lasprovincias.es\/togadoyhundido\/wp-json\/wp\/v2\/posts"}],"about":[{"href":"https:\/\/blogs.lasprovincias.es\/togadoyhundido\/wp-json\/wp\/v2\/types\/post"}],"author":[{"embeddable":true,"href":"https:\/\/blogs.lasprovincias.es\/togadoyhundido\/wp-json\/wp\/v2\/users\/28"}],"replies":[{"embeddable":true,"href":"https:\/\/blogs.lasprovincias.es\/togadoyhundido\/wp-json\/wp\/v2\/comments?post=43"}],"version-history":[{"count":0,"href":"https:\/\/blogs.lasprovincias.es\/togadoyhundido\/wp-json\/wp\/v2\/posts\/43\/revisions"}],"wp:attachment":[{"href":"https:\/\/blogs.lasprovincias.es\/togadoyhundido\/wp-json\/wp\/v2\/media?parent=43"}],"wp:term":[{"taxonomy":"category","embeddable":true,"href":"https:\/\/blogs.lasprovincias.es\/togadoyhundido\/wp-json\/wp\/v2\/categories?post=43"},{"taxonomy":"post_tag","embeddable":true,"href":"https:\/\/blogs.lasprovincias.es\/togadoyhundido\/wp-json\/wp\/v2\/tags?post=43"}],"curies":[{"name":"wp","href":"https:\/\/api.w.org\/{rel}","templated":true}]}}