{"id":47,"date":"2012-07-13T19:10:44","date_gmt":"2012-07-13T19:10:44","guid":{"rendered":"http:\/\/blogs.lasprovincias.es\/togadoyhundido\/?p=47"},"modified":"2012-07-13T19:10:44","modified_gmt":"2012-07-13T19:10:44","slug":"cobro-cuando-ya-habia-muerto","status":"publish","type":"post","link":"https:\/\/blogs.lasprovincias.es\/togadoyhundido\/2012\/07\/13\/cobro-cuando-ya-habia-muerto\/","title":{"rendered":"Cobr\u00f3 cuando ya hab\u00eda muerto"},"content":{"rendered":"<p><a class=\"twitter-share-button\" href=\"https:\/\/twitter.com\/share\" data-url=\"https:\/\/blogs.lasprovincias.es\/togadoyhundido\/2012\/04\/24\/a-300-euritos-la-hora-en-emarsa\/\" data-via=\"a_rallo\" data-lang=\"es\" rel=\"external nofollow\">Twittear<\/a><br \/>\n<script type=\"text\/javascript\">\/\/ <![CDATA[\n    !function(d,s,id){var js,fjs=d.getElementsByTagName(s)[0];if(!d.getElementById(id)){js=d.createElement(s);js.id=id;js.src=\"\/\/platform.twitter.com\/widgets.js\";fjs.parentNode.insertBefore(js,fjs);}}(document,\"script\",\"twitter-wjs\");\n\/\/ ]]><\/script><br \/>\n<a class=\"twitter-follow-button\" href=\"https:\/\/twitter.com\/a_rallo\" data-lang=\"es\" data-show-count=\"false\" data-size=\"large\" rel=\"external nofollow\">Seguir a @a_rallo<\/a><br \/>\n<script type=\"text\/javascript\">\/\/ <![CDATA[\n  !function(d,s,id){var js,fjs=d.getElementsByTagName(s)[0];if(!d.getElementById(id)){js=d.createElement(s);js.id=id;js.src=\"\/\/platform.twitter.com\/widgets.js\";fjs.parentNode.insertBefore(js,fjs);}}(document,\"script\",\"twitter-wjs\");\n\/\/ ]]><\/script><br \/>\n<script type=\"text\/javascript\">\/\/ <![CDATA[\n   !function(d,s,id){var js,fjs=d.getElementsByTagName(s)[0];if(!d.getElementById(id)){js=d.createElement(s);js.id=id;js.src=\"\/\/platform.twitter.com\/widgets.js\";fjs.parentNode.insertBefore(js,fjs);}}(document,\"script\",\"twitter-wjs\");\n\/\/ ]]><\/script><\/p>\n<p>Me tom\u00e9 con \u00e9l unas ca\u00f1as un mediod\u00eda de esos de calor valenciano. Ya hace a\u00f1os. No s\u00e9 por qu\u00e9 recuerdo aquello, pero el caso es que todav\u00eda conservo aquella mesa y sillas de madera. Lo del lugar y d\u00f3nde ya me queda muy lejos. Hab\u00eda sido v\u00edctima de una intoxicaci\u00f3n alimentaria que hace cerca de cuatro a\u00f1os ocup\u00f3 hueco en alguna que otra portada de la prensa valenciana. El hombre estaba indignado. Hablamos un rato. Aparte de este tema me cont\u00f3 algo de un proyecto que quer\u00eda poner en marcha. Algo de una revista, creo.\u00a0El caso es que llevaba un cabreo de los que hacen historia. Se hab\u00eda pasado casi dos semanas postrado en la cama de un hospital. V\u00f3mitos, fiebre, dolores abdominales&#8230; Y, al salir del Cl\u00ednico, el hombre se tir\u00f3 un mes y medio de baja. Vaya, que estaba jodido aquel d\u00eda que quedamos. Pero lo que m\u00e1s le molestaba era la tomadura de pelo que estaba viviendo. Despu\u00e9s de aquello, nadie se hac\u00eda responsable de la indemnizaci\u00f3n. La empresa donde compr\u00f3 el producto y la distribuidora se pasaban\u00a0el\u00a0&#8216;marroncito&#8217; y \u00e9l, en medio, como un pasmarote. Son estas cosas que terminan hinch\u00e1ndote. Y no precisamente las venas del cuello. El acto de conciliaci\u00f3n previo no dio resultado. Y eso que rebaj\u00f3 sus peticiones econ\u00f3micas. Quer\u00eda que cont\u00e1ramos su historia. Y as\u00ed lo hicimos. Despu\u00e9s, cada cierto tiempo me llamaba&#8230;Rallo, que todav\u00eda no s\u00e9 cu\u00e1ndo ser\u00e1 el juicio, que ahora me lo han retrasado, que te aviso, que no te preocupes&#8230; Lo t\u00edpico entre quien tiene una historia y el que quiere contarla.\u00a0El t\u00edo no se cans\u00f3 de luchar y llev\u00f3 a la empresa a los tribunales. El tiempo pas\u00f3 y el tel\u00e9fono tambi\u00e9n dej\u00f3 de sonar. Hace un par de meses, un juzgado le daba la raz\u00f3n. Cobrar\u00eda 9.500 euros por todo lo que hab\u00eda sufrido hace cuatro a\u00f1os. El hombre hab\u00eda fallecido. Su lucha, al final, tuvo premio.<\/p>\n<!-- AddThis Advanced Settings generic via filter on the_content --><!-- AddThis Share Buttons generic via filter on the_content -->","protected":false},"excerpt":{"rendered":"<p>Twittear Seguir a @a_rallo Me tom\u00e9 con \u00e9l unas ca\u00f1as un mediod\u00eda de esos de calor valenciano. Ya hace a\u00f1os. No s\u00e9 por qu\u00e9 recuerdo aquello, pero el caso es que todav\u00eda conservo aquella mesa y sillas de madera. Lo del lugar y d\u00f3nde ya me queda muy lejos. Hab\u00eda sido v\u00edctima de una intoxicaci\u00f3n [&hellip;]<!-- AddThis Advanced Settings generic via filter on get_the_excerpt --><!-- AddThis Share Buttons generic via filter on get_the_excerpt --><\/p>\n","protected":false},"author":28,"featured_media":0,"comment_status":"open","ping_status":"closed","sticky":false,"template":"","format":"standard","meta":[],"categories":[2],"tags":[],"_links":{"self":[{"href":"https:\/\/blogs.lasprovincias.es\/togadoyhundido\/wp-json\/wp\/v2\/posts\/47"}],"collection":[{"href":"https:\/\/blogs.lasprovincias.es\/togadoyhundido\/wp-json\/wp\/v2\/posts"}],"about":[{"href":"https:\/\/blogs.lasprovincias.es\/togadoyhundido\/wp-json\/wp\/v2\/types\/post"}],"author":[{"embeddable":true,"href":"https:\/\/blogs.lasprovincias.es\/togadoyhundido\/wp-json\/wp\/v2\/users\/28"}],"replies":[{"embeddable":true,"href":"https:\/\/blogs.lasprovincias.es\/togadoyhundido\/wp-json\/wp\/v2\/comments?post=47"}],"version-history":[{"count":0,"href":"https:\/\/blogs.lasprovincias.es\/togadoyhundido\/wp-json\/wp\/v2\/posts\/47\/revisions"}],"wp:attachment":[{"href":"https:\/\/blogs.lasprovincias.es\/togadoyhundido\/wp-json\/wp\/v2\/media?parent=47"}],"wp:term":[{"taxonomy":"category","embeddable":true,"href":"https:\/\/blogs.lasprovincias.es\/togadoyhundido\/wp-json\/wp\/v2\/categories?post=47"},{"taxonomy":"post_tag","embeddable":true,"href":"https:\/\/blogs.lasprovincias.es\/togadoyhundido\/wp-json\/wp\/v2\/tags?post=47"}],"curies":[{"name":"wp","href":"https:\/\/api.w.org\/{rel}","templated":true}]}}